{"id":844359,"date":"2025-12-04T17:05:19","date_gmt":"2025-12-04T14:05:19","guid":{"rendered":"https:\/\/analyse.optim.biz\/?p=844359"},"modified":"2025-12-04T17:05:19","modified_gmt":"2025-12-04T14:05:19","slug":"los-cambios-que-se-avecinan-no-invitan-al-optimismo","status":"publish","type":"post","link":"https:\/\/analyse.optim.biz\/?p=844359","title":{"rendered":"Los cambios que se avecinan no invitan al optimismo"},"content":{"rendered":"<article>\n<aside class=\"article-aside clearfix\">\n<dl class=\"article-info  muted\">\n<dd class=\"parent-category-name hasTooltip\" title=\"Categor\u00eda de nivel principal o ra\u00edz: \"><span>Columnistas de opini\u00f3n<\/span><\/dd>\n<dd class=\"category-name hasTooltip\" title=\"Categor\u00eda: \"><span>Javier Garc\u00eda Isac<\/span><\/dd>\n<dd class=\"createdby hasTooltip\" title=\"Escrito por \"><span>Javier Garc\u00eda Isac<\/span><span><span><img decoding=\"async\" src=\"https:\/\/analyse.optim.biz\/wp-content\/uploads\/2025\/12\/logo-103.png\" alt=\"logo\" title=\"logo-103\"><\/span><\/span><\/dd>\n<dd class=\"published hasTooltip\" title=\"Publicado: \"><time datetime=\"2021-07-25T12:35:22+02:00\"><br \/>\n\t\t\t\t\t25 Julio 2021          <\/time><\/dd>\n<\/dl>\n<\/aside>\n<header class=\"article-header clearfix\">\n<h1 class=\"article-title\"><a href=\"https:\/\/www.mediterraneodigital.com\/opinion\/columnistas-de-opinion\/javier-garcia-isac\/ley-memoria-democratica\" title=\"Los cambios que se avecinan no invitan al optimismo\"><br \/>\n\t\t\t\tLos cambios que se avecinan no invitan al optimismo<\/a><\/h1>\n<\/header>\n<div class=\"pull-none item-image article-image article-image-full\"><span><img decoding=\"async\" src=\"https:\/\/analyse.optim.biz\/wp-content\/uploads\/2025\/12\/franco-exhumacion-1.jpg\" title=\"franco-exhumacion-1\"><\/span><\/div>\n<section class=\"article-content clearfix\">\n<p><strong><a href=\"https:\/\/t.me\/MediterraneoDGT\" target=\"_blank\" rel=\"noopener\">\u00a1S\u00edguenos en Telegram!<\/a><\/strong><\/p>\n<p><a href=\"https:\/\/fueradelimites.com\/resena\/\"><img decoding=\"async\" id=\"resenas-de-casinos-300x250\" alt=\"resenas-de-casinos\" src=\"https:\/\/analyse.optim.biz\/wp-content\/uploads\/2025\/12\/resenas-de-casinos-300x250-105.png\" width='300\"' height=\"250\" title=\"resenas-de-casinos-300x250-105\"><\/a><\/p>\n<p>No cabe duda de que <strong>Espa\u00f1a<\/strong> es un pa\u00eds de contrastes y contradicciones, un pa\u00eds donde pocas cosas son lo que parecen, donde idealizamos a personajes con pies de barro y donde creamos \u00eddolos ef\u00edmeros que conseguimos olvidar con la misma rapidez con la que llegaron. Llevamos a\u00f1os asistiendo a un revisionismo hist\u00f3rico que no parece conocer l\u00edmites. Empezamos cuestionando la historia de hace 80 a\u00f1os y hemos retrocedido al descubrimiento de <strong>Am\u00e9rica<\/strong> e incluso a la reconquista. Se ponen en duda nuestros episodios m\u00e1s grandiosos y reivindicamos a criminales y asesinos a los que lavamos la cara y los ponemos de ejemplo.<\/p>\n<p>Definitivamente estamos rodeados de gente enferma que no busca justicia, ni tan siquiera ajustar cuentas. Se construyen una historia que mantienen aun a sabiendas de que es falsa, viendo con los ojos y la mentalidad del presente, sucesos pret\u00e9ritos. Saben que obran mal y aun as\u00ed, contin\u00faan con ese proceso de falsificaci\u00f3n hist\u00f3rica. Lavan su pasado de terror odio y crimen, ante la pasividad de aquellos que tienen la obligaci\u00f3n de hacerles frente y no permitir que el mal y la mentira avancen. Se aprovechan de la indigencia intelectual de casi todos, con una doble finalidad, la de enga\u00f1ar a los propios, a los que saben son de voluntad quebradiza y facilona, y a los contrarios, que por cobard\u00eda y miedo acaban aceptando hechos y dichos, conociendo sobradamente que son falsos.<\/p>\n<p><a href=\"https:\/\/www.webapuestas.com\/casas-apuestas?utm_source=300x300&amp;utm_medium=MediterraneoDigital&amp;utm_campaign=CasasdeApuestas\"><img decoding=\"async\" id=\"casas-de-apuestas-webapuestas-300x300\" alt=\"casas-de-apuestas-webapuestas-300x300\" src=\"https:\/\/analyse.optim.biz\/wp-content\/uploads\/2025\/12\/casas-apuestas-webapuestas-103.png\" width='300\"' height=\"300\" title=\"casas-apuestas-webapuestas-103\"><\/a><\/p>\n<p>Los que miraron a otro lado cuando se aprob\u00f3 la <strong>Ley de Memoria Hist\u00f3rica<\/strong> del 2007, la ley de<strong> Jos\u00e9 Luis Rodr\u00edguez Zapatero<\/strong>, el ex presidente, arquitecto e ide\u00f3logo de la <strong>Espa\u00f1a<\/strong> actual, aquel que se re\u00fane a \u201cescondidas\u201d con <strong>Teodoro Garc\u00eda Egea<\/strong>, el campe\u00f3n mundial de lanzamiento de hueso de aceituna y secretario general del <strong>Partido Popular<\/strong>, son igual de responsables que los socialistas, en esta loca aventura de mentir y enga\u00f1ar para fabricar un relato hist\u00f3rico que jam\u00e1s existi\u00f3, excepto en las enfermas mentes de aquellos que la promulgaron. Un relato que a base de repetir, algunos han acabado aceptando como cierto. Un error que pagaran car\u00edsimo, ellos y todos aquellos que avis\u00e1bamos de las nefastas consecuencias que traer\u00eda el dictar nuestra historia y forma de pensar y opinar por decreto.<\/p>\n<p>Los ataques continuos a la monarqu\u00eda, el cuestionamiento a la instituci\u00f3n, el blanqueamiento de organizaciones terroristas y de asesinos y criminales, el cambiar la historia de <strong>Espa\u00f1a<\/strong> para cambiar el pasado de organizaciones pol\u00edticas como <strong>PNV, ERC, PCE<\/strong> o <strong>PSOE<\/strong>, todas ellas siglas manchadas de sangre y terror, tienen como consecuencia que la<strong> anti Espa\u00f1a<\/strong> en general y muy particularmente la izquierda, de por terminado el r\u00e9gimen nacido de la <strong>Constituci\u00f3n del 78<\/strong> y se encuentren en la b\u00fasqueda activa de un nuevo modelo, una vez superado el anterior, cosa que por otro lado seria incluso bueno para nuestro pa\u00eds, si no fuera porque el modelo que proponen, supondr\u00edan una limitaci\u00f3n severa y nunca antes conocida de la libertad individual de las personas, una cercenaci\u00f3n todav\u00eda mayor de la sufrida hasta el momento, y todo ello en nombre de una libertad y una democracia que dejar\u00edan de existir tal y como las conocemos en la actualidad.<\/p>\n<p><a href=\"https:\/\/estacerca.com\/casinos-con-retirada-instantanea\/\"><img decoding=\"async\" id=\"Casinos con retiro inmediato\" alt=\"Casinos con retiro inmediato\" src=\"https:\/\/analyse.optim.biz\/wp-content\/uploads\/2025\/12\/casinos-con-retiro-inmediato-103.png\" width='300\"' height=\"250\" title=\"casinos-con-retiro-inmediato-103\"><\/a><\/p>\n<p>El <strong>Partido Popular<\/strong> se aferra a un modelo que est\u00e1 muerto, y est\u00e1 muerto entre otras cosas por su negligencia. Concedieron toda la superioridad moral a la izquierda y ella es la que dictar\u00e1 cuando esto se termina. Cayeron en la trampa de los consensos y la <strong>Constituci\u00f3n del 78<\/strong>, de los pactos y la aprobaci\u00f3n de leyes que iban mucho m\u00e1s all\u00e1 de lo que los populares imaginaban. Con tal de evitar el debate y la sana confrontaci\u00f3n dial\u00e9ctica, se acobardaron pensando que esto no iba con ellos. Hasta el <strong>Rey em\u00e9rito Juan Carlos I<\/strong>, firm\u00f3 su propia ilegitimaci\u00f3n, al firmar la <strong>Ley de Memoria Hist\u00f3rica<\/strong>. Cuanto antes propongan una nueva alternativa al r\u00e9gimen del 78, en lugar de aferrarse a un cad\u00e1ver, antes subsanar\u00e1n los errores cometidos. Nada puede volver a ser lo que era, entre otras cosas, porque aquellas personalidades que nos pusieron de ejemplo est\u00e1n desprestigiadas y amortizadas. Me temo que no han aprendido la lecci\u00f3n y al igual que en el 2007, pensaran que la nueva <strong>Ley de Memoria Hist\u00f3rica<\/strong>, tampoco va con ellos, hasta que acaben siendo perseguidos e ilegalizados y entonces ser\u00e1 demasiado tarde.<\/p>\n<div id=\"author_infobox\">\n<div class=\"author_infobox_image_profile\"><img decoding=\"async\" src=\"https:\/\/analyse.optim.biz\/wp-content\/uploads\/2025\/12\/garcia-isac-javier-5.jpg\" alt=\"Javier Garc\u00eda Isac\" title=\"garcia-isac-javier-5\"><\/div>\n<div class=\"author_infobox_name\"><span class=\"bold\">Autor:<\/span> Javier Garc\u00eda Isac<span class=\"bold marginleft\">Website:<\/span><a href=\"https:\/\/www.radioya.es\/\" title=\"Website: https:\/\/www.radioya.es\/\">https:\/\/www.radioya.es\/<\/a><\/div>\n<div class=\"author_infobox_socialmedia\"><span class=\"facebook\"><a href=\"https:\/\/www.facebook.com\/profile.php?id=100009659475557\" title=\"Facebook\" target=\"_blank\"><img decoding=\"async\" src=\"https:\/\/analyse.optim.biz\/wp-content\/uploads\/2025\/12\/facebook-5.png\" title=\"facebook-5\"><\/a><\/span><span class=\"twitter\"><a href=\"https:\/\/twitter.com\/Javiergaciaisac\" title=\"Twitter\" target=\"_blank\"><img decoding=\"async\" src=\"https:\/\/analyse.optim.biz\/wp-content\/uploads\/2025\/12\/twitter-50.png\" title=\"twitter-50\"><\/a><\/span><\/div>\n<div class=\"author_infobox_description\">Javier Garc\u00eda Isac (Madrid, 1966) periodista, locutor, empresario y pol\u00edtico espa\u00f1ol.<\/p>\n<p>Licenciado en derecho por la Universidad Complutense de Madrid, es en la actualidad el director de Decisi\u00f3n Radio, d\u00f3nde dirige y presenta diariamente el programa de actualidad pol\u00edtica &#8216;En la boca del lobo&#8217;. Adem\u00e1s es presentador y director de los programas &#8216;Una hora en libertad&#8217;, &#8216;Entre viajes y fogones&#8217;, &#8217;40 a\u00f1os, historia de una \u00e9poca&#8217;, &#8216;Espa\u00f1oles olvidados&#8217;, &#8216;Toros, nuestra historia&#8217; y copresentador junto a Pedro Fern\u00e1ndez Barbadillo de &#8216;Cita con la historia&#8217;, todos ellos emitidos a trav\u00e9s de los micr\u00f3fonos de Decisi\u00f3n Radio. Adem\u00e1s, ha presentado distintos programas de televisi\u00f3n c\u00f3mo el &#8216;El Ring del Diario Ya&#8217; y &#8216;Debates en libertad&#8217;, los dos en Intereconom\u00eda TV. Ha pasado por Cope Madrid y EsRadio Madrid, siendo tambi\u00e9n director de Cadena Ib\u00e9rica y Radio YA.<\/p>\n<p>Articulista en distintos medios de comunicaci\u00f3n como MEDITERR\u00c1NEO DIGITAL, Rambla Libre, El Correo de Madrid o El Mundo Financiero, es asiduo a tertulias televisivas como el programa &#8216;El gato al agua&#8217; de Intereconom\u00eda TV o &#8216;Los Intocables&#8217; de Javier Algarra en Distrito TV.<\/p>\n<p>En 2017 publica su primer libro &#8216;Cita con la historia&#8217;\u200b. de SND Editores que recorre la historia espa\u00f1ola del Siglo XX, con pr\u00f3logo del exministro de Franco Jos\u00e9 Utrera Molina y ep\u00edlogo del periodista Emilio Javier.<\/p>\n<p>En diciembre de 2019, publica junto con el historiador Fernando Paz y \u00c1lvaro Romero &#8216;Franco en el banquillo. La defensa toma la palabra&#8217;. con pr\u00f3logo de Eduardo Garcia Serrano.<\/p>\n<p>Profesionalmente, Javier Garc\u00eda Isac se desempe\u00f1\u00f3 durante m\u00e1s de 20 a\u00f1os como directivo especialista en Facility Management y Buisness Travel, en diferentes empresas de consultor\u00eda como Accenture o Ernst &amp; Young.. \u200bEn la actualidad, es director de relaciones institucionales y responsable de formaci\u00f3n de IBTA.4\u200b<\/p><\/div>\n<\/div>\n<p><br class=\"clear\"><a href=\"https:\/\/clsmining.com\/xml\/index.html#\/\"><img decoding=\"async\" id=\"cls-mining.gif\" alt=\"cls-mining.gif\" src=\"https:\/\/analyse.optim.biz\/wp-content\/uploads\/2025\/12\/cls-mining-95.gif\" width='300\"' height=\"250\" title=\"cls-mining-95\"><\/a><\/section>\n<\/article>\n<p> Source URL: https:\/\/www.mediterraneodigital.com\/opinion\/columnistas-de-opinion\/javier-garcia-isac\/ley-memoria-democratica<\/p>\n","protected":false},"excerpt":{"rendered":"<p>Columnistas de opini\u00f3n Javier Garc\u00eda Isac Javier Garc\u00eda Isac 25 Julio 2021 Los cambios que se avecinan no invitan al optimismo \u00a1S\u00edguenos en Telegram! No cabe duda de que Espa\u00f1a es un pa\u00eds de contrastes y contradicciones, un pa\u00eds donde pocas cosas son lo que parecen, donde idealizamos a personajes con pies de barro y [&hellip;]<\/p>\n","protected":false},"author":1,"featured_media":844360,"comment_status":"open","ping_status":"","sticky":false,"template":"","format":"standard","meta":{"footnotes":""},"categories":[88],"tags":[109],"class_list":["post-844359","post","type-post","status-publish","format-standard","has-post-thumbnail","hentry","category-spain","tag-mediterraneodigital-com"],"_links":{"self":[{"href":"https:\/\/analyse.optim.biz\/index.php?rest_route=\/wp\/v2\/posts\/844359","targetHints":{"allow":["GET"]}}],"collection":[{"href":"https:\/\/analyse.optim.biz\/index.php?rest_route=\/wp\/v2\/posts"}],"about":[{"href":"https:\/\/analyse.optim.biz\/index.php?rest_route=\/wp\/v2\/types\/post"}],"author":[{"embeddable":true,"href":"https:\/\/analyse.optim.biz\/index.php?rest_route=\/wp\/v2\/users\/1"}],"replies":[{"embeddable":true,"href":"https:\/\/analyse.optim.biz\/index.php?rest_route=%2Fwp%2Fv2%2Fcomments&post=844359"}],"version-history":[{"count":0,"href":"https:\/\/analyse.optim.biz\/index.php?rest_route=\/wp\/v2\/posts\/844359\/revisions"}],"wp:featuredmedia":[{"embeddable":true,"href":"https:\/\/analyse.optim.biz\/index.php?rest_route=\/wp\/v2\/media\/844360"}],"wp:attachment":[{"href":"https:\/\/analyse.optim.biz\/index.php?rest_route=%2Fwp%2Fv2%2Fmedia&parent=844359"}],"wp:term":[{"taxonomy":"category","embeddable":true,"href":"https:\/\/analyse.optim.biz\/index.php?rest_route=%2Fwp%2Fv2%2Fcategories&post=844359"},{"taxonomy":"post_tag","embeddable":true,"href":"https:\/\/analyse.optim.biz\/index.php?rest_route=%2Fwp%2Fv2%2Ftags&post=844359"}],"curies":[{"name":"wp","href":"https:\/\/api.w.org\/{rel}","templated":true}]}}