{"id":844348,"date":"2025-12-04T17:04:59","date_gmt":"2025-12-04T14:04:59","guid":{"rendered":"https:\/\/analyse.optim.biz\/?p=844348"},"modified":"2025-12-04T17:04:59","modified_gmt":"2025-12-04T14:04:59","slug":"el-pais-imaginario-que-si-existio","status":"publish","type":"post","link":"https:\/\/analyse.optim.biz\/?p=844348","title":{"rendered":"El pa\u00eds imaginario, que s\u00ed existi\u00f3"},"content":{"rendered":"<article>\n<aside class=\"article-aside clearfix\">\n<dl class=\"article-info  muted\">\n<dd class=\"parent-category-name hasTooltip\" title=\"Categor\u00eda de nivel principal o ra\u00edz: \"><span>Columnistas de opini\u00f3n<\/span><\/dd>\n<dd class=\"category-name hasTooltip\" title=\"Categor\u00eda: \"><span>Javier Garc\u00eda Isac<\/span><\/dd>\n<dd class=\"createdby hasTooltip\" title=\"Escrito por \"><span>Javier Garc\u00eda Isac<\/span><span><span><img decoding=\"async\" src=\"https:\/\/analyse.optim.biz\/wp-content\/uploads\/2025\/12\/logo-102.png\" alt=\"logo\" title=\"logo-102\"><\/span><\/span><\/dd>\n<dd class=\"published hasTooltip\" title=\"Publicado: \"><time datetime=\"2021-09-15T12:28:42+02:00\"><br \/>\n\t\t\t\t\t15 Septiembre 2021          <\/time><\/dd>\n<\/dl>\n<\/aside>\n<header class=\"article-header clearfix\">\n<h1 class=\"article-title\"><a href=\"https:\/\/www.mediterraneodigital.com\/opinion\/columnistas-de-opinion\/javier-garcia-isac\/el-pais-imaginario-que-si-existio\" title=\"El pa\u00eds imaginario, que s\u00ed existi\u00f3\"><br \/>\n\t\t\t\tEl pa\u00eds imaginario, que s\u00ed existi\u00f3<\/a><\/h1>\n<\/header>\n<div class=\"pull-none item-image article-image article-image-full\"><span><img decoding=\"async\" src=\"https:\/\/analyse.optim.biz\/wp-content\/uploads\/2025\/12\/rey-presidentes-1.jpg\" title=\"rey-presidentes-1\"><\/span><\/div>\n<section class=\"article-content clearfix\">\n<p><strong>\u2666\u00a0<a href=\"https:\/\/t.me\/MediterraneoDGT\" target=\"_blank\" rel=\"noopener\">\u00a1S\u00edguenos en Telegram!<\/a><\/strong><\/p>\n<p><a href=\"https:\/\/fueradelimites.com\/resena\/\"><img decoding=\"async\" id=\"resenas-de-casinos-300x250\" alt=\"resenas-de-casinos\" src=\"https:\/\/analyse.optim.biz\/wp-content\/uploads\/2025\/12\/resenas-de-casinos-300x250-104.png\" width='300\"' height=\"250\" title=\"resenas-de-casinos-300x250-104\"><\/a><\/p>\n<p>En una ocasi\u00f3n me contaron cosas, me contaron historias, me hablaron de un pa\u00eds que pens\u00e9 que s\u00f3lo exist\u00eda en los libros de aventuras, en los libros de <strong>Julio Verne<\/strong> o <strong>Emilio Salgari<\/strong>, en las novelas de leyendas.<\/p>\n<p>Se dec\u00eda que una vez existi\u00f3 una naci\u00f3n respetada y respetable, grande, poderosa. Una naci\u00f3n que ni era discutible ni discutida. En ella sus habitantes prosperaban, eran felices, trabajaban y eran solidarios y respetuosos con sus vecinos, independientemente de cu\u00e1l fuera su lugar de nacimiento. Una naci\u00f3n grande, unida, una naci\u00f3n libre.<\/p>\n<p><a href=\"https:\/\/www.webapuestas.com\/casas-apuestas?utm_source=300x300&amp;utm_medium=MediterraneoDigital&amp;utm_campaign=CasasdeApuestas\"><img decoding=\"async\" id=\"casas-de-apuestas-webapuestas-300x300\" alt=\"casas-de-apuestas-webapuestas-300x300\" src=\"https:\/\/analyse.optim.biz\/wp-content\/uploads\/2025\/12\/casas-apuestas-webapuestas-102.png\" width='300\"' height=\"300\" title=\"casas-apuestas-webapuestas-102\"><\/a><\/p>\n<p>La usura era mal vista y la vivienda un bien con el que no se pod\u00eda especular. Exist\u00eda la cultura del esfuerzo y la recompensa, exist\u00eda una clase media mayoritaria que daba consistencia y estabilidad al pa\u00eds, una clase media que era la columna vertebral de la sociedad. Exist\u00eda conciencia de lo que se era y se deseaba. Con una ley igual para todos sin discriminaciones, ni por edad, ni sexo, ni afiliaci\u00f3n pol\u00edtica y muchos menos, por lugar de residencia. Una ley justa, aplicada por personas justas, donde el delincuente estaba en la c\u00e1rcel, donde el asesino cumpl\u00eda sus penas, donde la familia era respetada y ayudada, donde los heterosexuales no eran perseguidos, donde no te aconsejaban lo que ten\u00edas que fumar, lo que ten\u00edas que beber o con qui\u00e9n te deber\u00edas acostar. Donde la libertad individual se ten\u00eda en cuenta muy por encima de otras consideraciones, si esto no afectaba al conjunto de todos. Donde no era necesario inventar la historia para adoctrinar a las generaciones venideras, donde las pensiones no estaban en peligro, donde nadie jugaba con el dinero de los dem\u00e1s, donde los banqueros no robaban ni enga\u00f1aban con el consentimiento de la clase dirigente. Donde no te cobraban por conducir, por aparcar, por abrir un negocio; donde se confund\u00edan trabajadores y empresarios, ediles y ciudadanos. En definitiva, un pa\u00eds con futuro, con pasado y con ilusi\u00f3n.<\/p>\n<p>Entonces, llegaron ellos y una neblina oscura y densa lo cubri\u00f3 todo. Nos hablaron de constituci\u00f3n, de hechos diferenciales, de comunidades aut\u00f3nomas, de <strong>Europa<\/strong>, de burocracia, de guerras en pa\u00edses lejanos, de cultura y religiones que nos odiaban y que por el contrario deber\u00edamos permitir su expansi\u00f3n en nuestra naci\u00f3n. Nos dijeron que ser\u00edamos libres por votar cada cuatro a\u00f1os como borregos. Duplicaron instituciones, leyes, normas, nos instalaron en la cultura del pelotazo, del dinero f\u00e1cil, en la cultura de la corrupci\u00f3n, en el hecho diferencial. Inventaron historias y sucesos que jam\u00e1s existieron. Adoctrinaron, no educaron, dieron categor\u00eda de idiomas a dialectos, incluso, pusieron traductores en el senado para poder entendernos en nuestra propia naci\u00f3n. Degradamos nuestra lengua, nos degradamos a nosotros mismos. Se pusieron calles y estadios del f\u00fatbol a asesinos y genocidas, nombres de rameras a parques, se homenajeaba a criminales, los h\u00e9roes de nuestra historia fueron borrados y su lugar fue ocupado por mediocres e insignificantes sujetos. Cay\u00f3 la noche m\u00e1s oscura, se liber\u00f3 a los delincuentes, se crearon m\u00faltiples gobiernos, se gastaron nuestro dinero, nos hicieron m\u00e1s pobres, m\u00e1s ruines, m\u00e1s cobardes. Medios de comunicaci\u00f3n al servicio de lo pol\u00edticamente correcto, al servicio del poder y la corrupci\u00f3n. Construyeron nuestra particular torre de <strong>Babel<\/strong>.<\/p>\n<p><a href=\"https:\/\/estacerca.com\/casinos-con-retirada-instantanea\/\"><img decoding=\"async\" id=\"Casinos con retiro inmediato\" alt=\"Casinos con retiro inmediato\" src=\"https:\/\/analyse.optim.biz\/wp-content\/uploads\/2025\/12\/casinos-con-retiro-inmediato-102.png\" width='300\"' height=\"250\" title=\"casinos-con-retiro-inmediato-102\"><\/a><\/p>\n<p>Ellos, los vividores. Ellos, los que vinieron. Ellos, los golfos, los mangantes y ladrones. Ellos, lo que todo lo corrompieron, que todo lo pudrieron. Ellos, los mentirosos e ignorantes.<\/p>\n<p>El pa\u00eds era <strong>Espa\u00f1a<\/strong> y ellos, los que vinieron, los pol\u00edticos.<\/p>\n<p><a href=\"https:\/\/clsmining.com\/xml\/index.html#\/\"><img decoding=\"async\" id=\"cls-mining.gif\" alt=\"cls-mining.gif\" src=\"https:\/\/analyse.optim.biz\/wp-content\/uploads\/2025\/12\/cls-mining-94.gif\" width='300\"' height=\"250\" title=\"cls-mining-94\"><\/a><\/p>\n<div id=\"author_infobox\">\n<div class=\"author_infobox_image_profile\"><img decoding=\"async\" src=\"https:\/\/analyse.optim.biz\/wp-content\/uploads\/2025\/12\/garcia-isac-javier-4.jpg\" alt=\"Javier Garc\u00eda Isac\" title=\"garcia-isac-javier-4\"><\/div>\n<div class=\"author_infobox_name\"><span class=\"bold\">Autor:<\/span> Javier Garc\u00eda Isac<span class=\"bold marginleft\">Website:<\/span><a href=\"https:\/\/www.radioya.es\/\" title=\"Website: https:\/\/www.radioya.es\/\">https:\/\/www.radioya.es\/<\/a><\/div>\n<div class=\"author_infobox_socialmedia\"><span class=\"facebook\"><a href=\"https:\/\/www.facebook.com\/profile.php?id=100009659475557\" title=\"Facebook\" target=\"_blank\"><img decoding=\"async\" src=\"https:\/\/analyse.optim.biz\/wp-content\/uploads\/2025\/12\/facebook-4.png\" title=\"facebook-4\"><\/a><\/span><span class=\"twitter\"><a href=\"https:\/\/twitter.com\/Javiergaciaisac\" title=\"Twitter\" target=\"_blank\"><img decoding=\"async\" src=\"https:\/\/analyse.optim.biz\/wp-content\/uploads\/2025\/12\/twitter-49.png\" title=\"twitter-49\"><\/a><\/span><\/div>\n<div class=\"author_infobox_description\">Javier Garc\u00eda Isac (Madrid, 1966) periodista, locutor, empresario y pol\u00edtico espa\u00f1ol.<\/p>\n<p>Licenciado en derecho por la Universidad Complutense de Madrid, es en la actualidad el director de Decisi\u00f3n Radio, d\u00f3nde dirige y presenta diariamente el programa de actualidad pol\u00edtica &#8216;En la boca del lobo&#8217;. Adem\u00e1s es presentador y director de los programas &#8216;Una hora en libertad&#8217;, &#8216;Entre viajes y fogones&#8217;, &#8217;40 a\u00f1os, historia de una \u00e9poca&#8217;, &#8216;Espa\u00f1oles olvidados&#8217;, &#8216;Toros, nuestra historia&#8217; y copresentador junto a Pedro Fern\u00e1ndez Barbadillo de &#8216;Cita con la historia&#8217;, todos ellos emitidos a trav\u00e9s de los micr\u00f3fonos de Decisi\u00f3n Radio. Adem\u00e1s, ha presentado distintos programas de televisi\u00f3n c\u00f3mo el &#8216;El Ring del Diario Ya&#8217; y &#8216;Debates en libertad&#8217;, los dos en Intereconom\u00eda TV. Ha pasado por Cope Madrid y EsRadio Madrid, siendo tambi\u00e9n director de Cadena Ib\u00e9rica y Radio YA.<\/p>\n<p>Articulista en distintos medios de comunicaci\u00f3n como MEDITERR\u00c1NEO DIGITAL, Rambla Libre, El Correo de Madrid o El Mundo Financiero, es asiduo a tertulias televisivas como el programa &#8216;El gato al agua&#8217; de Intereconom\u00eda TV o &#8216;Los Intocables&#8217; de Javier Algarra en Distrito TV.<\/p>\n<p>En 2017 publica su primer libro &#8216;Cita con la historia&#8217;\u200b. de SND Editores que recorre la historia espa\u00f1ola del Siglo XX, con pr\u00f3logo del exministro de Franco Jos\u00e9 Utrera Molina y ep\u00edlogo del periodista Emilio Javier.<\/p>\n<p>En diciembre de 2019, publica junto con el historiador Fernando Paz y \u00c1lvaro Romero &#8216;Franco en el banquillo. La defensa toma la palabra&#8217;. con pr\u00f3logo de Eduardo Garcia Serrano.<\/p>\n<p>Profesionalmente, Javier Garc\u00eda Isac se desempe\u00f1\u00f3 durante m\u00e1s de 20 a\u00f1os como directivo especialista en Facility Management y Buisness Travel, en diferentes empresas de consultor\u00eda como Accenture o Ernst &amp; Young.. \u200bEn la actualidad, es director de relaciones institucionales y responsable de formaci\u00f3n de IBTA.4\u200b<\/p><\/div>\n<\/div>\n<p><br class=\"clear\"><\/section>\n<\/article>\n<p> Source URL: https:\/\/www.mediterraneodigital.com\/opinion\/columnistas-de-opinion\/javier-garcia-isac\/el-pais-imaginario-que-si-existio<\/p>\n","protected":false},"excerpt":{"rendered":"<p>Columnistas de opini\u00f3n Javier Garc\u00eda Isac Javier Garc\u00eda Isac 15 Septiembre 2021 El pa\u00eds imaginario, que s\u00ed existi\u00f3 \u2666\u00a0\u00a1S\u00edguenos en Telegram! En una ocasi\u00f3n me contaron cosas, me contaron historias, me hablaron de un pa\u00eds que pens\u00e9 que s\u00f3lo exist\u00eda en los libros de aventuras, en los libros de Julio Verne o Emilio Salgari, en [&hellip;]<\/p>\n","protected":false},"author":1,"featured_media":844349,"comment_status":"open","ping_status":"","sticky":false,"template":"","format":"standard","meta":{"footnotes":""},"categories":[88],"tags":[109],"class_list":["post-844348","post","type-post","status-publish","format-standard","has-post-thumbnail","hentry","category-spain","tag-mediterraneodigital-com"],"_links":{"self":[{"href":"https:\/\/analyse.optim.biz\/index.php?rest_route=\/wp\/v2\/posts\/844348","targetHints":{"allow":["GET"]}}],"collection":[{"href":"https:\/\/analyse.optim.biz\/index.php?rest_route=\/wp\/v2\/posts"}],"about":[{"href":"https:\/\/analyse.optim.biz\/index.php?rest_route=\/wp\/v2\/types\/post"}],"author":[{"embeddable":true,"href":"https:\/\/analyse.optim.biz\/index.php?rest_route=\/wp\/v2\/users\/1"}],"replies":[{"embeddable":true,"href":"https:\/\/analyse.optim.biz\/index.php?rest_route=%2Fwp%2Fv2%2Fcomments&post=844348"}],"version-history":[{"count":0,"href":"https:\/\/analyse.optim.biz\/index.php?rest_route=\/wp\/v2\/posts\/844348\/revisions"}],"wp:featuredmedia":[{"embeddable":true,"href":"https:\/\/analyse.optim.biz\/index.php?rest_route=\/wp\/v2\/media\/844349"}],"wp:attachment":[{"href":"https:\/\/analyse.optim.biz\/index.php?rest_route=%2Fwp%2Fv2%2Fmedia&parent=844348"}],"wp:term":[{"taxonomy":"category","embeddable":true,"href":"https:\/\/analyse.optim.biz\/index.php?rest_route=%2Fwp%2Fv2%2Fcategories&post=844348"},{"taxonomy":"post_tag","embeddable":true,"href":"https:\/\/analyse.optim.biz\/index.php?rest_route=%2Fwp%2Fv2%2Ftags&post=844348"}],"curies":[{"name":"wp","href":"https:\/\/api.w.org\/{rel}","templated":true}]}}