{"id":844338,"date":"2025-12-04T17:04:42","date_gmt":"2025-12-04T14:04:42","guid":{"rendered":"https:\/\/analyse.optim.biz\/?p=844338"},"modified":"2025-12-04T17:04:42","modified_gmt":"2025-12-04T14:04:42","slug":"radio-ya-cinco-anos-con-vocacion-de-ser-libres","status":"publish","type":"post","link":"https:\/\/analyse.optim.biz\/?p=844338","title":{"rendered":"Radio Ya, cinco a\u00f1os con vocaci\u00f3n de ser libres"},"content":{"rendered":"<article>\n<aside class=\"article-aside clearfix\">\n<dl class=\"article-info  muted\">\n<dd class=\"parent-category-name hasTooltip\" title=\"Categor\u00eda de nivel principal o ra\u00edz: \"><span>Columnistas de opini\u00f3n<\/span><\/dd>\n<dd class=\"category-name hasTooltip\" title=\"Categor\u00eda: \"><span>Javier Garc\u00eda Isac<\/span><\/dd>\n<dd class=\"createdby hasTooltip\" title=\"Escrito por \"><span>Javier Garc\u00eda Isac<\/span><span><span><img decoding=\"async\" src=\"https:\/\/analyse.optim.biz\/wp-content\/uploads\/2025\/12\/logo-101.png\" alt=\"logo\" title=\"logo-101\"><\/span><\/span><\/dd>\n<dd class=\"published hasTooltip\" title=\"Publicado: \"><time datetime=\"2021-10-18T18:20:13+02:00\"><br \/>\n\t\t\t\t\t18 Octubre 2021          <\/time><\/dd>\n<\/dl>\n<\/aside>\n<header class=\"article-header clearfix\">\n<h1 class=\"article-title\"><a href=\"https:\/\/www.mediterraneodigital.com\/opinion\/columnistas-de-opinion\/javier-garcia-isac\/javier-garcia-isac-radio-ya\" title=\"Radio Ya, cinco a\u00f1os con vocaci\u00f3n de ser libres\"><br \/>\n\t\t\t\tRadio Ya, cinco a\u00f1os con vocaci\u00f3n de ser libres<\/a><\/h1>\n<\/header>\n<div class=\"pull-none item-image article-image article-image-full\"><span><img decoding=\"async\" src=\"https:\/\/analyse.optim.biz\/wp-content\/uploads\/2025\/12\/javier-garcia-isac-1.jpg\" title=\"javier-garcia-isac-1\"><\/span><\/div>\n<section class=\"article-content clearfix\">\n<p><span>\u2665\u00a0<\/span><strong><a href=\"https:\/\/t.me\/MediterraneoDGT\" target=\"_blank\" rel=\"noopener\">S\u00cdGUENOS EN TELEGRAM<\/a><\/strong><\/p>\n<p><a href=\"https:\/\/fueradelimites.com\/resena\/\"><img decoding=\"async\" id=\"resenas-de-casinos-300x250\" alt=\"resenas-de-casinos\" src=\"https:\/\/analyse.optim.biz\/wp-content\/uploads\/2025\/12\/resenas-de-casinos-300x250-103.png\" width='300\"' height=\"250\" title=\"resenas-de-casinos-300x250-103\"><\/a><\/p>\n<p>No ser\u00e9 yo quien le diga a nadie lo que debe hacer, leer o escuchar, no ser\u00e9 yo quien intente convencer de lo correcto, a los ya convencidos y fanatizados. La mayor\u00eda de las personas tienen ya un esquema definido, y en muchas ocasiones, una idea pre concebida de lo que es la verdad y la realidad, que por mucho que les hagas ver que lo que opina no es siempre lo correcto y que vive instalado en la mentira y que se encuentra sumamente equivocado, no hace caso, bien por ignorancia, bien por conveniencia o bien por inter\u00e9s. Puedo llegar a comprender, puedo a llegar a entender que por propia supervivencia, uno se crea lo que interese creerse. En m\u00e1s ocasiones de las deseadas, buscamos \u201cla paz interna\u201d, evitar el conflicto con nosotros mismos, y es m\u00e1s c\u00f3modo aceptar lo que siempre hemos dado por bueno, a sabiendas de que la \u201cversi\u00f3n\u201d en la que confiamos y creemos ciegamente, tiene dudas razonables y grietas que la hacen poco consistente e incluso poco cre\u00edbles, antes de aceptar que estamos equivocados.<\/p>\n<p>A las personas nos cuesta en exceso reconocer el error. Solo as\u00ed se entiende que aceptemos una versi\u00f3n de la historia m\u00e1s reciente de <strong>Espa\u00f1a<\/strong> que no se sostiene, con \u201cmantras\u201d y \u201cdogmas\u201d, que a nada que uno sea un poco curioso, comprende que vive en la mentira, pero que callamos por miedo a ser estigmatizados o apartados, que callamos porque es m\u00e1s c\u00f3modo no llamar la atenci\u00f3n y seguir la corriente a lo que pensamos que es la mayor\u00eda. Luego, en la intimidad de la amistad, la familia o los c\u00edrculos de confianza, comprendemos que no estamos solos y que era posible haberse \u201crebelado\u201d contra la imposici\u00f3n de una corriente oficial que acaba por normalizar la mentira, el enga\u00f1o e incluso la aberraci\u00f3n.<\/p>\n<p><a href=\"https:\/\/www.webapuestas.com\/casas-apuestas?utm_source=300x300&amp;utm_medium=MediterraneoDigital&amp;utm_campaign=CasasdeApuestas\"><img decoding=\"async\" id=\"casas-de-apuestas-webapuestas-300x300\" alt=\"casas-de-apuestas-webapuestas-300x300\" src=\"https:\/\/analyse.optim.biz\/wp-content\/uploads\/2025\/12\/casas-apuestas-webapuestas-101.png\" width='300\"' height=\"300\" title=\"casas-apuestas-webapuestas-101\"><\/a><\/p>\n<p><strong>RadioYa<\/strong> naci\u00f3 hace casi cinco a\u00f1os con vocaci\u00f3n de ser libres, de debernos exclusivamente a la verdad, por muy inc\u00f3moda o molesta que esta pudiera ser. Sin favores debidos ni peajes que pagar. Una radio que diera cabida a distintas sensibilidades, con la seguridad y la confianza de que existe vida m\u00e1s all\u00e1 del pensamiento \u00fanico. Un medio de comunicaci\u00f3n, que no necesariamente ten\u00eda porque estar de acuerdo con todos los invitados o amigos que pasan a diario por sus micr\u00f3fonos, pero un medio con principios y valores irrenunciables. Despu\u00e9s de este tiempo, con nuestros defectos e imperfecciones, creo que hemos logrado el objetivo que nos hab\u00edamos planteado con nuestro nacimiento. Ahora ha llegado el momento de seguir creciendo, el momento de avanzar, el momento de pensar que el esfuerzo realizado se puede ver recompensado. Nunca cre\u00edmos que <strong>RadioYa<\/strong> fuera un fin, m\u00e1s bien un medio para dar la batalla cultural, la batalla ideol\u00f3gica que otros que ten\u00edan la obligaci\u00f3n de haberlo hecho, no quisieron o no pudieron, o simplemente pensaba que esto no iba con ellos.<\/p>\n<p><strong>RadioYa<\/strong> se hace m\u00e1s grande, sin perder su esencia ni los principios que motivaron su fundaci\u00f3n. <strong>RadioYa<\/strong> se transforma porque piensa que es la mejor manera de seguir prestando un servicio a todos aquellos que han dejado de estar hu\u00e9rfanos, a todos aquellos que por fin encontraron una forma distinta de entretenimiento, de informarse libremente. Sin imposiciones ni obligaciones. Simplemente haci\u00e9ndoles pensar, reflexionar y decidir por uno mismo. El equipo contin\u00faa y las ilusiones est\u00e1n intactas, renovadas y con ganas de llegar a m\u00e1s gente. Me encantar\u00eda poder contar con todos los fieles de a esta emisora en esta nueva andadura que comienza. Por la<strong> Unidad de Espa\u00f1a<\/strong>, por la defensa de los valores cristianos y por la defensa de la vida. <strong>RadioYa<\/strong> ser\u00e1 ahora<strong> \u201cDecisi\u00f3n Radio\u201d<\/strong>, porque tu YA has decidido.<\/p>\n<p><a href=\"https:\/\/estacerca.com\/casinos-con-retirada-instantanea\/\"><img decoding=\"async\" id=\"Casinos con retiro inmediato\" alt=\"Casinos con retiro inmediato\" src=\"https:\/\/analyse.optim.biz\/wp-content\/uploads\/2025\/12\/casinos-con-retiro-inmediato-101.png\" width='300\"' height=\"250\" title=\"casinos-con-retiro-inmediato-101\"><\/a><\/p>\n<div id=\"author_infobox\">\n<div class=\"author_infobox_image_profile\"><img decoding=\"async\" src=\"https:\/\/analyse.optim.biz\/wp-content\/uploads\/2025\/12\/garcia-isac-javier-3.jpg\" alt=\"Javier Garc\u00eda Isac\" title=\"garcia-isac-javier-3\"><\/div>\n<div class=\"author_infobox_name\"><span class=\"bold\">Autor:<\/span> Javier Garc\u00eda Isac<span class=\"bold marginleft\">Website:<\/span><a href=\"https:\/\/www.radioya.es\/\" title=\"Website: https:\/\/www.radioya.es\/\">https:\/\/www.radioya.es\/<\/a><\/div>\n<div class=\"author_infobox_socialmedia\"><span class=\"facebook\"><a href=\"https:\/\/www.facebook.com\/profile.php?id=100009659475557\" title=\"Facebook\" target=\"_blank\"><img decoding=\"async\" src=\"https:\/\/analyse.optim.biz\/wp-content\/uploads\/2025\/12\/facebook-3.png\" title=\"facebook-3\"><\/a><\/span><span class=\"twitter\"><a href=\"https:\/\/twitter.com\/Javiergaciaisac\" title=\"Twitter\" target=\"_blank\"><img decoding=\"async\" src=\"https:\/\/analyse.optim.biz\/wp-content\/uploads\/2025\/12\/twitter-48.png\" title=\"twitter-48\"><\/a><\/span><\/div>\n<div class=\"author_infobox_description\">Javier Garc\u00eda Isac (Madrid, 1966) periodista, locutor, empresario y pol\u00edtico espa\u00f1ol.<\/p>\n<p>Licenciado en derecho por la Universidad Complutense de Madrid, es en la actualidad el director de Decisi\u00f3n Radio, d\u00f3nde dirige y presenta diariamente el programa de actualidad pol\u00edtica &#8216;En la boca del lobo&#8217;. Adem\u00e1s es presentador y director de los programas &#8216;Una hora en libertad&#8217;, &#8216;Entre viajes y fogones&#8217;, &#8217;40 a\u00f1os, historia de una \u00e9poca&#8217;, &#8216;Espa\u00f1oles olvidados&#8217;, &#8216;Toros, nuestra historia&#8217; y copresentador junto a Pedro Fern\u00e1ndez Barbadillo de &#8216;Cita con la historia&#8217;, todos ellos emitidos a trav\u00e9s de los micr\u00f3fonos de Decisi\u00f3n Radio. Adem\u00e1s, ha presentado distintos programas de televisi\u00f3n c\u00f3mo el &#8216;El Ring del Diario Ya&#8217; y &#8216;Debates en libertad&#8217;, los dos en Intereconom\u00eda TV. Ha pasado por Cope Madrid y EsRadio Madrid, siendo tambi\u00e9n director de Cadena Ib\u00e9rica y Radio YA.<\/p>\n<p>Articulista en distintos medios de comunicaci\u00f3n como MEDITERR\u00c1NEO DIGITAL, Rambla Libre, El Correo de Madrid o El Mundo Financiero, es asiduo a tertulias televisivas como el programa &#8216;El gato al agua&#8217; de Intereconom\u00eda TV o &#8216;Los Intocables&#8217; de Javier Algarra en Distrito TV.<\/p>\n<p>En 2017 publica su primer libro &#8216;Cita con la historia&#8217;\u200b. de SND Editores que recorre la historia espa\u00f1ola del Siglo XX, con pr\u00f3logo del exministro de Franco Jos\u00e9 Utrera Molina y ep\u00edlogo del periodista Emilio Javier.<\/p>\n<p>En diciembre de 2019, publica junto con el historiador Fernando Paz y \u00c1lvaro Romero &#8216;Franco en el banquillo. La defensa toma la palabra&#8217;. con pr\u00f3logo de Eduardo Garcia Serrano.<\/p>\n<p>Profesionalmente, Javier Garc\u00eda Isac se desempe\u00f1\u00f3 durante m\u00e1s de 20 a\u00f1os como directivo especialista en Facility Management y Buisness Travel, en diferentes empresas de consultor\u00eda como Accenture o Ernst &amp; Young.. \u200bEn la actualidad, es director de relaciones institucionales y responsable de formaci\u00f3n de IBTA.4\u200b<\/p><\/div>\n<\/div>\n<p><br class=\"clear\"><\/section>\n<\/article>\n<p> Source URL: https:\/\/www.mediterraneodigital.com\/opinion\/columnistas-de-opinion\/javier-garcia-isac\/javier-garcia-isac-radio-ya<\/p>\n","protected":false},"excerpt":{"rendered":"<p>Columnistas de opini\u00f3n Javier Garc\u00eda Isac Javier Garc\u00eda Isac 18 Octubre 2021 Radio Ya, cinco a\u00f1os con vocaci\u00f3n de ser libres \u2665\u00a0S\u00cdGUENOS EN TELEGRAM No ser\u00e9 yo quien le diga a nadie lo que debe hacer, leer o escuchar, no ser\u00e9 yo quien intente convencer de lo correcto, a los ya convencidos y fanatizados. La [&hellip;]<\/p>\n","protected":false},"author":1,"featured_media":844339,"comment_status":"open","ping_status":"","sticky":false,"template":"","format":"standard","meta":{"footnotes":""},"categories":[88],"tags":[109],"class_list":["post-844338","post","type-post","status-publish","format-standard","has-post-thumbnail","hentry","category-spain","tag-mediterraneodigital-com"],"_links":{"self":[{"href":"https:\/\/analyse.optim.biz\/index.php?rest_route=\/wp\/v2\/posts\/844338","targetHints":{"allow":["GET"]}}],"collection":[{"href":"https:\/\/analyse.optim.biz\/index.php?rest_route=\/wp\/v2\/posts"}],"about":[{"href":"https:\/\/analyse.optim.biz\/index.php?rest_route=\/wp\/v2\/types\/post"}],"author":[{"embeddable":true,"href":"https:\/\/analyse.optim.biz\/index.php?rest_route=\/wp\/v2\/users\/1"}],"replies":[{"embeddable":true,"href":"https:\/\/analyse.optim.biz\/index.php?rest_route=%2Fwp%2Fv2%2Fcomments&post=844338"}],"version-history":[{"count":0,"href":"https:\/\/analyse.optim.biz\/index.php?rest_route=\/wp\/v2\/posts\/844338\/revisions"}],"wp:featuredmedia":[{"embeddable":true,"href":"https:\/\/analyse.optim.biz\/index.php?rest_route=\/wp\/v2\/media\/844339"}],"wp:attachment":[{"href":"https:\/\/analyse.optim.biz\/index.php?rest_route=%2Fwp%2Fv2%2Fmedia&parent=844338"}],"wp:term":[{"taxonomy":"category","embeddable":true,"href":"https:\/\/analyse.optim.biz\/index.php?rest_route=%2Fwp%2Fv2%2Fcategories&post=844338"},{"taxonomy":"post_tag","embeddable":true,"href":"https:\/\/analyse.optim.biz\/index.php?rest_route=%2Fwp%2Fv2%2Ftags&post=844338"}],"curies":[{"name":"wp","href":"https:\/\/api.w.org\/{rel}","templated":true}]}}