{"id":843265,"date":"2025-12-04T16:10:27","date_gmt":"2025-12-04T13:10:27","guid":{"rendered":"https:\/\/analyse.optim.biz\/?p=843265"},"modified":"2025-12-04T16:10:27","modified_gmt":"2025-12-04T13:10:27","slug":"algo-hicimos-mal-en-1978","status":"publish","type":"post","link":"https:\/\/analyse.optim.biz\/?p=843265","title":{"rendered":"Algo hicimos mal en 1978"},"content":{"rendered":"<article>\n<aside class=\"article-aside clearfix\">\n<dl class=\"article-info  muted\">\n<dd class=\"parent-category-name hasTooltip\" title=\"Categor\u00eda de nivel principal o ra\u00edz: \"><span>Columnistas de opini\u00f3n<\/span><\/dd>\n<dd class=\"category-name hasTooltip\" title=\"Categor\u00eda: \"><span>Javier Garc\u00eda Isac<\/span><\/dd>\n<dd class=\"createdby hasTooltip\" title=\"Escrito por \"><span>Javier Garc\u00eda Isac<\/span><span><span><img decoding=\"async\" src=\"https:\/\/analyse.optim.biz\/wp-content\/uploads\/2025\/12\/logo-100.png\" alt=\"logo\" title=\"logo-100\"><\/span><\/span><\/dd>\n<dd class=\"published hasTooltip\" title=\"Publicado: \"><time datetime=\"2022-02-12T12:42:28+01:00\"><br \/>\n\t\t\t\t\t12 Febrero 2022          <\/time><\/dd>\n<\/dl>\n<\/aside>\n<header class=\"article-header clearfix\">\n<h1 class=\"article-title\"><a href=\"https:\/\/www.mediterraneodigital.com\/opinion\/columnistas-de-opinion\/javier-garcia-isac\/constitucion-1978\" title=\"Algo hicimos mal en 1978\"><br \/>\n\t\t\t\tAlgo hicimos mal en 1978<\/a><\/h1>\n<\/header>\n<div class=\"pull-none item-image article-image article-image-full\"><span><img decoding=\"async\" src=\"https:\/\/analyse.optim.biz\/wp-content\/uploads\/2025\/12\/constitucion-1.jpg\" title=\"constitucion-1\"><\/span><\/div>\n<section class=\"article-content clearfix\">\n<p>Se conmemoran los cuarenta y tres a\u00f1os de la actual <strong>Constituci\u00f3n espa\u00f1ola<\/strong> y no escucho una m\u00ednima cr\u00edtica, un leve cometario de que algo se hizo mal, de que en algo nos equivocamos. Solo oigo palabras grandilocuentes y pomposos titulares vac\u00edos de contenidos, huecos y con un manto que solo acepta una visi\u00f3n id\u00edlica de los m\u00e1s de cuarenta a\u00f1os transcurridos desde entonces. Todo sustentando en medias verdades y exageraciones que no soportan un m\u00ednimo rigor hist\u00f3rico.<\/p>\n<p><a href=\"https:\/\/fueradelimites.com\/resena\/\"><img decoding=\"async\" id=\"resenas-de-casinos-300x250\" alt=\"resenas-de-casinos\" src=\"https:\/\/analyse.optim.biz\/wp-content\/uploads\/2025\/12\/resenas-de-casinos-300x250-102.png\" width='300\"' height=\"250\" title=\"resenas-de-casinos-300x250-102\"><\/a><\/p>\n<p>Se nos habla de la mayor etapa de desarrollo econ\u00f3mico nunca antes conocido en <strong>Espa\u00f1a<\/strong>, la mayor bonanza econ\u00f3mica de nuestra historia. Se equiparan los avances tecnol\u00f3gicos y las comodidades propias del siglo XXI, como logros conseguidos por la <strong>Constituci\u00f3n<\/strong> del 1978. El mayor crecimiento de nuestra historia m\u00e1s reciente, se produjeron precisamente en los cuarenta a\u00f1os anteriores al 78, y las comodidades y avances de los que ahora disfrutamos, es fruto del progreso, no de ninguna constituci\u00f3n ni modelo pol\u00edtico. Que las carreteras de ahora, que los veh\u00edculos o incluso la medicina es mejor ahora que la de hace cincuenta a\u00f1os, es una obviedad, pero aqu\u00ed, en <strong>Uganda<\/strong> o en los <strong>Estados Unidos de Norteam\u00e9rica.<\/strong><\/p>\n<p>Transcurridos cuarenta y tres a\u00f1os, es hora de hacer balance, de reflexionar de manera sosegada y sin apasionamientos, de reflexionar de manera seria y rigurosa. Despu\u00e9s de lo que sabemos, despu\u00e9s de lo visto y conocido, y sobre todo, despu\u00e9s de la puesta en pr\u00e1ctica de esta <strong>Constituci\u00f3n<\/strong> y de ver donde estamos ahora, es el momento de replantearnos si efectivamente la constituci\u00f3n ha servido para algo, o m\u00e1s bien nos ha sumido en la grave crisis institucional y moral donde actualmente nos encontramos, donde actualmente estamos inmersos.<\/p>\n<p><a href=\"https:\/\/www.webapuestas.com\/casas-apuestas?utm_source=300x300&amp;utm_medium=MediterraneoDigital&amp;utm_campaign=CasasdeApuestas\"><img decoding=\"async\" id=\"casas-de-apuestas-webapuestas-300x300\" alt=\"casas-de-apuestas-webapuestas-300x300\" src=\"https:\/\/analyse.optim.biz\/wp-content\/uploads\/2025\/12\/casas-apuestas-webapuestas-100.png\" width='300\"' height=\"300\" title=\"casas-apuestas-webapuestas-100\"><\/a><\/p>\n<p>Esta <strong>Constituci\u00f3n<\/strong>, su aplicaci\u00f3n y la lectura que de ella se hace de forma sistem\u00e1tica, se ha manifestado incapaz de hacer frente a los retos a los que ahora mismo <strong>Espa\u00f1a<\/strong> se enfrenta. El modelo auton\u00f3mico que en ella se reconoce es la principal amenaza que se cierne sobre nuestro pa\u00eds. No se puede ir en contra del modelo auton\u00f3mico y defender esta <strong>Constituci\u00f3n<\/strong>, que precisamente es la culpable de que ahora <strong>Espa\u00f1a<\/strong> est\u00e9 m\u00e1s cuestionada que nunca. La <strong>Constituci\u00f3n<\/strong> tampoco ha sabido cohesionar al pueblo espa\u00f1ol, m\u00e1s bien nos ha dividido en castas, con espa\u00f1oles de primera, segunda y tercera categor\u00eda, dependiendo de donde nazcas, vivas o mueras. Y tampoco ha sabido dar soluci\u00f3n a las desigualdades sociales, cada vez m\u00e1s notables entre los espa\u00f1oles. El descredito de las instituciones, el corrupto modelo auton\u00f3mico espa\u00f1ol, las altas cifras de paro de nuestro pa\u00eds, que triplican a esos que llaman nuestro entorno m\u00e1s cercano, nuestra err\u00e1tica pol\u00edtica exterior, nos conducen a cuestionar de forma sistem\u00e1tica a la propia <strong>Espa\u00f1a<\/strong>. La evoluci\u00f3n l\u00f3gica del modelo territorial actual, es la disoluci\u00f3n de <strong>Espa\u00f1a<\/strong> en un pa\u00eds plurinacional.\u00a0<\/p>\n<p>No podemos estar orgullosos del balance de estos mas de cuarenta a\u00f1os, no podemos sacar pecho de lo sucedido. Debemos hacer autocritica y ponernos cuanto antes a revertir una situaci\u00f3n que parece inevitable. No es momento de presumir del desastre que nos ha tra\u00eddo hasta aqu\u00ed. No dudo de la buena fe de aquellos que nos vendieron las bondades de una <strong>Constituci\u00f3n<\/strong> que iba a ser la panacea, la soluci\u00f3n a todos nuestros males, pero que ahora se manifiesta como el mayor de los obst\u00e1culos para avanzar y para fortalecer a la naci\u00f3n espa\u00f1ola. Esta <strong>Constituci\u00f3n<\/strong> nos debilita como naci\u00f3n y el modelo auton\u00f3mico actual, pone en riesgo la fr\u00e1gil democracia espa\u00f1ola. Quiz\u00e1 sea tiempo de votar ahora, una vez transcurridos cuarenta y tres a\u00f1os y decidir si deseamos continuar por la senda del suicidio colectivo o si por el contrario, optamos por un pa\u00eds fuerte y unido.<\/p>\n<p><a href=\"https:\/\/estacerca.com\/casinos-con-retirada-instantanea\/\"><img decoding=\"async\" id=\"Casinos con retiro inmediato\" alt=\"Casinos con retiro inmediato\" src=\"https:\/\/analyse.optim.biz\/wp-content\/uploads\/2025\/12\/casinos-con-retiro-inmediato-100.png\" width='300\"' height=\"250\" title=\"casinos-con-retiro-inmediato-100\"><\/a><\/p>\n<p><strong>Espa\u00f1a<\/strong> es muy anterior a esta <strong>Constituci\u00f3n<\/strong>, <strong>Espa\u00f1a<\/strong> es anterior a otras constituciones y <strong>Espa\u00f1a<\/strong> ya exist\u00eda antes del 78. No podemos estar orgullosos ni de esta <strong>Constituci\u00f3n<\/strong> ni de esta <strong>Transici\u00f3n<\/strong>, con m\u00e1s de 1000 muertos que todos parecen haber olvidado. Nunca en tampoco tiempo, se ha conseguido \u201cdestrozar\u201d la identidad de un pa\u00eds de forma tan r\u00e1pida y eficaz.<\/p>\n<p>Cada seis de diciembre no hay nada que celebrar, nada que conmemorar y si mucho que reflexionar y analizar.<\/p>\n<p><a href=\"https:\/\/clsmining.com\/xml\/index.html#\/\"><img decoding=\"async\" id=\"cls-mining.gif\" alt=\"cls-mining.gif\" src=\"https:\/\/analyse.optim.biz\/wp-content\/uploads\/2025\/12\/cls-mining-93.gif\" width='300\"' height=\"250\" title=\"cls-mining-93\"><\/a><\/p>\n<div id=\"author_infobox\">\n<div class=\"author_infobox_image_profile\"><img decoding=\"async\" src=\"https:\/\/analyse.optim.biz\/wp-content\/uploads\/2025\/12\/garcia-isac-javier-2.jpg\" alt=\"Javier Garc\u00eda Isac\" title=\"garcia-isac-javier-2\"><\/div>\n<div class=\"author_infobox_name\"><span class=\"bold\">Autor:<\/span> Javier Garc\u00eda Isac<span class=\"bold marginleft\">Website:<\/span><a href=\"https:\/\/www.radioya.es\/\" title=\"Website: https:\/\/www.radioya.es\/\">https:\/\/www.radioya.es\/<\/a><\/div>\n<div class=\"author_infobox_socialmedia\"><span class=\"facebook\"><a href=\"https:\/\/www.facebook.com\/profile.php?id=100009659475557\" title=\"Facebook\" target=\"_blank\"><img decoding=\"async\" src=\"https:\/\/analyse.optim.biz\/wp-content\/uploads\/2025\/12\/facebook-2.png\" title=\"facebook-2\"><\/a><\/span><span class=\"twitter\"><a href=\"https:\/\/twitter.com\/Javiergaciaisac\" title=\"Twitter\" target=\"_blank\"><img decoding=\"async\" src=\"https:\/\/analyse.optim.biz\/wp-content\/uploads\/2025\/12\/twitter-47.png\" title=\"twitter-47\"><\/a><\/span><\/div>\n<div class=\"author_infobox_description\">Javier Garc\u00eda Isac (Madrid, 1966) periodista, locutor, empresario y pol\u00edtico espa\u00f1ol.<\/p>\n<p>Licenciado en derecho por la Universidad Complutense de Madrid, es en la actualidad el director de Decisi\u00f3n Radio, d\u00f3nde dirige y presenta diariamente el programa de actualidad pol\u00edtica &#8216;En la boca del lobo&#8217;. Adem\u00e1s es presentador y director de los programas &#8216;Una hora en libertad&#8217;, &#8216;Entre viajes y fogones&#8217;, &#8217;40 a\u00f1os, historia de una \u00e9poca&#8217;, &#8216;Espa\u00f1oles olvidados&#8217;, &#8216;Toros, nuestra historia&#8217; y copresentador junto a Pedro Fern\u00e1ndez Barbadillo de &#8216;Cita con la historia&#8217;, todos ellos emitidos a trav\u00e9s de los micr\u00f3fonos de Decisi\u00f3n Radio. Adem\u00e1s, ha presentado distintos programas de televisi\u00f3n c\u00f3mo el &#8216;El Ring del Diario Ya&#8217; y &#8216;Debates en libertad&#8217;, los dos en Intereconom\u00eda TV. Ha pasado por Cope Madrid y EsRadio Madrid, siendo tambi\u00e9n director de Cadena Ib\u00e9rica y Radio YA.<\/p>\n<p>Articulista en distintos medios de comunicaci\u00f3n como MEDITERR\u00c1NEO DIGITAL, Rambla Libre, El Correo de Madrid o El Mundo Financiero, es asiduo a tertulias televisivas como el programa &#8216;El gato al agua&#8217; de Intereconom\u00eda TV o &#8216;Los Intocables&#8217; de Javier Algarra en Distrito TV.<\/p>\n<p>En 2017 publica su primer libro &#8216;Cita con la historia&#8217;\u200b. de SND Editores que recorre la historia espa\u00f1ola del Siglo XX, con pr\u00f3logo del exministro de Franco Jos\u00e9 Utrera Molina y ep\u00edlogo del periodista Emilio Javier.<\/p>\n<p>En diciembre de 2019, publica junto con el historiador Fernando Paz y \u00c1lvaro Romero &#8216;Franco en el banquillo. La defensa toma la palabra&#8217;. con pr\u00f3logo de Eduardo Garcia Serrano.<\/p>\n<p>Profesionalmente, Javier Garc\u00eda Isac se desempe\u00f1\u00f3 durante m\u00e1s de 20 a\u00f1os como directivo especialista en Facility Management y Buisness Travel, en diferentes empresas de consultor\u00eda como Accenture o Ernst &amp; Young.. \u200bEn la actualidad, es director de relaciones institucionales y responsable de formaci\u00f3n de IBTA.4\u200b<\/p><\/div>\n<\/div>\n<p><br class=\"clear\"><\/section>\n<\/article>\n<p> Source URL: https:\/\/www.mediterraneodigital.com\/opinion\/columnistas-de-opinion\/javier-garcia-isac\/constitucion-1978<\/p>\n","protected":false},"excerpt":{"rendered":"<p>Columnistas de opini\u00f3n Javier Garc\u00eda Isac Javier Garc\u00eda Isac 12 Febrero 2022 Algo hicimos mal en 1978 Se conmemoran los cuarenta y tres a\u00f1os de la actual Constituci\u00f3n espa\u00f1ola y no escucho una m\u00ednima cr\u00edtica, un leve cometario de que algo se hizo mal, de que en algo nos equivocamos. Solo oigo palabras grandilocuentes y [&hellip;]<\/p>\n","protected":false},"author":1,"featured_media":843266,"comment_status":"open","ping_status":"","sticky":false,"template":"","format":"standard","meta":{"footnotes":""},"categories":[88],"tags":[109],"class_list":["post-843265","post","type-post","status-publish","format-standard","has-post-thumbnail","hentry","category-spain","tag-mediterraneodigital-com"],"_links":{"self":[{"href":"https:\/\/analyse.optim.biz\/index.php?rest_route=\/wp\/v2\/posts\/843265","targetHints":{"allow":["GET"]}}],"collection":[{"href":"https:\/\/analyse.optim.biz\/index.php?rest_route=\/wp\/v2\/posts"}],"about":[{"href":"https:\/\/analyse.optim.biz\/index.php?rest_route=\/wp\/v2\/types\/post"}],"author":[{"embeddable":true,"href":"https:\/\/analyse.optim.biz\/index.php?rest_route=\/wp\/v2\/users\/1"}],"replies":[{"embeddable":true,"href":"https:\/\/analyse.optim.biz\/index.php?rest_route=%2Fwp%2Fv2%2Fcomments&post=843265"}],"version-history":[{"count":0,"href":"https:\/\/analyse.optim.biz\/index.php?rest_route=\/wp\/v2\/posts\/843265\/revisions"}],"wp:featuredmedia":[{"embeddable":true,"href":"https:\/\/analyse.optim.biz\/index.php?rest_route=\/wp\/v2\/media\/843266"}],"wp:attachment":[{"href":"https:\/\/analyse.optim.biz\/index.php?rest_route=%2Fwp%2Fv2%2Fmedia&parent=843265"}],"wp:term":[{"taxonomy":"category","embeddable":true,"href":"https:\/\/analyse.optim.biz\/index.php?rest_route=%2Fwp%2Fv2%2Fcategories&post=843265"},{"taxonomy":"post_tag","embeddable":true,"href":"https:\/\/analyse.optim.biz\/index.php?rest_route=%2Fwp%2Fv2%2Ftags&post=843265"}],"curies":[{"name":"wp","href":"https:\/\/api.w.org\/{rel}","templated":true}]}}