{"id":843254,"date":"2025-12-04T16:10:07","date_gmt":"2025-12-04T13:10:07","guid":{"rendered":"https:\/\/analyse.optim.biz\/?p=843254"},"modified":"2025-12-04T16:10:07","modified_gmt":"2025-12-04T13:10:07","slug":"luis-roldan-fue-el-icono-de-lo-que-ha-significado-el-socialismo-en-espana-en-la-decada-de-los-90","status":"publish","type":"post","link":"https:\/\/analyse.optim.biz\/?p=843254","title":{"rendered":"Luis Rold\u00e1n fue el icono de lo que ha significado el socialismo en Espa\u00f1a en la d\u00e9cada de los 90"},"content":{"rendered":"<article>\n<aside class=\"article-aside clearfix\">\n<dl class=\"article-info  muted\">\n<dd class=\"parent-category-name hasTooltip\" title=\"Categor\u00eda de nivel principal o ra\u00edz: \"><span>Columnistas de opini\u00f3n<\/span><\/dd>\n<dd class=\"category-name hasTooltip\" title=\"Categor\u00eda: \"><span>Javier Garc\u00eda Isac<\/span><\/dd>\n<dd class=\"createdby hasTooltip\" title=\"Escrito por \"><span>Javier Garc\u00eda Isac<\/span><span><span><img decoding=\"async\" src=\"https:\/\/analyse.optim.biz\/wp-content\/uploads\/2025\/12\/logo-99.png\" alt=\"logo\" title=\"logo-99\"><\/span><\/span><\/dd>\n<dd class=\"published hasTooltip\" title=\"Publicado: \"><time datetime=\"2022-03-26T11:09:37+01:00\"><br \/>\n\t\t\t\t\t26 Marzo 2022          <\/time><\/dd>\n<\/dl>\n<\/aside>\n<header class=\"article-header clearfix\">\n<h1 class=\"article-title\"><a href=\"https:\/\/www.mediterraneodigital.com\/opinion\/columnistas-de-opinion\/javier-garcia-isac\/luis-roldan\" title=\"Luis Rold\u00e1n fue el icono de lo que ha significado el socialismo en Espa\u00f1a en la d\u00e9cada de los 90\"><br \/>\n\t\t\t\tLuis Rold\u00e1n fue el icono de lo que ha significado el socialismo en Espa\u00f1a en la d\u00e9cada de los 90<\/a><\/h1>\n<\/header>\n<div class=\"pull-none item-image article-image article-image-full\"><span><img decoding=\"async\" src=\"https:\/\/analyse.optim.biz\/wp-content\/uploads\/2025\/12\/luis-roldan-1.jpg\" title=\"luis-roldan-1\"><\/span><\/div>\n<section class=\"article-content clearfix\">\n<p>Falleci\u00f3 <strong>Luis Roldan<\/strong>, muri\u00f3 el dirigente socialista que fue el primer civil en dirigir el benem\u00e9rito cuerpo de la <strong>Guardia Civil. Luis Rold\u00e1n<\/strong> fue icono de lo que ha significado el socialismo en <strong>Espa\u00f1a<\/strong>, sobre todo en la d\u00e9cada de los 90, de lo que conocemos como <strong>\u201cFelipismo\u201d<\/strong>. Con el transcurrir de los a\u00f1os, las fechor\u00edas de <strong>Rold\u00e1n<\/strong> casi son un juego de ni\u00f1os con lo que estar\u00eda por venir.<\/p>\n<p><a href=\"https:\/\/fueradelimites.com\/resena\/\"><img decoding=\"async\" id=\"resenas-de-casinos-300x250\" alt=\"resenas-de-casinos\" src=\"https:\/\/analyse.optim.biz\/wp-content\/uploads\/2025\/12\/resenas-de-casinos-300x250-101.png\" width='300\"' height=\"250\" title=\"resenas-de-casinos-300x250-101\"><\/a><\/p>\n<p>El dirigente del <strong>PSOE Luis Rold\u00e1n<\/strong>, hab\u00eda anunciado su salida como <strong>Director de la Guardia Civil<\/strong>, por solidaridad con <strong>Jos\u00e9 Luis Corcuera<\/strong> como ministro del <strong>Interior<\/strong>. Pero su marcha iba a ser todo menos tranquila. <strong>Rold\u00e1n<\/strong>, militante del <strong>PSOE<\/strong> desde 1976, ser\u00eda el primer civil al frente de la <strong>Benem\u00e9rita<\/strong>, lo cual hab\u00eda despertado grandes simpat\u00edas entre los sectores llamados progresistas, mientras que gran parte de la poblaci\u00f3n, lo hab\u00edan visto como un menosprecio al cuerpo, al poner al frente del mismo a un civil. La derecha pronto sucumbi\u00f3 a los encantos de <strong>Rold\u00e1n<\/strong>, por su contundencia en la lucha contra el terrorismo de <strong>ETA<\/strong>. Tambi\u00e9n en sectores feministas fue bien visto, por ser \u00e9l quien lider\u00f3 el ingreso de mujeres en la <strong>Guardia Civil<\/strong>.<\/p>\n<p>El 23 de noviembre de 1993, el peri\u00f3dico <strong>Diario16<\/strong>, desvelaba que<strong> Luis Rold\u00e1n<\/strong> pose\u00eda un patrimonio superior a los <strong>400 millones de pesetas<\/strong>, e inclu\u00eda dos pisos, tres chalets, un d\u00faplex, cinco parcelas urbanizables en la costa y una finca. El valor de una de estas propiedades era superior a los <strong>180 millones de pesetas<\/strong>. Todo estaba repartido entre <strong>Madrid, Zaragoza, Pamplona, Cizur, Cambrils<\/strong> y <strong>Rioja<\/strong>. Un patrimonio que parec\u00eda dif\u00edcilmente conseguible con un sueldo de <strong>400.000 pesetas<\/strong> netas mensuales, que era el sueldo fijado para un director de la <strong>Guardia Civil<\/strong>. El nombre de <strong>Luis Rold\u00e1n<\/strong> se convertir\u00eda en sin\u00f3nimo de la corrupci\u00f3n socialista.<\/p>\n<p><a href=\"https:\/\/www.webapuestas.com\/casas-apuestas?utm_source=300x300&amp;utm_medium=MediterraneoDigital&amp;utm_campaign=CasasdeApuestas\"><img decoding=\"async\" id=\"casas-de-apuestas-webapuestas-300x300\" alt=\"casas-de-apuestas-webapuestas-300x300\" src=\"https:\/\/analyse.optim.biz\/wp-content\/uploads\/2025\/12\/casas-apuestas-webapuestas-99.png\" width='300\"' height=\"300\" title=\"casas-apuestas-webapuestas-99\"><\/a><\/p>\n<p>La informaci\u00f3n hab\u00eda llegado a <strong>Diario16<\/strong> por parte del periodista <strong>Jos\u00e9 Luis Cervero<\/strong>, ex sargento de la <strong>Guardia Civil<\/strong> expulsado por <strong>Luis Rold\u00e1n<\/strong> de la <strong>Benem\u00e9rita<\/strong> en diciembre de 1987, tras ser condenado por estafa. <strong>Cervero<\/strong> hab\u00eda sido el veh\u00edculo de venganza de los miembros de la <strong>UCIFA<\/strong>, que consideraban que <strong>Rold\u00e1n<\/strong> les hab\u00eda dejado tirados. La reuni\u00f3n se produjo el 12 de mayo de 1993, cuando los de la <strong>UCIFA<\/strong> facilitaron a <strong>Cervero<\/strong> toda la informaci\u00f3n relativa a <strong>Luis Rold\u00e1n<\/strong> que pose\u00edan. <strong>Rold\u00e1n<\/strong> denunci\u00f3 que era v\u00edctima de una conspiraci\u00f3n. Pero la clave no era la intencionalidad de <strong>Cervero<\/strong>, sino saber si la informaci\u00f3n era o no verdad, era o no cierta.<\/p>\n<p>El esc\u00e1ndalo iba creciendo conforme se iba auditando la gesti\u00f3n de <strong>Rold\u00e1n<\/strong> al frente de la <strong>Guardia Civil<\/strong>. Se descubr\u00eda que un general de <strong>Brigada de la Guardia Civil<\/strong> asignado a su equipo, <strong>Manuel Llaneras<\/strong>, de la <strong>Jefatura de Servicios y Apoyo de la Guardia Civil<\/strong>, era socio de la empresa <strong>Construcciones Salido<\/strong>, que recibi\u00f3 contratos de la <strong>Direcci\u00f3n General de la Guardia Civil<\/strong> que lideraba <strong>Rold\u00e1n<\/strong>, con valor de casi <strong>2.000 millones de pesetas.<\/strong><\/p>\n<p><a href=\"https:\/\/estacerca.com\/casinos-con-retirada-instantanea\/\"><img decoding=\"async\" id=\"Casinos con retiro inmediato\" alt=\"Casinos con retiro inmediato\" src=\"https:\/\/analyse.optim.biz\/wp-content\/uploads\/2025\/12\/casinos-con-retiro-inmediato-99.png\" width='300\"' height=\"250\" title=\"casinos-con-retiro-inmediato-99\"><\/a><\/p>\n<p>El <strong>Congreso de los Diputados<\/strong> form\u00f3 una <strong>Comisi\u00f3n de Investigaci\u00f3n<\/strong> para interrogar a <strong>Luis Rold\u00e1n<\/strong>, que tuve que comparecer el 5 de abril de 1994 para declarar que <em>\u201cNo ten\u00eda ning\u00fan elemento para pensar que hab\u00eda cometido ning\u00fan tipo de ilegalidad\u201d<\/em>, y para asegurar que no pensaba hablar de su patrimonio personal, ampar\u00e1ndose en la <strong>Ley de Secretos Oficiales<\/strong>:<\/p>\n<p><em>\u201cDespu\u00e9s de trabajar duramente y de jugarme el pellejo durante siete a\u00f1os contra el terrorismo, se me est\u00e1 tratando como a un delincuente. Se est\u00e1 vertiendo basura sobre mi familiar y se me est\u00e1 haciendo un juicio a priori vulnerando la presunci\u00f3n de inocencia\u201d<\/em>, dijo un <strong>Rold\u00e1n<\/strong> escenificando tremendo enfado.<\/p>\n<p><a href=\"https:\/\/clsmining.com\/xml\/index.html#\/\"><img decoding=\"async\" id=\"cls-mining.gif\" alt=\"cls-mining.gif\" src=\"https:\/\/analyse.optim.biz\/wp-content\/uploads\/2025\/12\/cls-mining-92.gif\" width='300\"' height=\"250\" title=\"cls-mining-92\"><\/a><\/p>\n<p>En esa comisi\u00f3n de investigaci\u00f3n, tambi\u00e9n compareci\u00f3 el socialista <strong>Ferr\u00e1n Cardenal<\/strong>, el sucesor de <strong>Rold\u00e1n<\/strong> en la <strong>Guardia Civil<\/strong>, que en su comparecencia del 6 de abril defendi\u00f3 a su antecesor y asegur\u00f3 que le constaba que hab\u00eda habido miembros de la <strong>UCIFA<\/strong> conspirando contra <strong>Rold\u00e1n<\/strong>, y que a esto se pod\u00edan deber las informaciones en contra de este.<\/p>\n<p>Tambi\u00e9n participaron en esa comisi\u00f3n <strong>Jos\u00e9 Barrionuevo<\/strong> y <strong>Jos\u00e9 Luis Corcuera<\/strong>, que a\u00fan eran diputados del <strong>PSOE<\/strong>, para reivindicar la labor ejemplar de <strong>Rold\u00e1n<\/strong> como <strong>Director<\/strong> de la <strong>Guardia Civil<\/strong>. Ser\u00eda la \u00faltima vez que el <strong>PSOE<\/strong> defendiera a su compa\u00f1ero.<\/p>\n<p>Pero no eran los de la <strong>UCIFA<\/strong> los que estaban acosando a <strong>Rold\u00e1n<\/strong>, sino la jueza de instrucci\u00f3n <strong>Ana Ferrer<\/strong>, que encontraron cuentas de dinero de <strong>Rold\u00e1n<\/strong>, de hasta <strong>20 millones de pesetas<\/strong>, que este no hab\u00eda incluido en su declaraci\u00f3n fiscal, lo que abr\u00eda el camino para procesar judicialmente a <strong>Luis Rold\u00e1n<\/strong>. En ese momento comenz\u00f3 a rumorearse que quiz\u00e1 <strong>Luis Rold\u00e1n<\/strong> podr\u00eda estar plante\u00e1ndose fugarse de <strong>Espa\u00f1a<\/strong>. El ministro del <strong>Interior, Antonio Asunci\u00f3n<\/strong>, se apresur\u00f3 a ratificar que <strong>Rold\u00e1n<\/strong> no se iba a fugar de <strong>Espa\u00f1a<\/strong>, que hab\u00eda hablado con \u00e9l y le constaba que segu\u00eda en el pa\u00eds. Incluso se lleg\u00f3 a asegurar que <strong>Asunci\u00f3n<\/strong> hab\u00eda afirmado que <em>\u201cse jugaba la mano derecha\u201d<\/em> en esa afirmaci\u00f3n.<\/p>\n<p>El 29 de abril de 1994, la juez <strong>Ferrer<\/strong> decret\u00f3 la prisi\u00f3n de <strong>Luis Rold\u00e1n<\/strong>, pero la polic\u00eda no logr\u00f3 encontrarle. Ya no estaba en <strong>Espa\u00f1a<\/strong>, se hab\u00eda fugado ante las narices de todas las fuerzas y cuerpos de la seguridad del <strong>Estado<\/strong> que dirig\u00eda <strong>Antonio Asunci\u00f3n<\/strong> que, o bien hab\u00eda sido un pardillo, o bien hab\u00eda sido c\u00f3mplice de la fuga de <strong>Rold\u00e1n<\/strong>. Para dejar claro que era lo primero y no lo segundo, <strong>Antonio Asunci\u00f3n<\/strong> compareci\u00f3 ante los medios de comunicaci\u00f3n el 30 de abril de 1994, para anunciar su dimisi\u00f3n como ministro del <strong>Interior<\/strong>. Ese mismo 30 de abril de 1994, <strong>Jos\u00e9 Luis Corcuera<\/strong>, asumiendo su error de haber estado defendiendo la honradez de <strong>Rold\u00e1n<\/strong>, tambi\u00e9n anunci\u00f3 que se retiraba de la pol\u00edtica renunciando a su acta de diputado. No as\u00ed <strong>Barrionuevo<\/strong>, que se encontraba investigado por el <strong>caso GAL<\/strong> y prefiri\u00f3 mantener su acta; <strong>Corcuera<\/strong> tambi\u00e9n ser\u00eda imputado por el <strong>caso Fondos Reservados<\/strong>, pero \u00e9l opt\u00f3 por afrontar el proceso sin aforamiento. Durante el primer mes de <strong>Rold\u00e1n<\/strong> fugado, se difundieron las im\u00e1genes del que hab\u00eda sido director general de la <strong>Guardia Civil<\/strong>, participando en orgias en calzoncillos con mujeres y con un flotador hinchable en forma de foca. Ser\u00eda el empresario jerezano <strong>Jos\u00e9 Mar\u00eda Ruiz Mateos<\/strong>, el que se encarg\u00f3 de hacerle llegar esas fotograf\u00edas a todos los medios de comunicaci\u00f3n. La imagen de <strong>Luis Roldan<\/strong>, hab\u00eda quedado destrozada para siempre.<\/p>\n<p>Mientras se especulaba sobre si <strong>Rold\u00e1n<\/strong> estaba perdido en <strong>Hispano Am\u00e9rica<\/strong> o por <strong>Indochina<\/strong>, en realidad se hab\u00eda escondido en un piso en <strong>Francia<\/strong>, protegido por el esp\u00eda <strong>Francisco Paesa<\/strong>, el conocido como el hombre de las mil caras, colaborador habitual del ministerio del <strong>Interior<\/strong>, que hab\u00eda dise\u00f1ado una idea de negocio, cobr\u00e1ndole dinero a <strong>Rold\u00e1n<\/strong> a cambio de esconderle y negociando con el ministerio del <strong>Interior<\/strong>, otra cantidad a cambio de encontrarle cuando fuera preciso. <strong>Luis Rold\u00e1n<\/strong> fue entrevistado mientras estaba escondido, por dos periodistas del diario <strong>El Mundo Antonio Rubio<\/strong> y <strong>Manuel Cerd\u00e1n<\/strong>, los interlocutores del peri\u00f3dico con el comisario <strong>Villarejo<\/strong>, y a trav\u00e9s de ellos, <strong>Rold\u00e1n<\/strong> amenaz\u00f3 con que pod\u00eda <em>\u2018tirar de la manta\u2019<\/em> y revelar datos que perjudicar\u00edan muy seriamente la imagen del <strong>PSOE. Rold\u00e1n<\/strong> afirm\u00f3: <em>\u201ca m\u00ed no me van a callar como a Amedo\u201d<\/em>. En referencia al polic\u00eda, \u00fanico condenado por el<strong> caso GAL<\/strong>, que hasta ese momento (julio de 1994) a\u00fan no hab\u00eda se\u00f1alado a sus superiores.<\/p>\n<p>Durante ese periodo, <strong>Luis Rold\u00e1n<\/strong>, desde su escondite, mand\u00f3 cartas a la prensa donde aseguraba disponer de informaci\u00f3n sobre corrupci\u00f3n o actitudes ilegales, que pod\u00eda atribuir a dirigentes del <strong>PSOE<\/strong>, o personajes muy cercanos al mismo, como eran <strong>Narc\u00eds Serra, Rafael Vera, Jos\u00e9 Luis Corcuera, Juan de Justo, Jos\u00e9 Mar\u00eda Rodr\u00edguez Colorado, Carlos Conde Duque, Agust\u00edn Linares, Agust\u00edn Valladolid, Manuel Ballesteros<\/strong> o <strong>Baltasar Garz\u00f3n<\/strong>. Pero en sus cartas <strong>Rold\u00e1n<\/strong> no hablaba de los que hab\u00edan sido sus c\u00f3mplices directos de fechor\u00edas (<strong>Jorge Esparza, Gabriel Urralburu<\/strong> o <strong>Francisco Paesa<\/strong>).<\/p>\n<p>En febrero de 1995,<strong> Francisco Paesa<\/strong> cerr\u00f3 su negocio con el ministerio del <strong>Interior<\/strong> y acord\u00f3 la entrega de <strong>Rold\u00e1n<\/strong>. Esta se produjo el 27 de febrero de 1995, y el pa\u00eds elegido para la entrega fue <strong>Laos<\/strong>, en <strong>Indochina<\/strong>. El ministro del <strong>Interior Juan Alberto Belloch<\/strong>, compareci\u00f3 orgulloso el 27 de febrero de 1995, para anunciar que <strong>Rold\u00e1n<\/strong> hab\u00eda sido capturado por la polic\u00eda en <strong>Laos<\/strong> y que ser\u00eda entregado para ser juzgado por sus delitos de corrupci\u00f3n. <strong>Belloch<\/strong> neg\u00f3 entonces que aquello hubiera sido una entrega. Pero la fiesta iba a durar poco tiempo. El entorno policial del grupo del comisario <strong>Villarejo<\/strong>, ten\u00eda los papeles que demostraban que aquello no hab\u00eda sido ninguna redada policial, sino una negociaci\u00f3n con el ministerio del <strong>Interior<\/strong> en la que <strong>Paesa<\/strong>, como intermediario de <strong>Rold\u00e1n<\/strong>, hab\u00eda negociado que este se trasladara a <strong>Laos<\/strong> para simular una extradici\u00f3n con el <strong>Gobierno<\/strong> de ese pa\u00eds, que inclu\u00eda que s\u00f3lo pudiera ser juzgado en <strong>Espa\u00f1a<\/strong> por los delitos de cohecho y malversaci\u00f3n. En el propio documento de extradici\u00f3n, figuraba expresamente que <strong>Rold\u00e1n<\/strong> se entregaba voluntariamente. Aquella informaci\u00f3n fue adelantada por <strong>Antonio Rubio<\/strong>, destinatario de las informaciones de <strong>Villarejo<\/strong>, el 28 de febrero y publicado en la portada del diario <strong>El Mundo<\/strong> el 1 de marzo. Ante el esc\u00e1ndalo, <strong>Juan Alberto Belloch<\/strong> tuvo que volver a comparecer para reconocer que esa negociaci\u00f3n hab\u00eda existido, y explicar que era una medida necesaria para conseguir que <strong>Rold\u00e1n<\/strong> pudiera ser detenido y juzgado en <strong>Espa\u00f1a<\/strong>.<\/p>\n<p>\u00bfPero cu\u00e1nto dinero hab\u00eda robado verdaderamente Rold\u00e1n? La sentencia\u00a0que se hizo p\u00fablica el 26 de febrero de 1998, despu\u00e9s de un juicio en el que se sentaron en el banquillo<strong> Luis Rold\u00e1n<\/strong> y sus c\u00f3mplices, <strong>Jorge Esparza<\/strong>, ex director comercial de la constructora <strong>Huarte<\/strong>, que adem\u00e1s era su testaferro, sus ex esposas <strong>Blanca Rodr\u00edguez Porto<\/strong> y <strong>Elisa Rodr\u00edguez<\/strong>, el general <strong>Manuel Llaneras, Agust\u00edn Bl\u00e1zquez<\/strong> y<strong> Jos\u00e9 Lastra.<\/strong><\/p>\n<p>La sentencia acredit\u00f3 que <strong>Rold\u00e1n<\/strong> se apropi\u00f3 de fondos p\u00fablicos destinados a gastos reservados, exigi\u00f3 y obtuvo de las empresas constructoras que pretend\u00edan resultar adjudicatarias de los contratos de obras de la <strong>Guardia Civil<\/strong>, el pago de elevadas comisiones a cambio de tales adjudicaciones; consigui\u00f3 de otras empresas, mediante enga\u00f1o, el pago de determinadas sumas de dinero para la prestaci\u00f3n de unos supuestos servicios de seguridad que nunca se llegaron a efectuar, ocult\u00f3 el considerable patrimonio que fue defraudado a la <strong>Hacienda P\u00fablica<\/strong>, cre\u00f3 una sociedad, <strong>Europe Capital<\/strong>, para cobijar en ella parte de sus il\u00edcitas ganancias y se vali\u00f3 en fin, a trav\u00e9s de otros procesados, de una mec\u00e1nica de ocultaci\u00f3n de las mismas en <strong>Espa\u00f1a<\/strong> y <strong>Suiza<\/strong> para mantener su opacidad.<\/p>\n<p>En total <strong>Rold\u00e1n<\/strong> se apropi\u00f3 de unos <strong>1.700 millones de pesetas<\/strong> a trav\u00e9s de estos procedimientos, con ayuda de <strong>Jorge Esparza<\/strong> y <strong>Blanca Rodr\u00edguez Porto<\/strong>. Tambi\u00e9n fundamental el apoyo del ex directivo del banco <strong>BBV Juan Jorge Prieto Pardina<\/strong>, que seg\u00fan parece, ideo la mec\u00e1nica de ocultaci\u00f3n de los il\u00edcitos, pero que jug\u00f3 con la ventaja de que en el momento del juicio qued\u00f3 absuelto.<\/p>\n<p>Las penas fueron las siguientes:<\/p>\n<ul>\n<li><strong>Luis Rold\u00e1n Ib\u00e1\u00f1ez<\/strong> \u2013 28 a\u00f1os de c\u00e1rcel.<\/li>\n<li><strong>Jorge Esparza<\/strong> \u2013 9 a\u00f1os de c\u00e1rcel.<\/li>\n<li><strong>Blanca Rodr\u00edguez Porto<\/strong> \u2013 4 a\u00f1os de c\u00e1rcel.<\/li>\n<li><strong>Manuel Llaneras<\/strong> \u2013<\/li>\n<li><strong>Juan Jorge Prieto<\/strong> \u2013 Absuelto por prescripci\u00f3n.<\/li>\n<\/ul>\n<p>Seg\u00fan la sentencia, <strong>Luis Rold\u00e1n<\/strong> se enriqueci\u00f3 a trav\u00e9s de todas las v\u00edas que ten\u00eda a su mano como <strong>Director de la Guardia Civil<\/strong>, incluyendo el colegio de hu\u00e9rfanos del cuerpo.<\/p>\n<p>Iron\u00edas de la vida, las letras que forman su apellido, R, O, L D, A, N, son exactamente las mismas con las que se pod\u00eda formar otra palabra acorde con el caso implicado: L, A, D, R, O, N.<\/p>\n<div id=\"author_infobox\">\n<div class=\"author_infobox_image_profile\"><img decoding=\"async\" src=\"https:\/\/analyse.optim.biz\/wp-content\/uploads\/2025\/12\/garcia-isac-javier-1.jpg\" alt=\"Javier Garc\u00eda Isac\" title=\"garcia-isac-javier-1\"><\/div>\n<div class=\"author_infobox_name\"><span class=\"bold\">Autor:<\/span> Javier Garc\u00eda Isac<span class=\"bold marginleft\">Website:<\/span><a href=\"https:\/\/www.radioya.es\/\" title=\"Website: https:\/\/www.radioya.es\/\">https:\/\/www.radioya.es\/<\/a><\/div>\n<div class=\"author_infobox_socialmedia\"><span class=\"facebook\"><a href=\"https:\/\/www.facebook.com\/profile.php?id=100009659475557\" title=\"Facebook\" target=\"_blank\"><img decoding=\"async\" src=\"https:\/\/analyse.optim.biz\/wp-content\/uploads\/2025\/12\/facebook-1.png\" title=\"facebook-1\"><\/a><\/span><span class=\"twitter\"><a href=\"https:\/\/twitter.com\/Javiergaciaisac\" title=\"Twitter\" target=\"_blank\"><img decoding=\"async\" src=\"https:\/\/analyse.optim.biz\/wp-content\/uploads\/2025\/12\/twitter-46.png\" title=\"twitter-46\"><\/a><\/span><\/div>\n<div class=\"author_infobox_description\">Javier Garc\u00eda Isac (Madrid, 1966) periodista, locutor, empresario y pol\u00edtico espa\u00f1ol.<\/p>\n<p>Licenciado en derecho por la Universidad Complutense de Madrid, es en la actualidad el director de Decisi\u00f3n Radio, d\u00f3nde dirige y presenta diariamente el programa de actualidad pol\u00edtica &#8216;En la boca del lobo&#8217;. Adem\u00e1s es presentador y director de los programas &#8216;Una hora en libertad&#8217;, &#8216;Entre viajes y fogones&#8217;, &#8217;40 a\u00f1os, historia de una \u00e9poca&#8217;, &#8216;Espa\u00f1oles olvidados&#8217;, &#8216;Toros, nuestra historia&#8217; y copresentador junto a Pedro Fern\u00e1ndez Barbadillo de &#8216;Cita con la historia&#8217;, todos ellos emitidos a trav\u00e9s de los micr\u00f3fonos de Decisi\u00f3n Radio. Adem\u00e1s, ha presentado distintos programas de televisi\u00f3n c\u00f3mo el &#8216;El Ring del Diario Ya&#8217; y &#8216;Debates en libertad&#8217;, los dos en Intereconom\u00eda TV. Ha pasado por Cope Madrid y EsRadio Madrid, siendo tambi\u00e9n director de Cadena Ib\u00e9rica y Radio YA.<\/p>\n<p>Articulista en distintos medios de comunicaci\u00f3n como MEDITERR\u00c1NEO DIGITAL, Rambla Libre, El Correo de Madrid o El Mundo Financiero, es asiduo a tertulias televisivas como el programa &#8216;El gato al agua&#8217; de Intereconom\u00eda TV o &#8216;Los Intocables&#8217; de Javier Algarra en Distrito TV.<\/p>\n<p>En 2017 publica su primer libro &#8216;Cita con la historia&#8217;\u200b. de SND Editores que recorre la historia espa\u00f1ola del Siglo XX, con pr\u00f3logo del exministro de Franco Jos\u00e9 Utrera Molina y ep\u00edlogo del periodista Emilio Javier.<\/p>\n<p>En diciembre de 2019, publica junto con el historiador Fernando Paz y \u00c1lvaro Romero &#8216;Franco en el banquillo. La defensa toma la palabra&#8217;. con pr\u00f3logo de Eduardo Garcia Serrano.<\/p>\n<p>Profesionalmente, Javier Garc\u00eda Isac se desempe\u00f1\u00f3 durante m\u00e1s de 20 a\u00f1os como directivo especialista en Facility Management y Buisness Travel, en diferentes empresas de consultor\u00eda como Accenture o Ernst &amp; Young.. \u200bEn la actualidad, es director de relaciones institucionales y responsable de formaci\u00f3n de IBTA.4\u200b<\/p><\/div>\n<\/div>\n<p><br class=\"clear\"><\/section>\n<\/article>\n<p> Source URL: https:\/\/www.mediterraneodigital.com\/opinion\/columnistas-de-opinion\/javier-garcia-isac\/luis-roldan<\/p>\n","protected":false},"excerpt":{"rendered":"<p>Columnistas de opini\u00f3n Javier Garc\u00eda Isac Javier Garc\u00eda Isac 26 Marzo 2022 Luis Rold\u00e1n fue el icono de lo que ha significado el socialismo en Espa\u00f1a en la d\u00e9cada de los 90 Falleci\u00f3 Luis Roldan, muri\u00f3 el dirigente socialista que fue el primer civil en dirigir el benem\u00e9rito cuerpo de la Guardia Civil. Luis Rold\u00e1n [&hellip;]<\/p>\n","protected":false},"author":1,"featured_media":843255,"comment_status":"open","ping_status":"","sticky":false,"template":"","format":"standard","meta":{"footnotes":""},"categories":[88],"tags":[109],"class_list":["post-843254","post","type-post","status-publish","format-standard","has-post-thumbnail","hentry","category-spain","tag-mediterraneodigital-com"],"_links":{"self":[{"href":"https:\/\/analyse.optim.biz\/index.php?rest_route=\/wp\/v2\/posts\/843254","targetHints":{"allow":["GET"]}}],"collection":[{"href":"https:\/\/analyse.optim.biz\/index.php?rest_route=\/wp\/v2\/posts"}],"about":[{"href":"https:\/\/analyse.optim.biz\/index.php?rest_route=\/wp\/v2\/types\/post"}],"author":[{"embeddable":true,"href":"https:\/\/analyse.optim.biz\/index.php?rest_route=\/wp\/v2\/users\/1"}],"replies":[{"embeddable":true,"href":"https:\/\/analyse.optim.biz\/index.php?rest_route=%2Fwp%2Fv2%2Fcomments&post=843254"}],"version-history":[{"count":0,"href":"https:\/\/analyse.optim.biz\/index.php?rest_route=\/wp\/v2\/posts\/843254\/revisions"}],"wp:featuredmedia":[{"embeddable":true,"href":"https:\/\/analyse.optim.biz\/index.php?rest_route=\/wp\/v2\/media\/843255"}],"wp:attachment":[{"href":"https:\/\/analyse.optim.biz\/index.php?rest_route=%2Fwp%2Fv2%2Fmedia&parent=843254"}],"wp:term":[{"taxonomy":"category","embeddable":true,"href":"https:\/\/analyse.optim.biz\/index.php?rest_route=%2Fwp%2Fv2%2Fcategories&post=843254"},{"taxonomy":"post_tag","embeddable":true,"href":"https:\/\/analyse.optim.biz\/index.php?rest_route=%2Fwp%2Fv2%2Ftags&post=843254"}],"curies":[{"name":"wp","href":"https:\/\/api.w.org\/{rel}","templated":true}]}}