{"id":843243,"date":"2025-12-04T16:09:49","date_gmt":"2025-12-04T13:09:49","guid":{"rendered":"https:\/\/analyse.optim.biz\/?p=843243"},"modified":"2025-12-04T16:09:49","modified_gmt":"2025-12-04T13:09:49","slug":"en-memoria-de-mi-amigo-carlos-ruiz-soto","status":"publish","type":"post","link":"https:\/\/analyse.optim.biz\/?p=843243","title":{"rendered":"En memoria de mi amigo Carlos Ruiz Soto"},"content":{"rendered":"<article>\n<aside class=\"article-aside clearfix\">\n<dl class=\"article-info  muted\">\n<dd class=\"parent-category-name hasTooltip\" title=\"Categor\u00eda de nivel principal o ra\u00edz: \"><span>Columnistas de opini\u00f3n<\/span><\/dd>\n<dd class=\"category-name hasTooltip\" title=\"Categor\u00eda: \"><span>Javier Garc\u00eda Isac<\/span><\/dd>\n<dd class=\"createdby hasTooltip\" title=\"Escrito por \"><span>Javier Garc\u00eda Isac<\/span><span><span><img decoding=\"async\" src=\"https:\/\/analyse.optim.biz\/wp-content\/uploads\/2025\/12\/logo-98.png\" alt=\"logo\" title=\"logo-98\"><\/span><\/span><\/dd>\n<dd class=\"published hasTooltip\" title=\"Publicado: \"><time datetime=\"2022-07-13T17:35:03+02:00\"><br \/>\n\t\t\t\t\t13 Julio 2022          <\/time><\/dd>\n<\/dl>\n<\/aside>\n<header class=\"article-header clearfix\">\n<h1 class=\"article-title\"><a href=\"https:\/\/www.mediterraneodigital.com\/opinion\/columnistas-de-opinion\/javier-garcia-isac\/carlos-ruiz-soto\" title=\"En memoria de mi amigo Carlos Ruiz Soto\"><br \/>\n\t\t\t\tEn memoria de mi amigo Carlos Ruiz Soto<\/a><\/h1>\n<\/header>\n<div class=\"pull-none item-image article-image article-image-full\"><span><img decoding=\"async\" src=\"https:\/\/analyse.optim.biz\/wp-content\/uploads\/2025\/12\/carlos-ruiz-soto-1.jpg\" title=\"carlos-ruiz-soto-1\"><\/span><\/div>\n<section class=\"article-content clearfix\">\n<p>Recibo con gran pesar y tristeza la noticia del fallecimiento de mi amigo, <strong>Carlos Ruiz Soto<\/strong>. Buen pol\u00edtico, mejor persona y excelente m\u00e9dico.<\/p>\n<p><a href=\"https:\/\/fueradelimites.com\/resena\/\"><img decoding=\"async\" id=\"resenas-de-casinos-300x250\" alt=\"resenas-de-casinos\" src=\"https:\/\/analyse.optim.biz\/wp-content\/uploads\/2025\/12\/resenas-de-casinos-300x250-100.png\" width='300\"' height=\"250\" title=\"resenas-de-casinos-300x250-100\"><\/a><\/p>\n<p>Nos deja un gran hombre, un hombre bueno al que muchos madrile\u00f1os no conoc\u00edan, pero al que sin embargo le debemos gratitud eterna por librarnos del 3% del impuesto de capitalidad, que deseaba imponer el entonces presidente de la <strong>Comunidad Aut\u00f3noma de Madrid<\/strong>, el socialista <strong>Joaquin Leguina.<\/strong><\/p>\n<p>Naci\u00f3 en <strong>Madrid<\/strong> en 1935. M\u00e9dico de formaci\u00f3n, fue un excelente ginec\u00f3logo llegando a ser el m\u00e1ximo responsable del <strong>Servicio de Patolog\u00eda de Mama<\/strong> del entonces <strong>Hospital Francisco Franco<\/strong> de <strong>Madrid<\/strong>. Compagin\u00f3 su carrera profesional con la pasi\u00f3n por la pol\u00edtica y su servicio a <strong>Espa\u00f1a<\/strong>. Siempre estuvo donde pens\u00f3 que ten\u00eda que estar, defendiendo los valores y principios que consideraba los m\u00e1s justos en defensa de <strong>Espa\u00f1a<\/strong>.<\/p>\n<p><a href=\"https:\/\/www.webapuestas.com\/casas-apuestas?utm_source=300x300&amp;utm_medium=MediterraneoDigital&amp;utm_campaign=CasasdeApuestas\"><img decoding=\"async\" id=\"casas-de-apuestas-webapuestas-300x300\" alt=\"casas-de-apuestas-webapuestas-300x300\" src=\"https:\/\/analyse.optim.biz\/wp-content\/uploads\/2025\/12\/casas-apuestas-webapuestas-98.png\" width='300\"' height=\"300\" title=\"casas-apuestas-webapuestas-98\"><\/a><\/p>\n<p>Conoci\u00f3 a mi padre all\u00e1 por los a\u00f1os sesenta y junto a \u00e9l, fund\u00f3 el <strong>Partido Conservador<\/strong>, que m\u00e1s tarde se integrar\u00eda en <strong>Alianza Popular<\/strong> presidido por el entonces exministro de <strong>Franco, Manuel Fraga.<\/strong><\/p>\n<p>Aunque mi padre abandon\u00f3 la pol\u00edtica, <strong>Carlos<\/strong> seria elegido diputado por <strong>Madrid<\/strong> en 1982 y 1986 siendo portavoz de sanidad del <strong>Grupo Parlamentario Popular<\/strong>. Fue presidente de <strong>Alianza Popular<\/strong> de <strong>Madrid<\/strong> pero no tardar\u00eda en desencantarse de la deriva que el partido estaba tomando. En cierto sentido, fue un visionario.<\/p>\n<p><a href=\"https:\/\/estacerca.com\/casinos-con-retirada-instantanea\/\"><img decoding=\"async\" id=\"Casinos con retiro inmediato\" alt=\"Casinos con retiro inmediato\" src=\"https:\/\/analyse.optim.biz\/wp-content\/uploads\/2025\/12\/casinos-con-retiro-inmediato-98.png\" width='300\"' height=\"250\" title=\"casinos-con-retiro-inmediato-98\"><\/a><\/p>\n<p>Coincid\u00ed con \u00e9l siendo yo responsable de las juventudes de <strong>Juntas Espa\u00f1olas<\/strong> y nuestros caminos se volvieron a encontrar m\u00e1s tarde en el <strong>PADE, Partido Dem\u00f3crata Espa\u00f1ol<\/strong>, que fund\u00f3 junto a <strong>Juan Ramon Calero<\/strong> y en el que fue elegido <strong>Vicepresidente Primero.<\/strong><\/p>\n<p>Del <strong>PADE<\/strong> han salido adem\u00e1s de buenos amigos, grandes dirigentes pol\u00edticos, como su propio hijo, <strong>Enrique Ruiz Escudero<\/strong>, actual <strong>Consejero de Sanidad<\/strong> de la <strong>Comunidad de Madrid; Juan Jos\u00e9 Aizcorbe<\/strong>, diputado nacional de <strong>Vox<\/strong> por <strong>Barcelona<\/strong> y <strong>Jorge Cutillas<\/strong>, diputado en la <strong>Asamblea de Madrid<\/strong> por <strong>Vox<\/strong>, muestra de que el <strong>PADE<\/strong> se adelant\u00f3 a su tiempo y fue una escuela de buenos pol\u00edticos.<\/p>\n<p><a href=\"https:\/\/clsmining.com\/xml\/index.html#\/\"><img decoding=\"async\" id=\"cls-mining.gif\" alt=\"cls-mining.gif\" src=\"https:\/\/analyse.optim.biz\/wp-content\/uploads\/2025\/12\/cls-mining-91.gif\" width='300\"' height=\"250\" title=\"cls-mining-91\"><\/a><\/p>\n<p>Entre sus grandes pasiones no solo estaban la pol\u00edtica y la medicina, sino tambi\u00e9n su familia y la caza. Pocas familias he visto tan unidas como la <strong>Ruiz Escudero<\/strong>: sus hijos, <strong>Jos\u00e9 Antonio, Diego, Carlos, Enrique<\/strong> y <strong>Almudena<\/strong> y por supuesto, su querid\u00edsima esposa. Recuerdo innumerables fines de semana donde nos \u00edbamos a cazar a <strong>Aranjuez<\/strong>, siendo lo nuestro la caza menor. Fue una \u00e9poca inolvidable de largas conversaciones de copa y puro (por mi parte), donde habl\u00e1bamos de lo divino y lo humano. D\u00edas de charla, donde cre\u00edamos tener la soluci\u00f3n de todos los problemas que acechaban a <strong>Espa\u00f1a<\/strong>.<\/p>\n<p>Con el pasar del tiempo, los recuerdos se agolpan en mi memoria y uno tiene la sensaci\u00f3n, posiblemente err\u00f3nea, de que cualquier tiempo pasado fue mejor. Pienso en la conversaci\u00f3n que hoy mismo tendr\u00e1n mi padre y \u00e9l cuando se vuelvan a encontrar en el cielo dos grandes amigos. Posiblemente a esa charla se le sume un tercero: <strong>Diego M\u00e1rquez Horrillo<\/strong>.<\/p>\n<p>Descansa en paz, amigo <strong>Carlos<\/strong>.<\/p>\n<div id=\"author_infobox\">\n<div class=\"author_infobox_image_profile\"><img decoding=\"async\" src=\"https:\/\/analyse.optim.biz\/wp-content\/uploads\/2025\/12\/garcia-isac-javier.jpg\" alt=\"Javier Garc\u00eda Isac\" title=\"garcia-isac-javier\"><\/div>\n<div class=\"author_infobox_name\"><span class=\"bold\">Autor:<\/span> Javier Garc\u00eda Isac<span class=\"bold marginleft\">Website:<\/span><a href=\"https:\/\/www.radioya.es\/\" title=\"Website: https:\/\/www.radioya.es\/\">https:\/\/www.radioya.es\/<\/a><\/div>\n<div class=\"author_infobox_socialmedia\"><span class=\"facebook\"><a href=\"https:\/\/www.facebook.com\/profile.php?id=100009659475557\" title=\"Facebook\" target=\"_blank\"><img decoding=\"async\" src=\"https:\/\/analyse.optim.biz\/wp-content\/uploads\/2025\/12\/facebook.png\" title=\"facebook\"><\/a><\/span><span class=\"twitter\"><a href=\"https:\/\/twitter.com\/Javiergaciaisac\" title=\"Twitter\" target=\"_blank\"><img decoding=\"async\" src=\"https:\/\/analyse.optim.biz\/wp-content\/uploads\/2025\/12\/twitter-45.png\" title=\"twitter-45\"><\/a><\/span><\/div>\n<div class=\"author_infobox_description\">Javier Garc\u00eda Isac (Madrid, 1966) periodista, locutor, empresario y pol\u00edtico espa\u00f1ol.<\/p>\n<p>Licenciado en derecho por la Universidad Complutense de Madrid, es en la actualidad el director de Decisi\u00f3n Radio, d\u00f3nde dirige y presenta diariamente el programa de actualidad pol\u00edtica &#8216;En la boca del lobo&#8217;. Adem\u00e1s es presentador y director de los programas &#8216;Una hora en libertad&#8217;, &#8216;Entre viajes y fogones&#8217;, &#8217;40 a\u00f1os, historia de una \u00e9poca&#8217;, &#8216;Espa\u00f1oles olvidados&#8217;, &#8216;Toros, nuestra historia&#8217; y copresentador junto a Pedro Fern\u00e1ndez Barbadillo de &#8216;Cita con la historia&#8217;, todos ellos emitidos a trav\u00e9s de los micr\u00f3fonos de Decisi\u00f3n Radio. Adem\u00e1s, ha presentado distintos programas de televisi\u00f3n c\u00f3mo el &#8216;El Ring del Diario Ya&#8217; y &#8216;Debates en libertad&#8217;, los dos en Intereconom\u00eda TV. Ha pasado por Cope Madrid y EsRadio Madrid, siendo tambi\u00e9n director de Cadena Ib\u00e9rica y Radio YA.<\/p>\n<p>Articulista en distintos medios de comunicaci\u00f3n como MEDITERR\u00c1NEO DIGITAL, Rambla Libre, El Correo de Madrid o El Mundo Financiero, es asiduo a tertulias televisivas como el programa &#8216;El gato al agua&#8217; de Intereconom\u00eda TV o &#8216;Los Intocables&#8217; de Javier Algarra en Distrito TV.<\/p>\n<p>En 2017 publica su primer libro &#8216;Cita con la historia&#8217;\u200b. de SND Editores que recorre la historia espa\u00f1ola del Siglo XX, con pr\u00f3logo del exministro de Franco Jos\u00e9 Utrera Molina y ep\u00edlogo del periodista Emilio Javier.<\/p>\n<p>En diciembre de 2019, publica junto con el historiador Fernando Paz y \u00c1lvaro Romero &#8216;Franco en el banquillo. La defensa toma la palabra&#8217;. con pr\u00f3logo de Eduardo Garcia Serrano.<\/p>\n<p>Profesionalmente, Javier Garc\u00eda Isac se desempe\u00f1\u00f3 durante m\u00e1s de 20 a\u00f1os como directivo especialista en Facility Management y Buisness Travel, en diferentes empresas de consultor\u00eda como Accenture o Ernst &amp; Young.. \u200bEn la actualidad, es director de relaciones institucionales y responsable de formaci\u00f3n de IBTA.4\u200b<\/p><\/div>\n<\/div>\n<p><br class=\"clear\"><\/section>\n<\/article>\n<p> Source URL: https:\/\/www.mediterraneodigital.com\/opinion\/columnistas-de-opinion\/javier-garcia-isac\/carlos-ruiz-soto<\/p>\n","protected":false},"excerpt":{"rendered":"<p>Columnistas de opini\u00f3n Javier Garc\u00eda Isac Javier Garc\u00eda Isac 13 Julio 2022 En memoria de mi amigo Carlos Ruiz Soto Recibo con gran pesar y tristeza la noticia del fallecimiento de mi amigo, Carlos Ruiz Soto. Buen pol\u00edtico, mejor persona y excelente m\u00e9dico. Nos deja un gran hombre, un hombre bueno al que muchos madrile\u00f1os [&hellip;]<\/p>\n","protected":false},"author":1,"featured_media":843244,"comment_status":"open","ping_status":"","sticky":false,"template":"","format":"standard","meta":{"footnotes":""},"categories":[88],"tags":[109],"class_list":["post-843243","post","type-post","status-publish","format-standard","has-post-thumbnail","hentry","category-spain","tag-mediterraneodigital-com"],"_links":{"self":[{"href":"https:\/\/analyse.optim.biz\/index.php?rest_route=\/wp\/v2\/posts\/843243","targetHints":{"allow":["GET"]}}],"collection":[{"href":"https:\/\/analyse.optim.biz\/index.php?rest_route=\/wp\/v2\/posts"}],"about":[{"href":"https:\/\/analyse.optim.biz\/index.php?rest_route=\/wp\/v2\/types\/post"}],"author":[{"embeddable":true,"href":"https:\/\/analyse.optim.biz\/index.php?rest_route=\/wp\/v2\/users\/1"}],"replies":[{"embeddable":true,"href":"https:\/\/analyse.optim.biz\/index.php?rest_route=%2Fwp%2Fv2%2Fcomments&post=843243"}],"version-history":[{"count":0,"href":"https:\/\/analyse.optim.biz\/index.php?rest_route=\/wp\/v2\/posts\/843243\/revisions"}],"wp:featuredmedia":[{"embeddable":true,"href":"https:\/\/analyse.optim.biz\/index.php?rest_route=\/wp\/v2\/media\/843244"}],"wp:attachment":[{"href":"https:\/\/analyse.optim.biz\/index.php?rest_route=%2Fwp%2Fv2%2Fmedia&parent=843243"}],"wp:term":[{"taxonomy":"category","embeddable":true,"href":"https:\/\/analyse.optim.biz\/index.php?rest_route=%2Fwp%2Fv2%2Fcategories&post=843243"},{"taxonomy":"post_tag","embeddable":true,"href":"https:\/\/analyse.optim.biz\/index.php?rest_route=%2Fwp%2Fv2%2Ftags&post=843243"}],"curies":[{"name":"wp","href":"https:\/\/api.w.org\/{rel}","templated":true}]}}