{"id":843223,"date":"2025-12-04T16:09:10","date_gmt":"2025-12-04T13:09:10","guid":{"rendered":"https:\/\/analyse.optim.biz\/?p=843223"},"modified":"2025-12-04T16:09:10","modified_gmt":"2025-12-04T13:09:10","slug":"una-huelga-como-declaracion-de-guerra-politica","status":"publish","type":"post","link":"https:\/\/analyse.optim.biz\/?p=843223","title":{"rendered":"Una huelga como declaraci\u00f3n de guerra pol\u00edtica"},"content":{"rendered":"<article>\n<aside class=\"article-aside clearfix\">\n<dl class=\"article-info  muted\">\n<dd class=\"parent-category-name hasTooltip\" title=\"Categor\u00eda de nivel principal o ra\u00edz: \"><span>Columnistas de opini\u00f3n<\/span><\/dd>\n<dd class=\"category-name hasTooltip\" title=\"Categor\u00eda: \"><span>I\u00f1aki Anasagasti<\/span><\/dd>\n<dd class=\"createdby hasTooltip\" title=\"Escrito por \"><span>I\u00f1aki Anasagasti<\/span><span><span><img decoding=\"async\" src=\"https:\/\/analyse.optim.biz\/wp-content\/uploads\/2025\/12\/logo-96.png\" alt=\"logo\" title=\"logo-96\"><\/span><\/span><\/dd>\n<dd class=\"published hasTooltip\" title=\"Publicado: \"><time datetime=\"2020-01-30T18:22:39+01:00\"><br \/>\n\t\t\t\t\t30 Enero 2020          <\/time><\/dd>\n<\/dl>\n<\/aside>\n<header class=\"article-header clearfix\">\n<h1 class=\"article-title\"><a href=\"https:\/\/www.mediterraneodigital.com\/opinion\/columnistas-de-opinion\/inaki-anasagasti\/huelga-euskadi\" title=\"Una huelga como declaraci\u00f3n de guerra pol\u00edtica\"><br \/>\n\t\t\t\tUna huelga como declaraci\u00f3n de guerra pol\u00edtica<\/a><\/h1>\n<\/header>\n<section class=\"article-content clearfix\"><img loading=\"lazy\" decoding=\"async\" src=\"https:\/\/analyse.optim.biz\/wp-content\/uploads\/2025\/12\/huelga-euskadi-1.jpg\" alt=\"huelga euskadi\" width=\"600\" height=\"336\" title=\"huelga-euskadi-1\"><a href=\"https:\/\/fueradelimites.com\/resena\/\"><img decoding=\"async\" id=\"resenas-de-casinos-300x250\" alt=\"resenas-de-casinos\" src=\"https:\/\/analyse.optim.biz\/wp-content\/uploads\/2025\/12\/resenas-de-casinos-300x250-98.png\" width='300\"' height=\"250\" title=\"resenas-de-casinos-300x250-98\"><\/a><\/p>\n<p>El portavoz del <strong>Gobierno Vasco<\/strong> al ser preguntado por la <strong>Huelga<\/strong> de este jueves dijo.<em> &#8220;Huelga General en \u00e9poca electoral, blanco y en botella&#8221;.<\/em><\/p>\n<p><em>&#8220;Elemental querido Watson&#8221;<\/em> que dec\u00eda <strong>Sherlock Holmes<\/strong>.<\/p>\n<p><a href=\"https:\/\/www.webapuestas.com\/casas-apuestas?utm_source=300x300&amp;utm_medium=MediterraneoDigital&amp;utm_campaign=CasasdeApuestas\"><img decoding=\"async\" id=\"casas-de-apuestas-webapuestas-300x300\" alt=\"casas-de-apuestas-webapuestas-300x300\" src=\"https:\/\/analyse.optim.biz\/wp-content\/uploads\/2025\/12\/casas-apuestas-webapuestas-96.png\" width='300\"' height=\"300\" title=\"casas-apuestas-webapuestas-96\"><\/a><\/p>\n<p>El largo brazo de <strong>Sortu<\/strong> quiere cambiar las cosas, aunque vayan bien. No aguantan estar en la oposici\u00f3n. Condicionaban el tablero cuando exist\u00eda <strong>ETA<\/strong>. Ahora se han cansado de esperar. Quieren darle su impronta a toda la pol\u00edtica vasca y usan la presi\u00f3n que no le han dado las urnas para crear ambiente electoral contra un gobierno de coalici\u00f3n que funciona y ha cumplido su oferta al electorado cuando dijo que el paro bajar\u00eda del 10%. La presi\u00f3n y la coacci\u00f3n.<\/p>\n<p>Pero es que la mentalidad de <strong>Sortu<\/strong> no es democr\u00e1tica. No nos enga\u00f1emos. La huelga es un instrumento democr\u00e1tico de los trabajadores pero no estamos hablando de eso. Lo ha dicho <strong>Lakuntza<\/strong>.<em> &#8220;Es una huelga pol\u00edtica&#8221;.<\/em> Le ha faltado decir, <em>&#8220;El fin justifica los medios&#8221;<\/em>. Y los medios son los extremos y para eso <strong>ELA<\/strong> y <strong>LAB<\/strong> como brazos ejecutores de <strong>Sortu<\/strong> y la presi\u00f3n de una violencia insinuada y efectiva como ya hemos visto en algunas localidades van a por todas.<\/p>\n<p><a href=\"https:\/\/estacerca.com\/casinos-con-retirada-instantanea\/\"><img decoding=\"async\" id=\"Casinos con retiro inmediato\" alt=\"Casinos con retiro inmediato\" src=\"https:\/\/analyse.optim.biz\/wp-content\/uploads\/2025\/12\/casinos-con-retiro-inmediato-96.png\" width='300\"' height=\"250\" title=\"casinos-con-retiro-inmediato-96\"><\/a><\/p>\n<p>El odio ideol\u00f3gico funciona as\u00ed.<\/p>\n<p>Se entiende que el lehendakari <strong>Urkullu<\/strong> se niegue en estas circunstancias a recibir a <strong>ELA<\/strong> y <strong>LAB<\/strong>. Suena a frivolidad solicitar una entrevista tras llamar a la huelga general, que equivale a una declaraci\u00f3n de guerra. Esa acci\u00f3n coincide con la petici\u00f3n de reuni\u00f3n cursada a <strong>Pedro S\u00e1nchez<\/strong> y a<strong> Pablo Iglesias<\/strong> por la corriente de pensionistas impulsora de la huelga. En pol\u00edtica casi nada ocurre por casualidad, basta observar el contexto actual: actitud beligerante de <strong>EH Bildu<\/strong> en la negociaci\u00f3n presupuestaria, es probable que se transfiera a <strong>Euskadi<\/strong> la gesti\u00f3n de la<strong> Seguridad Social<\/strong>, se acercan las elecciones al <strong>Parlamento Vasco<\/strong>\u2026<\/p>\n<p><a href=\"https:\/\/clsmining.com\/xml\/index.html#\/\"><img decoding=\"async\" id=\"cls-mining.gif\" alt=\"cls-mining.gif\" src=\"https:\/\/analyse.optim.biz\/wp-content\/uploads\/2025\/12\/cls-mining-89.gif\" width='300\"' height=\"250\" title=\"cls-mining-89\"><\/a><\/p>\n<p>Convocar una huelga para demandar todo lo imaginable es lo mismo que no reclamar nada. La huelga es un derecho individual que se ejerce de forma colectiva. Corresponde a trabajadores y trabajadoras valorar, sin presiones ajenas, si esa huelga que promete el para\u00edso terrenal va a mejorar sus condiciones de vida. Respecto a las pensiones p\u00fablicas, sabiendo que el proyecto soberanista de la izquierda abertzale incluye un modelo desligado de la caja com\u00fan de la <strong>Seguridad Social<\/strong>, esa huelga perjudica los intereses de los pensionistas de hoy y de ma\u00f1ana.<\/p>\n<p>Hasta aqu\u00ed el pensionista.<\/p>\n<p>Pero esto no les importa nada. En el punto de mira <strong>Urkullu<\/strong> y el <strong>EAJ-PNV<\/strong>.<\/p>\n<p>La gasolina el odio ideol\u00f3gico.<\/p>\n<p>Repito. El fin justifica los medios. T\u00edpica manera de proceder comunista, ideolog\u00eda que cuando est\u00e1 en el poder elimina los sindicatos.<\/p>\n<p><strong>I\u00f1aki Anasagasti [<span><a href=\"https:\/\/twitter.com\/ianasagasti\" target=\"_blank\" rel=\"nofollow noopener\">@ianasagasti<\/a><\/span>]<\/strong><br \/><strong>Pol\u00edtico vasco. Exdiputado y exsenador. Publicado en\u00a0<span><a href=\"https:\/\/ianasagasti.blogs.com\/\" target=\"_blank\" rel=\"nofollow noopener\">El Blog de I\u00f1aki Anasagasti<\/a><\/span><\/strong><\/p>\n<div id=\"author_infobox\">\n<div class=\"author_infobox_image_profile\"><img decoding=\"async\" src=\"https:\/\/analyse.optim.biz\/wp-content\/uploads\/2025\/12\/inaki-anasagasti.jpg\" alt=\"I\u00f1aki Anasagasti\" title=\"inaki-anasagasti\"><\/div>\n<div class=\"author_infobox_name\"><span class=\"bold\">Autor:<\/span> I\u00f1aki Anasagasti<span class=\"bold marginleft\">Website:<\/span><a href=\"https:\/\/ianasagasti.blogs.com\/\" title=\"Website: https:\/\/ianasagasti.blogs.com\/\">https:\/\/ianasagasti.blogs.com\/<\/a><\/div>\n<div class=\"author_infobox_socialmedia\"><span class=\"twitter\"><a href=\"https:\/\/twitter.com\/ianasagasti\" title=\"Twitter\" target=\"_blank\"><img decoding=\"async\" src=\"https:\/\/analyse.optim.biz\/wp-content\/uploads\/2025\/12\/twitter-43.png\" title=\"twitter-43\"><\/a><\/span><\/div>\n<div class=\"author_infobox_description\">I\u00f1aki Mirena Anasagasti Olabeaga, naci\u00f3 en Cuman\u00e1 (Venezuela), en el exilio de sus padres. Estudi\u00f3 en Cuman\u00e1, San Sebasti\u00e1n (Marianistas) y Bilbao (Santiago Apostol) el bachillerato. Terminado \u00e9ste se licenci\u00f3 en Comunicaci\u00f3n Social en Caracas (Universidad Cat\u00f3lica Andr\u00e9s Bello). Estudi\u00f3 asimismo Econom\u00eda y Estudios Internacionales. Fue Presidente de Euzko Gaztedi del Centro Vasco de Caracas. Responsable de Radio Euzkadi, Gudari y distintas acciones y publicaciones clandestinas.<\/p>\n<p>Vuelve a Bilbao en 1975. Responsable de la publicaci\u00f3n Euzkadi es detenido el 1 de abril de 1976. Elegido miembro de la ejecutiva del PNV de Bizkaia (Bizkai Buru Batzar) en febrero de 1977 y del Euzkadi Buru Batzar en junio de ese a\u00f1o. Portavoz del EBB tras la aprobaci\u00f3n del estatuto de Autonom\u00eda de Gernika es elegido parlamentario por Bizkaia en 1980. Reelegido en 1984.<\/p>\n<p>En 1986 es elegido diputado en el Congreso por Bizkaia, es nombrado portavoz del Grupo Vasco siendo reelegido en 1989, 1993, 1996 y 2000. En marzo del a\u00f1o 2004 es elegido senador en representaci\u00f3n de Bizkaia. Secretario primero de la Mesa del Senado forma parte de las Comisiones de Exteriores, Defensa, Iberoam\u00e9rica, Mixta de la Uni\u00f3n Europea y de la Comisi\u00f3n de Reglamento.<\/p><\/div>\n<\/div>\n<p><br class=\"clear\"><\/section>\n<\/article>\n<p> Source URL: https:\/\/www.mediterraneodigital.com\/opinion\/columnistas-de-opinion\/inaki-anasagasti\/huelga-euskadi<\/p>\n","protected":false},"excerpt":{"rendered":"<p>Columnistas de opini\u00f3n I\u00f1aki Anasagasti I\u00f1aki Anasagasti 30 Enero 2020 Una huelga como declaraci\u00f3n de guerra pol\u00edtica El portavoz del Gobierno Vasco al ser preguntado por la Huelga de este jueves dijo. &#8220;Huelga General en \u00e9poca electoral, blanco y en botella&#8221;. &#8220;Elemental querido Watson&#8221; que dec\u00eda Sherlock Holmes. El largo brazo de Sortu quiere cambiar [&hellip;]<\/p>\n","protected":false},"author":1,"featured_media":843224,"comment_status":"open","ping_status":"","sticky":false,"template":"","format":"standard","meta":{"footnotes":""},"categories":[88],"tags":[109],"class_list":["post-843223","post","type-post","status-publish","format-standard","has-post-thumbnail","hentry","category-spain","tag-mediterraneodigital-com"],"_links":{"self":[{"href":"https:\/\/analyse.optim.biz\/index.php?rest_route=\/wp\/v2\/posts\/843223","targetHints":{"allow":["GET"]}}],"collection":[{"href":"https:\/\/analyse.optim.biz\/index.php?rest_route=\/wp\/v2\/posts"}],"about":[{"href":"https:\/\/analyse.optim.biz\/index.php?rest_route=\/wp\/v2\/types\/post"}],"author":[{"embeddable":true,"href":"https:\/\/analyse.optim.biz\/index.php?rest_route=\/wp\/v2\/users\/1"}],"replies":[{"embeddable":true,"href":"https:\/\/analyse.optim.biz\/index.php?rest_route=%2Fwp%2Fv2%2Fcomments&post=843223"}],"version-history":[{"count":0,"href":"https:\/\/analyse.optim.biz\/index.php?rest_route=\/wp\/v2\/posts\/843223\/revisions"}],"wp:featuredmedia":[{"embeddable":true,"href":"https:\/\/analyse.optim.biz\/index.php?rest_route=\/wp\/v2\/media\/843224"}],"wp:attachment":[{"href":"https:\/\/analyse.optim.biz\/index.php?rest_route=%2Fwp%2Fv2%2Fmedia&parent=843223"}],"wp:term":[{"taxonomy":"category","embeddable":true,"href":"https:\/\/analyse.optim.biz\/index.php?rest_route=%2Fwp%2Fv2%2Fcategories&post=843223"},{"taxonomy":"post_tag","embeddable":true,"href":"https:\/\/analyse.optim.biz\/index.php?rest_route=%2Fwp%2Fv2%2Ftags&post=843223"}],"curies":[{"name":"wp","href":"https:\/\/api.w.org\/{rel}","templated":true}]}}