{"id":842825,"date":"2025-12-04T00:00:00","date_gmt":"2025-12-03T21:00:00","guid":{"rendered":"https:\/\/analyse.optim.biz\/?p=842825"},"modified":"2025-12-04T00:00:00","modified_gmt":"2025-12-03T21:00:00","slug":"impulsando-una-normativa-sobre-datos-informada-y-eficiente-en-la-17a-conferencia-asedie-periodista-digital","status":"publish","type":"post","link":"https:\/\/analyse.optim.biz\/?p=842825","title":{"rendered":"Impulsando una normativa sobre datos informada y eficiente en la 17\u00aa Conferencia ASEDIE &#8211; Periodista Digital"},"content":{"rendered":"<div class=\"m4p-post-content\">\n<p><span class=\"m4p-capitular\">A<\/span>cogida esta vez por el Ministerio para la Transformaci\u00f3n Digital y de la Funci\u00f3n P\u00fablica, la Conferencia ha vuelto a ser el escenario de un encuentro anual de expertos de diversos \u00e1mbitos, \u00e1reas geogr\u00e1ficas y sectores; un espacio de intercambio y reflexi\u00f3n destinado a aprender y a compartir ideas, experiencias, conocimiento y opiniones sobre transparencia, apertura, gobernabilidad y regulaci\u00f3n de los datos. Este a\u00f1o, el centro de atenci\u00f3n ha girado en torno a la posibilidad de crear un espacio constructivo desde el que impulsar una normativa de datos que se ajuste a la realidad del Sector y est\u00e9 a la altura de los retos actuales.<\/p>\n<p>El acto ha sido inaugurado por D\u00aa. Consuelo S\u00e1nchez Naranjo, Secretaria de Estado de Funci\u00f3n P\u00fablica, quien ha invitado a seguir considerando la pol\u00edtica de los datos abiertos como una pol\u00edtica p\u00fablica transformadora que impulse transparencia, participaci\u00f3n, mejores decisiones y oportunidades para todos.<\/p>\n<p>D\u00aa. Ruth del Campo Becares, directora general del Dato, en sus palabras de bienvenida, ha subrayado la necesidad de impulsar la normativa para abrir m\u00e1s datos de alto valor y D. Ignacio Jim\u00e9nez, presidente de ASEDIE, ha resaltado la colaboraci\u00f3n con el Ministerio para la Transformaci\u00f3n Digital y de la Funci\u00f3n P\u00fablica, a trav\u00e9s de la Direcci\u00f3n General del Dato y la Direcci\u00f3n General de Gobernanza P\u00fablica para impulsar la apertura y reutilizaci\u00f3n de datos en Espa\u00f1a.<\/p>\n<p>A continuaci\u00f3n, han intervenido desde la Representaci\u00f3n Permanente de Espa\u00f1a para la Uni\u00f3n Europea en Bruselas D. Miguel Valle del Olmo, Consejero de Transformaci\u00f3n Digital y D\u00aa. Almudena Darias de las Heras, Consejera de Justica, quienes han ofrecido a los asistentes una informada y detallada perspectiva de la situaci\u00f3n normativa en la que actualmente se est\u00e1 trabajando en Europa con relaci\u00f3n al mundo de los datos, de las herramientas para enfrentarse a los retos que este mundo plantea y de la forma de aprovechar as\u00ed las oportunidades que al sector infomediario se le ofrecen a nivel espa\u00f1ol y europeo.<\/p>\n<p>El resto de la jornada se ha desarrollado en torno a tres mesas redondas en las que distintos ponentes han tratado temas de alta relevancia e impacto para el presente y el futuro del sector.<\/p>\n<p>La primera mesa redonda, titulada<em>\u00a0\u2018<strong>Simplificaci\u00f3n normativa y seguridad jur\u00eddica: Pilares para un marco \u00e1gil y eficiente\u2019<\/strong><\/em>, ha estado moderada por D. Ignacio Jim\u00e9nez y en ella han participado D\u00aa. Meritxell Borr\u00e0s i Sol\u00e9, directora de la Autoritat Catalana de Protecci\u00f3 de Dades y D. Carlos Alonso, Director de Divisi\u00f3n en la Direcci\u00f3n General del Dato. En ella se ha advertido sobre los riesgos de inseguridad jur\u00eddica derivados de la propuesta europea Digital \u00d3mnibus y se ha defendido la necesidad de garantizar la interoperabilidad y la reutilizaci\u00f3n de datos p\u00fablicos con privacidad desde el dise\u00f1o y mediante tecnolog\u00edas que la refuercen. Tambi\u00e9n se ha matizado la importancia del Gobierno del Dato y de las especificaciones UNE sobre gobierno, gesti\u00f3n y calidad del dato.<\/p>\n<p>En la segunda mesa redonda, esta vez moderada por D. Manuel Hurtado, vocal de la Junta Directiva de ASEDIE, se han abordado el concepto y la implementaci\u00f3n pr\u00e1ctica del Gobierno Abierto bajo el t\u00edtulo: \u2018<strong><em>Transparencia y Gobierno Abierto, de la teor\u00eda a la pr\u00e1ctica\u2019<\/em><\/strong><em>. <\/em>D\u00aa. Carmen Cabanillas, directora general de Gobernanza P\u00fablica de la Secretar\u00eda de Estado de Funci\u00f3n P\u00fablica; D. Jos\u00e9 Luis Rodr\u00edguez \u00c1lvarez, presidente del Consejo de Transparencia y Buen Gobierno; D. Jos\u00e9 M\u00e1ximo L\u00f3pez Vilaboa, director general de Transparencia y Buen Gobierno de la Comunidad de Castilla y Le\u00f3n; y D\u00aa. \u00c1ngela P\u00e9rez Brunete, directora general de Transparencia y Calidad del Ayuntamiento de Madrid, han compartido con la audiencia la importancia de reforzar las garant\u00edas del derecho de acceso a la informaci\u00f3n p\u00fablica, otorgando al Consejo de Transparencia mayor potestad para imponer sanciones. Se trat\u00f3 tambi\u00e9n el tema del silencio administrativo negativo que representa el 42% de las reclamaciones en 2024.<\/p>\n<p><strong><em>\u2018Registros abiertos y transparentes. Prevenir el blanqueo sin frenar la competitividad\u2019<\/em><\/strong><em>\u00a0<\/em>ha sido el t\u00edtulo de la tercera y \u00faltima mesa redonda, moderada por D. Valent\u00edn Arce, vicepresidente de ASEDIE. En esta mesa, D. Antonio Fuentes Paniagua, subdirector general del Notariado y de los Registros del Ministerio de la Presidencia, Justicia y Relaciones con las Cortes; D. Andr\u00e9s Mart\u00ednez Calvo, Consultor del \u00d3rgano Centralizado de Prevenci\u00f3n (OCP) del Consejo General del Notariado; D. Carlos Balmisa, secretario general t\u00e9cnico del Colegio de Registradores de Espa\u00f1a y D. Jos\u00e9 Luis Perea, secretario general de ATA, han intercambiado opiniones sobre c\u00f3mo mejorar la colaboraci\u00f3n entre administraciones y sector privado para combatir el blanqueo de capitales sin olvidar las figuras de los aut\u00f3nomos y las pymes. Se ha destacado la importancia de retomar el acceso a la informaci\u00f3n de los aut\u00f3nomos en aras de no perder competitividad.<\/p>\n<p>Esta edici\u00f3n de la Conferencia ASEDIE ha acogido tambi\u00e9n la entrega de la certificaci\u00f3n UNE 80 por AENOR a la Confederaci\u00f3n Hidrogr\u00e1fica del Guadalquivir.<\/p>\n<p>Asimismo, fiel a la tradici\u00f3n de a\u00f1os anteriores, la Conferencia ha servido tambi\u00e9n de marco para la entrega de la <strong>12\u00aa edici\u00f3n del Premio ASEDIE.<\/strong> Este galard\u00f3n distingue por su destacada labor a diversas personas, entidades y proyectos que, durante el \u00faltimo a\u00f1o, han impulsado la innovaci\u00f3n y el desarrollo del sector.<\/p>\n<p>En la categor\u00eda <strong>Impulsando la Econom\u00eda del Dato<\/strong>, el Premio ASEDIE 2025 se ha otorgado a la plataforma <a href=\"https:\/\/www.universidata.es\/\" rel=\"nofollow\">UniversiDATA<\/a>, un portal colaborativo de datos abiertos sobre educaci\u00f3n superior que fomenta la reutilizaci\u00f3n de datos mediante APIs abiertas, datahones y aplicaciones anal\u00edticas. Este galard\u00f3n supone un reconocimiento p\u00fablico a la enorme labor de armonizaci\u00f3n y apertura de datos que ha llevado a cabo el equipo de UniversiDATA. Han recogido el galard\u00f3n los representantes de DIMETRICAL y de las Universidades participantes del proyecto.<\/p>\n<p>Por otro lado, en la categor\u00eda <strong>Impulsando el Conocimiento del Dato<\/strong>, han sido galardonados los proyectos <a href=\"https:\/\/geoportal.registradores.org\/home\" rel=\"nofollow\"><strong>GeoEdit Pro y Portal Registral de Emergencias<\/strong><\/a>del Colegio de Registradores de Espa\u00f1a. Estos proyectos han destacado por su innovaci\u00f3n en la integraci\u00f3n de datos geoespaciales y jur\u00eddicos, al crear un servicio \u00fanico en el mercado que conecta dos campos esenciales para la seguridad jur\u00eddica y la planificaci\u00f3n territorial. Han recogido el premio D. Luis Manuel Benavides Parra y D\u00aa. Pilar Olivares Garc\u00eda.Director y Coordinadora del Servicio de Bases gr\u00e1ficas Registrales.<\/p>\n<p>Finalmente, la clausura ha corrido a cargo de D. Ignacio Jim\u00e9nez, quien ha dirigido a los asistentes unas breves palabras agradeciendo el apoyo del Ministerio y destacando la importancia de la calidad, gobernanza y apertura del dato como motores de una administraci\u00f3n moderna, basada en la colaboraci\u00f3n p\u00fablico-privada para impulsar la Econom\u00eda del Dato.<\/p>\n<p><img decoding=\"async\" class=\"mediakit\" src=\"https:\/\/www.comunicae.es\/notificaLectura.php?notaId=1268409&amp;tipoCanalId=122&amp;edr=1766185200000\" width=\"1px\" height=\"1px\"><\/p>\n<\/div>\n<p> Source URL: https:\/\/www.periodistadigital.com\/economia\/notas-prensa\/20251204\/impulsando-normativa-datos-informada-eficiente-17a-conferencia-asedie-noticia-689405160162\/<\/p>\n","protected":false},"excerpt":{"rendered":"<p>Acogida esta vez por el Ministerio para la Transformaci\u00f3n Digital y de la Funci\u00f3n P\u00fablica, la Conferencia ha vuelto a ser el escenario de un encuentro anual de expertos de diversos \u00e1mbitos, \u00e1reas geogr\u00e1ficas y sectores; un espacio de intercambio y reflexi\u00f3n destinado a aprender y a compartir ideas, experiencias, conocimiento y opiniones sobre transparencia, [&hellip;]<\/p>\n","protected":false},"author":1,"featured_media":0,"comment_status":"open","ping_status":"","sticky":false,"template":"","format":"standard","meta":{"footnotes":""},"categories":[88],"tags":[112],"class_list":["post-842825","post","type-post","status-publish","format-standard","hentry","category-spain","tag-periodistadigital-com"],"_links":{"self":[{"href":"https:\/\/analyse.optim.biz\/index.php?rest_route=\/wp\/v2\/posts\/842825","targetHints":{"allow":["GET"]}}],"collection":[{"href":"https:\/\/analyse.optim.biz\/index.php?rest_route=\/wp\/v2\/posts"}],"about":[{"href":"https:\/\/analyse.optim.biz\/index.php?rest_route=\/wp\/v2\/types\/post"}],"author":[{"embeddable":true,"href":"https:\/\/analyse.optim.biz\/index.php?rest_route=\/wp\/v2\/users\/1"}],"replies":[{"embeddable":true,"href":"https:\/\/analyse.optim.biz\/index.php?rest_route=%2Fwp%2Fv2%2Fcomments&post=842825"}],"version-history":[{"count":0,"href":"https:\/\/analyse.optim.biz\/index.php?rest_route=\/wp\/v2\/posts\/842825\/revisions"}],"wp:attachment":[{"href":"https:\/\/analyse.optim.biz\/index.php?rest_route=%2Fwp%2Fv2%2Fmedia&parent=842825"}],"wp:term":[{"taxonomy":"category","embeddable":true,"href":"https:\/\/analyse.optim.biz\/index.php?rest_route=%2Fwp%2Fv2%2Fcategories&post=842825"},{"taxonomy":"post_tag","embeddable":true,"href":"https:\/\/analyse.optim.biz\/index.php?rest_route=%2Fwp%2Fv2%2Ftags&post=842825"}],"curies":[{"name":"wp","href":"https:\/\/api.w.org\/{rel}","templated":true}]}}