{"id":842823,"date":"2025-12-04T00:00:00","date_gmt":"2025-12-03T21:00:00","guid":{"rendered":"https:\/\/analyse.optim.biz\/?p=842823"},"modified":"2025-12-04T00:00:00","modified_gmt":"2025-12-03T21:00:00","slug":"en-directo-pedro-sanchez-que-vivio-de-las-saunas-conocia-y-tapo-las-guarrerias-de-paco-salazar-periodista-digital","status":"publish","type":"post","link":"https:\/\/analyse.optim.biz\/?p=842823","title":{"rendered":"EN DIRECTO\/ Pedro S\u00e1nchez, que vivi\u00f3 de las saunas, conoc\u00eda y tap\u00f3 las guarrer\u00edas de Paco Salazar &#8211; Periodista Digital"},"content":{"rendered":"<div class=\"m4p-post-content\">\n<div class=\"block-vertical-align-right\">\n<div class=\"m4p-relations-group\">\n<div class=\"m4p-group-vertical-title\">\n<h2>M\u00e1s informaci\u00f3n<\/h2>\n<\/div>\n<div class=\"m4p-summary-news\">\n<figure class=\"m4p-image m4p-crop-medium-1\"><a href=\"https:\/\/www.periodistadigital.com\/politica\/20251204\/caso-salazar-revienta-plan-esperanza-psoe-recuperar-voto-mujeres-noticia-689405160095\/\"><img loading=\"lazy\" decoding=\"async\" src=\"https:\/\/www.periodistadigital.com\/wp-content\/uploads\/2025\/12\/Paco-Salazar-320x214.jpg\" width=\"320\" height=\"214\" alt=\"El caso Salazar revienta el plan y la esperanza del PSOE para recuperar el voto de las mujeres\"><\/a><\/figure>\n<div class=\"m4p-summary-news-title\">\n<h3><a href=\"https:\/\/www.periodistadigital.com\/politica\/20251204\/caso-salazar-revienta-plan-esperanza-psoe-recuperar-voto-mujeres-noticia-689405160095\/\">El caso Salazar revienta el plan y la esperanza del PSOE para recuperar el voto de las mujeres<\/a><\/h3>\n<\/div>\n<\/div>\n<div class=\"m4p-summary-news\">\n<figure class=\"m4p-image m4p-crop-medium-1\"><a href=\"https:\/\/www.periodistadigital.com\/television\/20251203\/ana-rosa-desarma-pregunta-sanchez-renegar-abalos-cerdan-paco-salazar-video-689405159944\/\"><img loading=\"lazy\" decoding=\"async\" src=\"https:\/\/www.periodistadigital.com\/wp-content\/uploads\/2025\/12\/ana-rosa-2025-12-03-a-las-14-compressed-320x214.jpg\" width=\"320\" height=\"214\" alt=\"Ana Rosa desarma con una pregunta a S\u00e1nchez por renegar de \u00c1balos, Cerd\u00e1n y Paco Salazar\"><\/a><\/figure>\n<div class=\"m4p-summary-news-title\">\n<h3><a href=\"https:\/\/www.periodistadigital.com\/television\/20251203\/ana-rosa-desarma-pregunta-sanchez-renegar-abalos-cerdan-paco-salazar-video-689405159944\/\">Ana Rosa desarma con una pregunta a S\u00e1nchez por renegar de \u00c1balos, Cerd\u00e1n y Paco Salazar<\/a><\/h3>\n<\/div>\n<\/div>\n<\/div>\n<\/div>\n<p>No enga\u00f1a a nadie.<\/p>\n<p>El numerito de \u00aba ese se\u00f1or no lo conozco\u00bb ya no funciona. El esperpento del presidente del Gobierno, <strong>Pedro S\u00e1nchez<\/strong>, afirmando que, en lo personal, \u00c1balos era un \u00abdesconocido\u00bb es tan infumable que incluso hasta los miembros de la sincronizada no han podido hacer ninguna contorsi\u00f3n para replicar el relato.<\/p>\n<p>Ahora, con Paco Salazar, Ferraz y Moncloa quieren aplicar la misma trola.<\/p>\n<p>La ministra Pilar Alegr\u00eda, que hace unas semanas comi\u00f3 con \u00e9l, asegura ahora que sus comportamientos son asquerosos. S\u00e1nchez entona eso de que \u00abactuaron con rapidez\u00bb. Sin embargo, nadie traga semejantes absurdos.<\/p>\n<p>Es tal el nivel de esc\u00e1ndalo que la noticia del borrado interno de las denuncias para apagar el incendio salt\u00f3 en elDiario.es, uno de los pasquines de los socialistas.<\/p>\n<p>Lo de Salazar es otra demostraci\u00f3n del nivel de descomposici\u00f3n que S\u00e1nchez ha tra\u00eddo al PSOE.<\/p>\n<p>La habilidad para reclutar a personajes clave en su equipo es incre\u00edble. Y no nos equivoquemos: ahora har\u00e1n pasar al salaz Salazar como \u00abun militante m\u00e1s\u00bb cuando era uno de los hombres de mayor confianza del marido de Bego\u00f1a.<\/p>\n<p>Fue una persona clave en la capacidad de formar los gobiernos Frankenstein de S\u00e1nchez.<\/p>\n<p>Entre otras cosas, hay que destacar que fue el primer compa\u00f1ero de piso de <strong>Santos Cerd\u00e1n<\/strong> en Madrid. Es tal el nivel de cercan\u00eda que han intentado rescatarlo de forma indirecta: a trav\u00e9s de su consultora, cuya sede se encuentra a pocos metros de la sede de los socialistas.<\/p>\n<p>A lo del salaz Salazar se suma un nuevo esc\u00e1ndalo de presunto acoso sexual en las filas socialistas. El secretario general del PSOE en Torremolinos, Antonio Navarro, habr\u00eda acosado a una edil con actuaciones similares a las del incondicional de S\u00e1nchez.<\/p>\n<p>Claro que S\u00e1nchez conoc\u00eda en lo personal a \u00c1balos. Por supuesto que ten\u00eda noci\u00f3n de los chanchullos de Cerd\u00e1n; de las movidas de Koldo y hasta de las guarrer\u00edas de Salazar. Y lo sab\u00eda porque su proyecto autoritario no podr\u00eda haberlo impulsado con gente medianamente decente y con un m\u00ednimo de valores. S\u00e1nchez, que vivi\u00f3 de las saunas de su suegro, necesitaba precisamente a ese tipo de gente que pudiera mentir como respirar, pactar con etarras, y destruir Espa\u00f1a con tal de mantenerse en el poder.<\/p>\n<p><strong>Alfonso Rojo<\/strong> aborda este y otros asuntos de actualidad en el \u201924\u00d77\u2032 de este jueves, 4 de diciembre, junto al presidente de Iustitia Europa, <strong>Luis Mar\u00eda Pardo<\/strong>.<\/p>\n<\/div>\n<p> Source URL: https:\/\/www.periodistadigital.com\/periodismo\/periodismo-online\/20251204\/pedro-sanchez-vivio-saunas-conocia-tapo-guarrerias-paco-salazar-video-689405160170\/<\/p>\n","protected":false},"excerpt":{"rendered":"<p>M\u00e1s informaci\u00f3n El caso Salazar revienta el plan y la esperanza del PSOE para recuperar el voto de las mujeres Ana Rosa desarma con una pregunta a S\u00e1nchez por renegar de \u00c1balos, Cerd\u00e1n y Paco Salazar No enga\u00f1a a nadie. El numerito de \u00aba ese se\u00f1or no lo conozco\u00bb ya no funciona. El esperpento del [&hellip;]<\/p>\n","protected":false},"author":1,"featured_media":0,"comment_status":"open","ping_status":"","sticky":false,"template":"","format":"standard","meta":{"footnotes":""},"categories":[88],"tags":[112],"class_list":["post-842823","post","type-post","status-publish","format-standard","hentry","category-spain","tag-periodistadigital-com"],"_links":{"self":[{"href":"https:\/\/analyse.optim.biz\/index.php?rest_route=\/wp\/v2\/posts\/842823","targetHints":{"allow":["GET"]}}],"collection":[{"href":"https:\/\/analyse.optim.biz\/index.php?rest_route=\/wp\/v2\/posts"}],"about":[{"href":"https:\/\/analyse.optim.biz\/index.php?rest_route=\/wp\/v2\/types\/post"}],"author":[{"embeddable":true,"href":"https:\/\/analyse.optim.biz\/index.php?rest_route=\/wp\/v2\/users\/1"}],"replies":[{"embeddable":true,"href":"https:\/\/analyse.optim.biz\/index.php?rest_route=%2Fwp%2Fv2%2Fcomments&post=842823"}],"version-history":[{"count":0,"href":"https:\/\/analyse.optim.biz\/index.php?rest_route=\/wp\/v2\/posts\/842823\/revisions"}],"wp:attachment":[{"href":"https:\/\/analyse.optim.biz\/index.php?rest_route=%2Fwp%2Fv2%2Fmedia&parent=842823"}],"wp:term":[{"taxonomy":"category","embeddable":true,"href":"https:\/\/analyse.optim.biz\/index.php?rest_route=%2Fwp%2Fv2%2Fcategories&post=842823"},{"taxonomy":"post_tag","embeddable":true,"href":"https:\/\/analyse.optim.biz\/index.php?rest_route=%2Fwp%2Fv2%2Ftags&post=842823"}],"curies":[{"name":"wp","href":"https:\/\/api.w.org\/{rel}","templated":true}]}}