{"id":842820,"date":"2025-12-04T15:24:14","date_gmt":"2025-12-04T12:24:14","guid":{"rendered":"https:\/\/analyse.optim.biz\/?p=842820"},"modified":"2025-12-04T15:24:14","modified_gmt":"2025-12-04T12:24:14","slug":"nuevo-presidente-de-un-inutil-comite-de-regiones","status":"publish","type":"post","link":"https:\/\/analyse.optim.biz\/?p=842820","title":{"rendered":"Nuevo presidente de un in\u00fatil Comit\u00e9 de Regiones"},"content":{"rendered":"<article>\n<aside class=\"article-aside clearfix\">\n<dl class=\"article-info  muted\">\n<dd class=\"parent-category-name hasTooltip\" title=\"Categor\u00eda de nivel principal o ra\u00edz: \"><span>Columnistas de opini\u00f3n<\/span><\/dd>\n<dd class=\"category-name hasTooltip\" title=\"Categor\u00eda: \"><span>I\u00f1aki Anasagasti<\/span><\/dd>\n<dd class=\"createdby hasTooltip\" title=\"Escrito por \"><span>I\u00f1aki Anasagasti<\/span><span><span><img decoding=\"async\" src=\"https:\/\/www.mediterraneodigital.com\/\/templates\/ja_good\/images\/logo.png\" alt=\"logo\"><\/span><\/span><\/dd>\n<dd class=\"published hasTooltip\" title=\"Publicado: \"><time datetime=\"2020-02-16T19:33:00+01:00\"><br \/>\n\t\t\t\t\t16 Febrero 2020          <\/time><\/dd>\n<\/dl>\n<\/aside>\n<header class=\"article-header clearfix\">\n<h1 class=\"article-title\"><a href=\"https:\/\/www.mediterraneodigital.com\/opinion\/columnistas-de-opinion\/inaki-anasagasti\/comite-europeo-regiones\" title=\"Nuevo presidente de un in\u00fatil Comit\u00e9 de Regiones\"><br \/>\n\t\t\t\tNuevo presidente de un in\u00fatil Comit\u00e9 de Regiones<\/a><\/h1>\n<\/header>\n<section class=\"article-content clearfix\"><img loading=\"lazy\" decoding=\"async\" src=\"https:\/\/www.mediterraneodigital.com\/images\/2020\/2\/tzitzikostas.jpg\" alt=\"tzitzikostas\" width=\"600\" height=\"338\"><a href=\"https:\/\/fueradelimites.com\/resena\/\"><img decoding=\"async\" id=\"resenas-de-casinos-300x250\" alt=\"resenas-de-casinos\" src=\"https:\/\/www.mediterraneodigital.com\/images\/banners\/resenas-de-casinos-300x250.png\" width='300\"' height=\"250\"><\/a><\/p>\n<p>El gobernador de <strong>Macedonia Central, Apostolos Tzitzikostas<\/strong>, fue designado este mi\u00e9rcoles presidente del <strong>Comit\u00e9 Europeo de las Regiones (CdR)<\/strong> por aclamaci\u00f3n del pleno de esta instituci\u00f3n en <strong>Bruselas<\/strong>.<\/p>\n<p>El hombre est\u00e1 de lo m\u00e1s contento. Elegido por aclamaci\u00f3n. Un tipo inofensivo que dentro de dos a\u00f1os y medio dejar\u00e1 este puesto tal y como lo encontr\u00f3.<\/p>\n<p><a href=\"https:\/\/www.webapuestas.com\/casas-apuestas?utm_source=300x300&amp;utm_medium=MediterraneoDigital&amp;utm_campaign=CasasdeApuestas\"><img decoding=\"async\" id=\"casas-de-apuestas-webapuestas-300x300\" alt=\"casas-de-apuestas-webapuestas-300x300\" src=\"https:\/\/www.mediterraneodigital.com\/images\/banners\/casas-apuestas-webapuestas.png\" width='300\"' height=\"300\"><\/a><\/p>\n<p>En su discurso de aceptaci\u00f3n del cargo, <strong>Tzitzikostas<\/strong> reivindic\u00f3 que <em>\u00abla fuerza de Europa emana de la diversidad de sus regiones\u00bb<\/em> y se comprometi\u00f3 a utilizar su experiencia y compromiso para <em>\u00abacercar Europa a la ciudadan\u00eda\u00bb<\/em> y <em>\u00ablograr que el CdR sea el puente entre ambos\u00bb.<\/em><\/p>\n<p>Sinceramente no me creo nada de lo que dice.<\/p>\n<p><a href=\"https:\/\/estacerca.com\/casinos-con-retirada-instantanea\/\"><img decoding=\"async\" id=\"Casinos con retiro inmediato\" alt=\"Casinos con retiro inmediato\" src=\"https:\/\/www.mediterraneodigital.com\/images\/banners\/casinos-con-retiro-inmediato.png\" width='300\"' height=\"250\"><\/a><\/p>\n<p><em>\u00abCreo en un Comit\u00e9 que respete las diferencias, que se comprometa al di\u00e1logo y que tenga como prioridad el equilibro de g\u00e9nero y el empoderamiento de la mujer\u00bb,<\/em> a\u00f1adi\u00f3 <strong>Tzitzikostas<\/strong>.<\/p>\n<p>\u00bfY se llama de las <strong>Regiones<\/strong>?. \u00bfEs ese su cometido?.<\/p>\n<p><a href=\"https:\/\/clsmining.com\/xml\/index.html#\/\"><img decoding=\"async\" id=\"cls-mining.gif\" alt=\"cls-mining.gif\" src=\"https:\/\/www.mediterraneodigital.com\/images\/banners\/cls-mining.gif\" width='300\"' height=\"250\"><\/a><\/p>\n<p>Nacido el 2 de septiembre de 1978 en la localidad griega de <strong>Nymfaio, Tzitzikostas<\/strong> se licenci\u00f3 en pol\u00edtica internacional y diplomacia en la <strong>Universidad de Georgetown (Washington)<\/strong> y se especializ\u00f3 en pol\u00edtica p\u00fablica y econom\u00eda en la <strong>Universidad de Londres.<\/strong><\/p>\n<p>Este nuevo presidente no pondr\u00e1 en solfa una Instituci\u00f3n que mezcla peras con manzanas, es decir,<strong> Regiones<\/strong> con <strong>Municipios<\/strong>.<\/p>\n<p>Y eso es as\u00ed para que las llamadas <strong>Regiones Europeas<\/strong> no se crean que son mini estados. Y mientras \u00e9sto no cambie, esta plataforma no servir\u00e1 para nada m\u00e1s que para que la gente crea que las naciones sin estado tienen un lugar para discutir de sus cosas. Y no es verdad.<\/p>\n<p>Tras retornar a <strong>Grecia<\/strong> en 2001, el nuevo presidente cre\u00f3 su propia empresa en el campo de la producci\u00f3n, procesamiento y estandarizaci\u00f3n de productos l\u00e1cteos, y entr\u00f3 en pol\u00edtica tras las elecciones legislativas de 2007, en las que <strong>Tzitzikostas<\/strong> se present\u00f3 en la lista del partido liberal-conservador <strong>Nea Dimokratia<\/strong> y fue elegido miembro del <strong>Parlamento heleno.<\/strong><\/p>\n<p>Desde el 26 de enero de 2015 es miembro del<strong> Comit\u00e9 de las Regiones<\/strong> de la <strong>Uni\u00f3n Europea.<\/strong><\/p>\n<p><em>\u00abYo vengo del pa\u00eds donde naci\u00f3 la democracia y por ello voy a servirles a todos ustedes de una forma democr\u00e1tica, basada en el di\u00e1logo, en el entendimiento y en la colaboraci\u00f3n\u00bb<\/em>, asegur\u00f3 <strong>Tzitzikostas<\/strong>.<\/p>\n<p>Palabras, palabras, palabras, palabras\u2026..Solo palabras. nada m\u00e1s que palabras. Puro Humo.<\/p>\n<p><strong>I\u00f1aki Anasagasti [<span><a href=\"https:\/\/twitter.com\/ianasagasti\" target=\"_blank\" rel=\"nofollow noopener\">@ianasagasti<\/a><\/span>]<\/strong><br \/><strong>Pol\u00edtico vasco. Exdiputado y exsenador. Publicado en\u00a0<span><a href=\"https:\/\/ianasagasti.blogs.com\/\" target=\"_blank\" rel=\"nofollow noopener\">El Blog de I\u00f1aki Anasagasti<\/a><\/span><\/strong><\/p>\n<div id=\"author_infobox\">\n<div class=\"author_infobox_image_profile\"><img decoding=\"async\" src=\"https:\/\/www.mediterraneodigital.com\/images\/columnistas\/inaki-anasagasti.jpg\" alt=\"I\u00f1aki Anasagasti\"><\/div>\n<div class=\"author_infobox_name\"><span class=\"bold\">Autor:<\/span> I\u00f1aki Anasagasti<span class=\"bold marginleft\">Website:<\/span><a href=\"https:\/\/ianasagasti.blogs.com\/\" title=\"Website: https:\/\/ianasagasti.blogs.com\/\">https:\/\/ianasagasti.blogs.com\/<\/a><\/div>\n<div class=\"author_infobox_socialmedia\"><span class=\"twitter\"><a href=\"https:\/\/twitter.com\/ianasagasti\" title=\"Twitter\" target=\"_blank\"><img decoding=\"async\" src=\"https:\/\/www.mediterraneodigital.com\/plugins\/content\/authorinfobox\/images\/twitter.png\" alt><\/a><\/span><\/div>\n<div class=\"author_infobox_description\">I\u00f1aki Mirena Anasagasti Olabeaga, naci\u00f3 en Cuman\u00e1 (Venezuela), en el exilio de sus padres. Estudi\u00f3 en Cuman\u00e1, San Sebasti\u00e1n (Marianistas) y Bilbao (Santiago Apostol) el bachillerato. Terminado \u00e9ste se licenci\u00f3 en Comunicaci\u00f3n Social en Caracas (Universidad Cat\u00f3lica Andr\u00e9s Bello). Estudi\u00f3 asimismo Econom\u00eda y Estudios Internacionales. Fue Presidente de Euzko Gaztedi del Centro Vasco de Caracas. Responsable de Radio Euzkadi, Gudari y distintas acciones y publicaciones clandestinas.<\/p>\n<p>Vuelve a Bilbao en 1975. Responsable de la publicaci\u00f3n Euzkadi es detenido el 1 de abril de 1976. Elegido miembro de la ejecutiva del PNV de Bizkaia (Bizkai Buru Batzar) en febrero de 1977 y del Euzkadi Buru Batzar en junio de ese a\u00f1o. Portavoz del EBB tras la aprobaci\u00f3n del estatuto de Autonom\u00eda de Gernika es elegido parlamentario por Bizkaia en 1980. Reelegido en 1984.<\/p>\n<p>En 1986 es elegido diputado en el Congreso por Bizkaia, es nombrado portavoz del Grupo Vasco siendo reelegido en 1989, 1993, 1996 y 2000. En marzo del a\u00f1o 2004 es elegido senador en representaci\u00f3n de Bizkaia. Secretario primero de la Mesa del Senado forma parte de las Comisiones de Exteriores, Defensa, Iberoam\u00e9rica, Mixta de la Uni\u00f3n Europea y de la Comisi\u00f3n de Reglamento.<\/p><\/div>\n<\/div>\n<p><br class=\"clear\"><\/section>\n<\/article>\n<p> Source URL: https:\/\/www.mediterraneodigital.com\/opinion\/columnistas-de-opinion\/inaki-anasagasti\/comite-europeo-regiones<\/p>\n","protected":false},"excerpt":{"rendered":"<p>Columnistas de opini\u00f3n I\u00f1aki Anasagasti I\u00f1aki Anasagasti 16 Febrero 2020 Nuevo presidente de un in\u00fatil Comit\u00e9 de Regiones El gobernador de Macedonia Central, Apostolos Tzitzikostas, fue designado este mi\u00e9rcoles presidente del Comit\u00e9 Europeo de las Regiones (CdR) por aclamaci\u00f3n del pleno de esta instituci\u00f3n en Bruselas. El hombre est\u00e1 de lo m\u00e1s contento. Elegido por [&hellip;]<\/p>\n","protected":false},"author":1,"featured_media":0,"comment_status":"open","ping_status":"","sticky":false,"template":"","format":"standard","meta":{"footnotes":""},"categories":[88],"tags":[109],"class_list":["post-842820","post","type-post","status-publish","format-standard","hentry","category-spain","tag-mediterraneodigital-com"],"_links":{"self":[{"href":"https:\/\/analyse.optim.biz\/index.php?rest_route=\/wp\/v2\/posts\/842820","targetHints":{"allow":["GET"]}}],"collection":[{"href":"https:\/\/analyse.optim.biz\/index.php?rest_route=\/wp\/v2\/posts"}],"about":[{"href":"https:\/\/analyse.optim.biz\/index.php?rest_route=\/wp\/v2\/types\/post"}],"author":[{"embeddable":true,"href":"https:\/\/analyse.optim.biz\/index.php?rest_route=\/wp\/v2\/users\/1"}],"replies":[{"embeddable":true,"href":"https:\/\/analyse.optim.biz\/index.php?rest_route=%2Fwp%2Fv2%2Fcomments&post=842820"}],"version-history":[{"count":0,"href":"https:\/\/analyse.optim.biz\/index.php?rest_route=\/wp\/v2\/posts\/842820\/revisions"}],"wp:attachment":[{"href":"https:\/\/analyse.optim.biz\/index.php?rest_route=%2Fwp%2Fv2%2Fmedia&parent=842820"}],"wp:term":[{"taxonomy":"category","embeddable":true,"href":"https:\/\/analyse.optim.biz\/index.php?rest_route=%2Fwp%2Fv2%2Fcategories&post=842820"},{"taxonomy":"post_tag","embeddable":true,"href":"https:\/\/analyse.optim.biz\/index.php?rest_route=%2Fwp%2Fv2%2Ftags&post=842820"}],"curies":[{"name":"wp","href":"https:\/\/api.w.org\/{rel}","templated":true}]}}