{"id":842818,"date":"2025-12-04T15:23:40","date_gmt":"2025-12-04T12:23:40","guid":{"rendered":"https:\/\/analyse.optim.biz\/?p=842818"},"modified":"2025-12-04T15:23:40","modified_gmt":"2025-12-04T12:23:40","slug":"fuimos-los-primeros-en-denunciar-a-juan-carlos","status":"publish","type":"post","link":"https:\/\/analyse.optim.biz\/?p=842818","title":{"rendered":"Fuimos los primeros en denunciar a Juan Carlos"},"content":{"rendered":"<article>\n<aside class=\"article-aside clearfix\">\n<dl class=\"article-info  muted\">\n<dd class=\"parent-category-name hasTooltip\" title=\"Categor\u00eda de nivel principal o ra\u00edz: \"><span>Columnistas de opini\u00f3n<\/span><\/dd>\n<dd class=\"category-name hasTooltip\" title=\"Categor\u00eda: \"><span>I\u00f1aki Anasagasti<\/span><\/dd>\n<dd class=\"createdby hasTooltip\" title=\"Escrito por \"><span>I\u00f1aki Anasagasti<\/span><span><span><img decoding=\"async\" src=\"https:\/\/www.mediterraneodigital.com\/\/templates\/ja_good\/images\/logo.png\" alt=\"logo\"><\/span><\/span><\/dd>\n<dd class=\"published hasTooltip\" title=\"Publicado: \"><time datetime=\"2020-03-08T01:04:21+01:00\"><br \/>\n\t\t\t\t\t08 Marzo 2020          <\/time><\/dd>\n<\/dl>\n<\/aside>\n<header class=\"article-header clearfix\">\n<h1 class=\"article-title\"><a href=\"https:\/\/www.mediterraneodigital.com\/opinion\/columnistas-de-opinion\/inaki-anasagasti\/rey-juan-carlos\" title=\"Fuimos los primeros en denunciar a Juan Carlos\"><br \/>\n\t\t\t\tFuimos los primeros en denunciar a Juan Carlos<\/a><\/h1>\n<\/header>\n<div class=\"tags\"><span class=\"tag-379 tag-list0\"><a href=\"https:\/\/www.mediterraneodigital.com\/component\/tags\/tag\/juan-carlos-i\" class=\"label label-info\"><br \/>\n\t\t\t\t\t\tJuan Carlos I\t\t\t\t\t<\/a><\/span><\/div>\n<section class=\"article-content clearfix\"><img loading=\"lazy\" decoding=\"async\" src=\"https:\/\/www.mediterraneodigital.com\/images\/2020\/3\/rey-juan-carlos-corinna.jpg\" alt=\"rey juan carlos corinna\" width=\"600\" height=\"337\"><a href=\"https:\/\/fueradelimites.com\/resena\/\"><img decoding=\"async\" id=\"resenas-de-casinos-300x250\" alt=\"resenas-de-casinos\" src=\"https:\/\/www.mediterraneodigital.com\/images\/banners\/resenas-de-casinos-300x250.png\" width='300\"' height=\"250\"><\/a><\/p>\n<p>Fuimos los primeros en denunciar en solitario las demas\u00edas, excesos, corruptelas de<strong> Juan Carlos I<\/strong>. Aquello no era pol\u00edticamente correcto pero lo hicimos. Posteriormente y tras la cacer\u00eda de elefantes, se ha abierto la veda aunque, nada m\u00e1s abdicar, lo aforaron entre todos deprisa y corriendo para que no diera cuenta de sus hijos, de sus negocios y de sus francachelas. Pero, por si acaso, le han sacado de todo protocolo. Debe estar cabreado como una mona, pero mejor que no abra la boca.<\/p>\n<p>Que aparezca estos d\u00edas una informaci\u00f3n en el prestigioso peri\u00f3dico suizo <strong><em>La Tribune de Geneve<\/em><\/strong> sobre un regalito de <strong>65 millones<\/strong> a su amante <strong>Corinna<\/strong> por lo bien que se hab\u00eda portado con \u00e9l y que esa cantidad sal\u00eda de un pago de <strong>cien millones<\/strong> transferidos desde <strong>Arabia<\/strong> no deber\u00eda extra\u00f1ar a nadie cuando, tras la muerte de su padre, apareci\u00f3 asimismo en <strong>Suiza<\/strong> una cuenta que nadie quiso investigar. Muy patriotas, pero el dinero fuera y mal habido.<\/p>\n<p><a href=\"https:\/\/www.webapuestas.com\/casas-apuestas?utm_source=300x300&amp;utm_medium=MediterraneoDigital&amp;utm_campaign=CasasdeApuestas\"><img decoding=\"async\" id=\"casas-de-apuestas-webapuestas-300x300\" alt=\"casas-de-apuestas-webapuestas-300x300\" src=\"https:\/\/www.mediterraneodigital.com\/images\/banners\/casas-apuestas-webapuestas.png\" width='300\"' height=\"300\"><\/a><\/p>\n<p>Me viene a la memoria el hecho de que todos los gobiernos, socialistas y populares, han protegido esta manera de actuar del rey a cuenta de la transici\u00f3n pol\u00edtica espa\u00f1ola y sus equilibrios. Nos la pon\u00edan como modelo y ahora estamos viendo que el modelo era muy viejo y consist\u00eda tan solo en que un dictador pone a un se\u00f1or en el trono y \u00e9ste se dedica a sus mujeres, sus corruptelas y su <em>dolce far niente<\/em>. Pero de \u00e9sto no se pod\u00eda hablar, hasta que yo saqu\u00e9 mi libro<strong> \u201cUna monarqu\u00eda protegida por la censura\u201d<\/strong> tras una bronca en el hemiciclo.<\/p>\n<p><strong>Garc\u00eda Margallo<\/strong> va de hombre de extremo centro, mon\u00e1rquico y empalagoso. Un liberal espa\u00f1ol al que solo le falta la armadura aunque en ninguna democracia un ministro que miente ostensiblemente en el <strong>Parlamento<\/strong> mantiene su puesto. Ha de dimitir. Pero eso no cuenta en <strong>Espa\u00f1a<\/strong>. Formulada mi pregunta y negada por el ministro<strong> Garc\u00eda Margallo<\/strong> cualquier relaci\u00f3n con <strong>Corinna<\/strong> y nada menos que en sede parlamentaria, a los catorce d\u00edas <strong>El Mundo<\/strong> titulaba: <em>\u00abMargallo admite que vio a Corinna en dos encuentros de car\u00e1cter privado\u00bb<\/em>. Seg\u00fan la investigaci\u00f3n que hab\u00eda rea\u00adlizado la periodista <strong>Ana Romero, Margallo<\/strong> se hab\u00eda reunido con <strong>Corinna<\/strong> en noviembre y en diciembre para calmar a los inversores \u00e1rabes, particular\u00admente molestos tras la reducci\u00f3n de primas a las energ\u00edas renovables que hab\u00eda sido decretada por el ministro de <strong>Industria<\/strong>, <strong>Jos\u00e9 Manuel Soria<\/strong>.<\/p>\n<p><a href=\"https:\/\/estacerca.com\/casinos-con-retirada-instantanea\/\"><img decoding=\"async\" id=\"Casinos con retiro inmediato\" alt=\"Casinos con retiro inmediato\" src=\"https:\/\/www.mediterraneodigital.com\/images\/banners\/casinos-con-retiro-inmediato.png\" width='300\"' height=\"250\"><\/a><\/p>\n<p>Adem\u00e1s, y seg\u00fan la misma informaci\u00f3n, el ministro <strong>Margallo<\/strong> facilit\u00f3 a la amiga del rey documentos del <strong>Ministerio de Industria<\/strong>\u2014incluidos manuscritos del ministro <strong>Soria<\/strong>\u2014 para preparar la posici\u00f3n espa\u00f1ola ante la cumbre energ\u00e9tica de los <strong>Emiratos \u00c1rabes<\/strong>. Bien es verdad, que a trav\u00e9s de una nota de la <strong>Oficina de Informaci\u00f3n Diplom\u00e1tica<\/strong> desminti\u00f3 cualquier entrega de documentaci\u00f3n, pero a diferencia de lo dicho en otras oportunidades en esta ocasi\u00f3n s\u00ed se avino a confirmar \u2014sin entrar en detalles\u2014 sus encuentros con ella.<\/p>\n<p>El 25 de febrero hab\u00eda afirmado que no ten\u00eda noticias de unos supuestos tr\u00e1mites realizados por <strong>Corinna<\/strong>, consultora o lobbista internacional en favor de <strong>Espa\u00f1a<\/strong>. <em>\u00abD\u00edas m\u00e1s tarde<\/em> [dec\u00eda<strong> El Mundo<\/strong>],<em> en respuesta a una pregunta del senador del PNV, I\u00f1aki Anasagasti, en el Senado, garantiz\u00f3 que el Gobierno no hab\u00eda hecho ning\u00fan encargo a Corinna y que en su ministerio no figuraba ninguna partida destinada a pagar los servicios de lobbistas o intermediarios internacionales.\u00bb<\/em> Entonces, \u00bfpara qu\u00e9 se reuni\u00f3 dos veces? No hubo forma de saberlo.<\/p>\n<p><a href=\"https:\/\/clsmining.com\/xml\/index.html#\/\"><img decoding=\"async\" id=\"cls-mining.gif\" alt=\"cls-mining.gif\" src=\"https:\/\/www.mediterraneodigital.com\/images\/banners\/cls-mining.gif\" width='300\"' height=\"250\"><\/a><\/p>\n<p>El <strong>PP<\/strong> no quiso entrar en tema tan espinoso ni en las mentiras del ministro, pero qued\u00f3 la inquietud en el ambiente de que una se\u00f1ora, que no representaba a nadie, usurpaba la representaci\u00f3n del rey y del <strong>Gobierno<\/strong> para sus propios negocios. Al poco, el director del <strong>CNI<\/strong>, general <strong>F\u00e9lix Sanz Rold\u00e1n<\/strong>, tuvo que comparecer en la reuni\u00f3n de secretos oficiales a puerta cerrada sobre la estancia de esta se\u00f1ora en<strong> La Angorrilla<\/strong>, situada en <strong>El Pardo<\/strong>, y sobre estas reuniones, pero no quiso aclarar nada.<\/p>\n<p>Todo pod\u00eda resumirse en lo que hab\u00eda dicho en su d\u00eda, sin ning\u00fan sonrojo, el propio ministro <strong>Garc\u00eda Margall<\/strong>o, quien afirm\u00f3 que, aparte de dos art\u00edculos, el y el 2, el resto de la <strong>Constituci\u00f3n<\/strong><em>\u00abes literatura\u00bb<\/em>. Y falta de respeto.<\/p>\n<p>En resumen: monarqu\u00eda, s\u00ed, pero no parlamentaria.<\/p>\n<p><strong>I\u00f1aki Anasagasti [<span><a href=\"https:\/\/twitter.com\/ianasagasti\" target=\"_blank\" rel=\"nofollow noopener\">@ianasagasti<\/a><\/span>]<\/strong><br \/><strong>Pol\u00edtico vasco. Exdiputado y exsenador. Publicado en\u00a0<span><a href=\"https:\/\/ianasagasti.blogs.com\/\" target=\"_blank\" rel=\"nofollow noopener\">El Blog de I\u00f1aki Anasagasti<\/a><\/span><\/strong><\/p>\n<div id=\"author_infobox\">\n<div class=\"author_infobox_image_profile\"><img decoding=\"async\" src=\"https:\/\/www.mediterraneodigital.com\/images\/columnistas\/inaki-anasagasti.jpg\" alt=\"I\u00f1aki Anasagasti\"><\/div>\n<div class=\"author_infobox_name\"><span class=\"bold\">Autor:<\/span> I\u00f1aki Anasagasti<span class=\"bold marginleft\">Website:<\/span><a href=\"https:\/\/ianasagasti.blogs.com\/\" title=\"Website: https:\/\/ianasagasti.blogs.com\/\">https:\/\/ianasagasti.blogs.com\/<\/a><\/div>\n<div class=\"author_infobox_socialmedia\"><span class=\"twitter\"><a href=\"https:\/\/twitter.com\/ianasagasti\" title=\"Twitter\" target=\"_blank\"><img decoding=\"async\" src=\"https:\/\/www.mediterraneodigital.com\/plugins\/content\/authorinfobox\/images\/twitter.png\" alt><\/a><\/span><\/div>\n<div class=\"author_infobox_description\">I\u00f1aki Mirena Anasagasti Olabeaga, naci\u00f3 en Cuman\u00e1 (Venezuela), en el exilio de sus padres. Estudi\u00f3 en Cuman\u00e1, San Sebasti\u00e1n (Marianistas) y Bilbao (Santiago Apostol) el bachillerato. Terminado \u00e9ste se licenci\u00f3 en Comunicaci\u00f3n Social en Caracas (Universidad Cat\u00f3lica Andr\u00e9s Bello). Estudi\u00f3 asimismo Econom\u00eda y Estudios Internacionales. Fue Presidente de Euzko Gaztedi del Centro Vasco de Caracas. Responsable de Radio Euzkadi, Gudari y distintas acciones y publicaciones clandestinas.<\/p>\n<p>Vuelve a Bilbao en 1975. Responsable de la publicaci\u00f3n Euzkadi es detenido el 1 de abril de 1976. Elegido miembro de la ejecutiva del PNV de Bizkaia (Bizkai Buru Batzar) en febrero de 1977 y del Euzkadi Buru Batzar en junio de ese a\u00f1o. Portavoz del EBB tras la aprobaci\u00f3n del estatuto de Autonom\u00eda de Gernika es elegido parlamentario por Bizkaia en 1980. Reelegido en 1984.<\/p>\n<p>En 1986 es elegido diputado en el Congreso por Bizkaia, es nombrado portavoz del Grupo Vasco siendo reelegido en 1989, 1993, 1996 y 2000. En marzo del a\u00f1o 2004 es elegido senador en representaci\u00f3n de Bizkaia. Secretario primero de la Mesa del Senado forma parte de las Comisiones de Exteriores, Defensa, Iberoam\u00e9rica, Mixta de la Uni\u00f3n Europea y de la Comisi\u00f3n de Reglamento.<\/p><\/div>\n<\/div>\n<p><br class=\"clear\"><\/section>\n<\/article>\n<p> Source URL: https:\/\/www.mediterraneodigital.com\/opinion\/columnistas-de-opinion\/inaki-anasagasti\/rey-juan-carlos<\/p>\n","protected":false},"excerpt":{"rendered":"<p>Columnistas de opini\u00f3n I\u00f1aki Anasagasti I\u00f1aki Anasagasti 08 Marzo 2020 Fuimos los primeros en denunciar a Juan Carlos Juan Carlos I Fuimos los primeros en denunciar en solitario las demas\u00edas, excesos, corruptelas de Juan Carlos I. Aquello no era pol\u00edticamente correcto pero lo hicimos. Posteriormente y tras la cacer\u00eda de elefantes, se ha abierto la [&hellip;]<\/p>\n","protected":false},"author":1,"featured_media":0,"comment_status":"open","ping_status":"","sticky":false,"template":"","format":"standard","meta":{"footnotes":""},"categories":[88],"tags":[109],"class_list":["post-842818","post","type-post","status-publish","format-standard","hentry","category-spain","tag-mediterraneodigital-com"],"_links":{"self":[{"href":"https:\/\/analyse.optim.biz\/index.php?rest_route=\/wp\/v2\/posts\/842818","targetHints":{"allow":["GET"]}}],"collection":[{"href":"https:\/\/analyse.optim.biz\/index.php?rest_route=\/wp\/v2\/posts"}],"about":[{"href":"https:\/\/analyse.optim.biz\/index.php?rest_route=\/wp\/v2\/types\/post"}],"author":[{"embeddable":true,"href":"https:\/\/analyse.optim.biz\/index.php?rest_route=\/wp\/v2\/users\/1"}],"replies":[{"embeddable":true,"href":"https:\/\/analyse.optim.biz\/index.php?rest_route=%2Fwp%2Fv2%2Fcomments&post=842818"}],"version-history":[{"count":0,"href":"https:\/\/analyse.optim.biz\/index.php?rest_route=\/wp\/v2\/posts\/842818\/revisions"}],"wp:attachment":[{"href":"https:\/\/analyse.optim.biz\/index.php?rest_route=%2Fwp%2Fv2%2Fmedia&parent=842818"}],"wp:term":[{"taxonomy":"category","embeddable":true,"href":"https:\/\/analyse.optim.biz\/index.php?rest_route=%2Fwp%2Fv2%2Fcategories&post=842818"},{"taxonomy":"post_tag","embeddable":true,"href":"https:\/\/analyse.optim.biz\/index.php?rest_route=%2Fwp%2Fv2%2Ftags&post=842818"}],"curies":[{"name":"wp","href":"https:\/\/api.w.org\/{rel}","templated":true}]}}