{"id":842817,"date":"2025-12-04T15:23:20","date_gmt":"2025-12-04T12:23:20","guid":{"rendered":"https:\/\/analyse.optim.biz\/?p=842817"},"modified":"2025-12-04T15:23:20","modified_gmt":"2025-12-04T12:23:20","slug":"blanqueando-que-es-gerundio","status":"publish","type":"post","link":"https:\/\/analyse.optim.biz\/?p=842817","title":{"rendered":"Blanqueando, que es gerundio"},"content":{"rendered":"<article>\n<aside class=\"article-aside clearfix\">\n<dl class=\"article-info  muted\">\n<dd class=\"parent-category-name hasTooltip\" title=\"Categor\u00eda de nivel principal o ra\u00edz: \"><span>Columnistas de opini\u00f3n<\/span><\/dd>\n<dd class=\"category-name hasTooltip\" title=\"Categor\u00eda: \"><span>I\u00f1aki Anasagasti<\/span><\/dd>\n<dd class=\"createdby hasTooltip\" title=\"Escrito por \"><span>I\u00f1aki Anasagasti<\/span><span><span><img decoding=\"async\" src=\"https:\/\/www.mediterraneodigital.com\/\/templates\/ja_good\/images\/logo.png\" alt=\"logo\"><\/span><\/span><\/dd>\n<dd class=\"published hasTooltip\" title=\"Publicado: \"><time datetime=\"2020-03-31T03:23:33+02:00\"><br \/>\n\t\t\t\t\t31 Marzo 2020          <\/time><\/dd>\n<\/dl>\n<\/aside>\n<header class=\"article-header clearfix\">\n<h1 class=\"article-title\"><a href=\"https:\/\/www.mediterraneodigital.com\/opinion\/columnistas-de-opinion\/inaki-anasagasti\/felipe-vi-coronavirus\" title=\"Blanqueando, que es gerundio\"><br \/>\n\t\t\t\tBlanqueando, que es gerundio<\/a><\/h1>\n<\/header>\n<div class=\"tags\"><span class=\"tag-379 tag-list0\"><a href=\"https:\/\/www.mediterraneodigital.com\/component\/tags\/tag\/juan-carlos-i\" class=\"label label-info\"><br \/>\n\t\t\t\t\t\tJuan Carlos I\t\t\t\t\t<\/a><\/span><\/div>\n<section class=\"article-content clearfix\"><img loading=\"lazy\" decoding=\"async\" src=\"https:\/\/www.mediterraneodigital.com\/images\/2020\/3\/feliperey.jpg\" alt=\"feliperey\" width=\"600\" height=\"405\"><a href=\"https:\/\/fueradelimites.com\/resena\/\"><img decoding=\"async\" id=\"resenas-de-casinos-300x250\" alt=\"resenas-de-casinos\" src=\"https:\/\/www.mediterraneodigital.com\/images\/banners\/resenas-de-casinos-300x250.png\" width='300\"' height=\"250\"><\/a><\/p>\n<p>#YoMeQuedoEnCasa<\/p>\n<p>Ya tenemos la maquinaria de marketing de <strong>Zarzuela<\/strong> a todo gas. Y es que, tras el tras el tard\u00edo y pat\u00e9tico discurso de <strong>Felipe Uve Palito<\/strong>, nos les queda otra m\u00e1s que blanquear su deteriorada imagen.<\/p>\n<p><a href=\"https:\/\/www.webapuestas.com\/casas-apuestas?utm_source=300x300&amp;utm_medium=MediterraneoDigital&amp;utm_campaign=CasasdeApuestas\"><img decoding=\"async\" id=\"casas-de-apuestas-webapuestas-300x300\" alt=\"casas-de-apuestas-webapuestas-300x300\" src=\"https:\/\/www.mediterraneodigital.com\/images\/banners\/casas-apuestas-webapuestas.png\" width='300\"' height=\"300\"><\/a><\/p>\n<p>Ya dan amortizado a su comisionista padre as\u00ed que es notorio el repentino vuelco en su <strong>Agenda<\/strong> y actividad oficial pasando del \u00abperfil bajo\u00bb a la mascarilla y los guantes. Este cambio de estrategia (que ya no le vale absolutamente de nada) hace que el monarca entre en la crisis del <strong>Covid-19\u00a0<\/strong>tras comprobar que su mensaje a su naci\u00f3n no cumpli\u00f3 las expectativas.<\/p>\n<p>As\u00ed que levantaron el tel\u00f3n y pusieron en escena una teatrera imagen de pose que llam\u00f3 la atenci\u00f3n porque por primera vez representantes p\u00fablicos aparec\u00edan en una visita p\u00fablica con mascarilla y guantes. A la cabeza <strong>Felipe<\/strong> y, a su lado, la irresponsable ministra de <strong>Defensa<\/strong> y el de <strong>Sanidad<\/strong>. Tambi\u00e9n el alcalde de <strong>Madrid<\/strong> y el consejero de <strong>Sanidad<\/strong> de la<strong> Comunidad madrile\u00f1a<\/strong>. Ocurri\u00f3 este pasado jueves en el hospital de emergencia levantado en <strong>Ifema<\/strong>.<\/p>\n<p><a href=\"https:\/\/estacerca.com\/casinos-con-retirada-instantanea\/\"><img decoding=\"async\" id=\"Casinos con retiro inmediato\" alt=\"Casinos con retiro inmediato\" src=\"https:\/\/www.mediterraneodigital.com\/images\/banners\/casinos-con-retiro-inmediato.png\" width='300\"' height=\"250\"><\/a><\/p>\n<p>Y <strong>\u00abEl Preparado\u00bb<\/strong> volvi\u00f3 a las andadas\u2026 a las palabras guionadas (por m\u00e1s clases de interpretaci\u00f3n que le impartan, no logra salir de esa falta de empat\u00eda). Se puso delante del micro y, de una forma del todo impostada dijo que <em>\u00abEste lugar es fuente de esperanza no solo para los enfermos, sino para la moral de toda Espa\u00f1a\u00bb<\/em>. Sin \u00e9xito, intent\u00f3 enmendar en tono y contenido del mensaje que hab\u00eda lanzado d\u00edas atr\u00e1s con el <strong>Estado<\/strong><strong>de Alarma<\/strong> vigente y cuando la crisis del coronavirus ya hab\u00eda estallado por completo. En aquel momento, los rumores sobre una posible intervenci\u00f3n llevaban d\u00edas en el aire, especialmente por el perfil bajo que <strong>Felipe<\/strong> hab\u00eda demostrado hasta el momento. Estaba a \u00abotras cosas\u00bb que pudieran ir desde contar billetes de los chiringuitos de su padre hasta el miedo esc\u00e9nico por romper p\u00fablicamente con \u00e9l (que no privadamente). Que nadie piense que la \u00abpaga del domingo\u00bb que dijo que iba a quitar a <strong>Juan Carlos<\/strong> sea devuelta a su partida presupuestaria. Se la dar\u00e1 por debajo de la mesa y <strong>Santas Pascuas<\/strong>. Algo muy <strong>Borb\u00f3n<\/strong>. Al tiempo.<\/p>\n<p>Rebobinemos un poco: El pasado domingo, 15 de marzo, <strong>Zarzuela<\/strong> advirti\u00f3 que emitir\u00eda un comunicado, pero lo hizo por un asunto completamente distinto. Fue a ra\u00edz de la pol\u00e9mica sobre el patrimonio oculto de su corrupto, vividor y putero padre en para\u00edsos fiscales y las comisiones de <strong>Arabia<\/strong>. Todo esto hab\u00eda terminado por salpicar a su hijo, beneficiario de una de esas fundaciones opacas. <strong>Felipe<\/strong>, que lo supo un a\u00f1o antes (pero no lo hizo p\u00fablico entonces), cort\u00f3 con su padre, le dej\u00f3 sin asignaci\u00f3n p\u00fablica y dej\u00f3 pasar unos d\u00edas para hablar del <strong>Covid-19<\/strong>.<\/p>\n<p><a href=\"https:\/\/clsmining.com\/xml\/index.html#\/\"><img decoding=\"async\" id=\"cls-mining.gif\" alt=\"cls-mining.gif\" src=\"https:\/\/www.mediterraneodigital.com\/images\/banners\/cls-mining.gif\" width='300\"' height=\"250\"><\/a><\/p>\n<p>Seg\u00fan se dice, Zarzuela no quer\u00eda mezclar un asunto tan controvertido con la crisis que se estaba llevando por delante miles de vidas. Desde mi punto de vista, ambas cosas tienen un nexo en com\u00fan: las dos son virus en el sentido literal del t\u00e9rmino.<\/p>\n<p>Como he dicho, su breve y tard\u00edo discurso no cumpli\u00f3 las expectativas. En <strong>Zarzuela<\/strong> lo supieron en el mismo momento que empezaron a correr por <strong>Medios<\/strong> y <strong>Redes Sociales<\/strong> la multitudinaria cacerolada. Ten\u00edan que hacer algo, y r\u00e1pido. As\u00ed que a los publicistas de <strong>Palacio<\/strong> les dio por cambiar radicalmente la estrategia (recuerden que siempre les digo que siguen pensando que las y los ciudadanos son tontos de baba). As\u00ed que, manos a la obra: Introducir a <strong>Felipe<\/strong> y a <strong>Letizia<\/strong> \u00abcon z\u00bb en la crisis del coronavirus.<\/p>\n<p>\u00bfC\u00f3mo hacerlo? Pues moviendo resortes y pidiendo la devoluci\u00f3n de favores prestados: Llamadas, reuniones telem\u00e1ticas y videconferencias con los principales agentes sociales, empresarios, sectores de distribuci\u00f3n y pesca, organizaciones que representan a la poblaci\u00f3n m\u00e1s vulnerable y encuentros con ministros pr\u00e1cticamente a diario.<\/p>\n<p>Y se preocuparon de enviar inmediatamente todo tipo de fotos y poses de <strong>Felipe<\/strong> y <strong>Letizia<\/strong> \u00abcon z\u00bb haciendo ver que no han parado desde entonces: El s\u00e1bado pasado con el fundador de <strong>Inditex, Amancio Ortega<\/strong>, con el presidente de <strong>Huawei<\/strong> en <strong>Espa\u00f1a<\/strong> y <strong>Portugal<\/strong>, con la <strong>Patronal<\/strong> (presidentes de <strong>CEOE, CEPYME, ATA<\/strong>), <strong>Sindicatos<\/strong> (secretarios generales de <strong>UGT<\/strong> y<strong> CC.OO.<\/strong>), con los principales responsables de <strong>Mercamadrid<\/strong>, con el presidente de la <strong>Federaci\u00f3n Gallega de Cofrad\u00edas de Pesca<\/strong>, con el presidente de <strong>Mercadona<\/strong> (y gran donante del <strong>Partido Popular , Juan Roig<\/strong>), con gerentes de distintos hospitales en <strong>Madrid<\/strong> y <strong>La Rioja<\/strong>, con el presidente del consejo de administraci\u00f3n de la <strong>Fira de Barcelona<\/strong>, con <strong>Cruz Roja, ONCE, UNICEF, C\u00e1ritas, CERMI, Asociaci\u00f3n Espa\u00f1ola contra el C\u00e1ncer (AECC), Federaci\u00f3n Espa\u00f1ola de Enfermedades Raras (FEDER), Confederaci\u00f3n de Salud Mental Espa\u00f1a<\/strong> y con la <strong>Asociaci\u00f3n de Mujeres V\u00edctimas de Trata y Explotaci\u00f3n Sexual.<\/strong><\/p>\n<p>Vamos\u2026 un sin parar!!! Y, as\u00ed\u2026 \u00abDe repente\u00bb.<\/p>\n<p>Ah!!! Y tambi\u00e9n puso a disposici\u00f3n de la ministra de <strong>Defensa<\/strong>, la citada irresponsable <strong>Margarita Robles<\/strong>, los efectivos de la <strong>Guardia Real<\/strong> (como si fuese suya\u2026 como si fuesen su colecci\u00f3n de <strong>Clicks<\/strong> de <strong>Playmobil<\/strong>). Esto es muy curioso: Yo pongo mis soldaditos y que les pague el <strong>Pueblo<\/strong>. No es co\u00f1a\u2026 por desgracia, para el <strong>Erario p\u00fablico<\/strong>, es as\u00ed.<\/p>\n<p>Adem\u00e1s, intercedi\u00f3 para que se produjera el env\u00edo de un lote de test de diagn\u00f3stico, 100 respiradores y material de protecci\u00f3n para el personal sanitario tras hablar con el presidente de <strong>Alibab\u00e1<\/strong>, mientras el <strong>Gobierno<\/strong> ultimaba otras macrocompras que no terminaban de confirmarse.<\/p>\n<p>Aqu\u00ed quiero detenerme un momento. Al margen (o no) de lo anterior, hemos sabido que ha existido la compra de una remesa defectuosa de 659.000 test de diagn\u00f3stico r\u00e1pido adquiridos a la <strong>Compa\u00f1\u00eda Bioeasy<\/strong> (empresa no autorizada por el <strong>Gobierno chino<\/strong>). Bien. Hasta seis veces se ha omitido qui\u00e9n es el intermediario espa\u00f1ol ante la predicha Compa\u00f1\u00eda en las diferentes en ruedas de prensa del presidente de <strong>Gobierno<\/strong>, del ministro de <strong>Sanidad<\/strong> o del director de del <strong>Centro de Coordinaci\u00f3n de Alertas y Emergencias.<\/strong><\/p>\n<p>Una vez reconocido que existe un intermediario (delegado, representante o como se quiera llamar), \u00bfPor qu\u00e9 no se facilita su identidad? \u00bfY si el comisionista resultase ser un <strong>Borb\u00f3n<\/strong> o alguien de su entorno? \u00bfTiene la <strong>Compa\u00f1\u00eda Bioeasy<\/strong> relaci\u00f3n con <strong>Alibab\u00e1<\/strong>?<\/p>\n<p>La gente se hace esas preguntas, ya circula un \u00abrun-run\u00bb y, no ser transparentes en estas cuestiones (que a la larga saldr\u00e1 a la luz, bien sea por un trabajo period\u00edstico de investigaci\u00f3n, bien en una ulterior <strong>Comisi\u00f3n de Investigaci\u00f3n<\/strong>), solo contribuye a la \u00abfabricaci\u00f3n\u00bb de los famosos bulos y \u00abfake news\u00ab. Es lo lleva aparejada la opacidad\u2026 la falta de transparencia.<\/p>\n<p>\u00bfPor qu\u00e9 iba a pensar yo que, de ser cierto lo que ya se empieza a decir, es un bulo? Total, no ser\u00eda la primera vez que miembros de esa familia son relacionados con comisiones y chanchullos. No ser\u00eda la primera, ni la segunda, ni la tercera\u2026 Y no hablo del monarca ni de su padre (tendr\u00eda santos cojones que estuviese -tambi\u00e9n- llev\u00e1ndose una <strong>Comisi\u00f3n<\/strong> a cuenta de esta desgracia), pero puede ser cualquiera del entorno. Visto lo visto\u2026<\/p>\n<p>Como dice el senador <strong>Anasagasti, Urdangarin<\/strong> no hizo otra cosa m\u00e1s que las que ve\u00eda que se hac\u00edan en su nuevo entorno. En su casa nunca lo hab\u00eda visto.<\/p>\n<p>El <strong>Gobierno espa\u00f1ol<\/strong> es muy libre de gestionar la informaci\u00f3n como crea procedente pero, en caso de que fuese cierto esto de lo que ya se est\u00e1 empezando a hablar, tenga claro que ser\u00edan colaboradores necesarios. Aviso para navegantes. Y si no quieren bulos (como no los queremos nadie) lo tienen bien f\u00e1cil: Transparencia cristalina.<\/p>\n<p><strong>I\u00f1aki Anasagasti [<span><a href=\"https:\/\/twitter.com\/ianasagasti\" target=\"_blank\" rel=\"nofollow noopener\">@ianasagasti<\/a><\/span>]<\/strong><br \/><strong>Pol\u00edtico vasco. Exdiputado y exsenador. Publicado en\u00a0<span><a href=\"https:\/\/ianasagasti.blogs.com\/\" target=\"_blank\" rel=\"nofollow noopener\">El Blog de I\u00f1aki Anasagasti<\/a><\/span><\/strong><\/p>\n<div id=\"author_infobox\">\n<div class=\"author_infobox_image_profile\"><img decoding=\"async\" src=\"https:\/\/www.mediterraneodigital.com\/images\/columnistas\/inaki-anasagasti.jpg\" alt=\"I\u00f1aki Anasagasti\"><\/div>\n<div class=\"author_infobox_name\"><span class=\"bold\">Autor:<\/span> I\u00f1aki Anasagasti<span class=\"bold marginleft\">Website:<\/span><a href=\"https:\/\/ianasagasti.blogs.com\/\" title=\"Website: https:\/\/ianasagasti.blogs.com\/\">https:\/\/ianasagasti.blogs.com\/<\/a><\/div>\n<div class=\"author_infobox_socialmedia\"><span class=\"twitter\"><a href=\"https:\/\/twitter.com\/ianasagasti\" title=\"Twitter\" target=\"_blank\"><img decoding=\"async\" src=\"https:\/\/www.mediterraneodigital.com\/plugins\/content\/authorinfobox\/images\/twitter.png\" alt><\/a><\/span><\/div>\n<div class=\"author_infobox_description\">I\u00f1aki Mirena Anasagasti Olabeaga, naci\u00f3 en Cuman\u00e1 (Venezuela), en el exilio de sus padres. Estudi\u00f3 en Cuman\u00e1, San Sebasti\u00e1n (Marianistas) y Bilbao (Santiago Apostol) el bachillerato. Terminado \u00e9ste se licenci\u00f3 en Comunicaci\u00f3n Social en Caracas (Universidad Cat\u00f3lica Andr\u00e9s Bello). Estudi\u00f3 asimismo Econom\u00eda y Estudios Internacionales. Fue Presidente de Euzko Gaztedi del Centro Vasco de Caracas. Responsable de Radio Euzkadi, Gudari y distintas acciones y publicaciones clandestinas.<\/p>\n<p>Vuelve a Bilbao en 1975. Responsable de la publicaci\u00f3n Euzkadi es detenido el 1 de abril de 1976. Elegido miembro de la ejecutiva del PNV de Bizkaia (Bizkai Buru Batzar) en febrero de 1977 y del Euzkadi Buru Batzar en junio de ese a\u00f1o. Portavoz del EBB tras la aprobaci\u00f3n del estatuto de Autonom\u00eda de Gernika es elegido parlamentario por Bizkaia en 1980. Reelegido en 1984.<\/p>\n<p>En 1986 es elegido diputado en el Congreso por Bizkaia, es nombrado portavoz del Grupo Vasco siendo reelegido en 1989, 1993, 1996 y 2000. En marzo del a\u00f1o 2004 es elegido senador en representaci\u00f3n de Bizkaia. Secretario primero de la Mesa del Senado forma parte de las Comisiones de Exteriores, Defensa, Iberoam\u00e9rica, Mixta de la Uni\u00f3n Europea y de la Comisi\u00f3n de Reglamento.<\/p><\/div>\n<\/div>\n<p><br class=\"clear\"><\/section>\n<\/article>\n<p> Source URL: https:\/\/www.mediterraneodigital.com\/opinion\/columnistas-de-opinion\/inaki-anasagasti\/felipe-vi-coronavirus<\/p>\n","protected":false},"excerpt":{"rendered":"<p>Columnistas de opini\u00f3n I\u00f1aki Anasagasti I\u00f1aki Anasagasti 31 Marzo 2020 Blanqueando, que es gerundio Juan Carlos I #YoMeQuedoEnCasa Ya tenemos la maquinaria de marketing de Zarzuela a todo gas. Y es que, tras el tras el tard\u00edo y pat\u00e9tico discurso de Felipe Uve Palito, nos les queda otra m\u00e1s que blanquear su deteriorada imagen. Ya [&hellip;]<\/p>\n","protected":false},"author":1,"featured_media":0,"comment_status":"open","ping_status":"","sticky":false,"template":"","format":"standard","meta":{"footnotes":""},"categories":[88],"tags":[109],"class_list":["post-842817","post","type-post","status-publish","format-standard","hentry","category-spain","tag-mediterraneodigital-com"],"_links":{"self":[{"href":"https:\/\/analyse.optim.biz\/index.php?rest_route=\/wp\/v2\/posts\/842817","targetHints":{"allow":["GET"]}}],"collection":[{"href":"https:\/\/analyse.optim.biz\/index.php?rest_route=\/wp\/v2\/posts"}],"about":[{"href":"https:\/\/analyse.optim.biz\/index.php?rest_route=\/wp\/v2\/types\/post"}],"author":[{"embeddable":true,"href":"https:\/\/analyse.optim.biz\/index.php?rest_route=\/wp\/v2\/users\/1"}],"replies":[{"embeddable":true,"href":"https:\/\/analyse.optim.biz\/index.php?rest_route=%2Fwp%2Fv2%2Fcomments&post=842817"}],"version-history":[{"count":0,"href":"https:\/\/analyse.optim.biz\/index.php?rest_route=\/wp\/v2\/posts\/842817\/revisions"}],"wp:attachment":[{"href":"https:\/\/analyse.optim.biz\/index.php?rest_route=%2Fwp%2Fv2%2Fmedia&parent=842817"}],"wp:term":[{"taxonomy":"category","embeddable":true,"href":"https:\/\/analyse.optim.biz\/index.php?rest_route=%2Fwp%2Fv2%2Fcategories&post=842817"},{"taxonomy":"post_tag","embeddable":true,"href":"https:\/\/analyse.optim.biz\/index.php?rest_route=%2Fwp%2Fv2%2Ftags&post=842817"}],"curies":[{"name":"wp","href":"https:\/\/api.w.org\/{rel}","templated":true}]}}