{"id":842636,"date":"2025-12-04T13:58:43","date_gmt":"2025-12-04T10:58:43","guid":{"rendered":"https:\/\/analyse.optim.biz\/?p=842636"},"modified":"2025-12-04T13:58:43","modified_gmt":"2025-12-04T10:58:43","slug":"la-amnistia-del-gobierno-extremista-de-pedro-sanchez-es-otro-acto-de-corrupcion","status":"publish","type":"post","link":"https:\/\/analyse.optim.biz\/?p=842636","title":{"rendered":"La amnist\u00eda del Gobierno extremista de Pedro S\u00e1nchez es otro acto de corrupci\u00f3n"},"content":{"rendered":"<article>\n<aside class=\"article-aside clearfix\">\n<dl class=\"article-info  muted\">\n<dd class=\"parent-category-name hasTooltip\" title=\"Categor\u00eda de nivel principal o ra\u00edz: \"><span>Columnistas de opini\u00f3n<\/span><\/dd>\n<dd class=\"category-name hasTooltip\" title=\"Categor\u00eda: \"><span>Erik Encinas<\/span><\/dd>\n<dd class=\"createdby hasTooltip\" title=\"Escrito por \"><span>Erik Encinas<\/span><span><span><img decoding=\"async\" src=\"https:\/\/www.mediterraneodigital.com\/\/templates\/ja_good\/images\/logo.png\" alt=\"logo\"><\/span><\/span><\/dd>\n<dd class=\"published hasTooltip\" title=\"Publicado: \"><time datetime=\"2024-03-13T13:30:17+01:00\"><br \/>\n\t\t\t\t\t13 Marzo 2024          <\/time><\/dd>\n<\/dl>\n<\/aside>\n<header class=\"article-header clearfix\">\n<h1 class=\"article-title\"><a href=\"https:\/\/www.mediterraneodigital.com\/opinion\/columnistas-de-opinion\/erik-encinas\/amnistia\" title=\"La amnist\u00eda del Gobierno extremista de Pedro S\u00e1nchez es otro acto de corrupci\u00f3n \"><br \/>\n\t\t\t\tLa amnist\u00eda del Gobierno extremista de Pedro S\u00e1nchez es otro acto de corrupci\u00f3n <\/a><\/h1>\n<\/header>\n<div class=\"pull-none item-image article-image article-image-full\"><span><img decoding=\"async\" src=\"https:\/\/www.mediterraneodigital.com\/images\/2023\/10\/amnistia.jpg\" alt><\/span><\/div>\n<section class=\"article-content clearfix\">\n<p>La ley de amnist\u00eda conlleva amplio perd\u00f3n para el terrorismo, la alta traici\u00f3n, la malversaci\u00f3n y hasta los hijos del ex presidente <strong>Jordi Pujol<\/strong> afectados por diversas corruptelas, se encuentran en la lista de beneficiados.<\/p>\n<p><a href=\"https:\/\/fueradelimites.com\/resena\/\"><img decoding=\"async\" id=\"resenas-de-casinos-300x250\" alt=\"resenas-de-casinos\" src=\"https:\/\/www.mediterraneodigital.com\/images\/banners\/resenas-de-casinos-300x250.png\" width='300\"' height=\"250\"><\/a><\/p>\n<p>La ley inconstitucional de amnist\u00eda nunca estuvo en el programa electoral de ninguno de los principales partidos pol\u00edticos que se present\u00f3 a las \u00faltimas <strong>Elecciones Generales de 2023<\/strong>. Sin embargo, s\u00ed lo estaba de manera camuflada para llevarse a cabo, en caso de que el <strong>PSOE<\/strong> necesitara los votos de los separatistas para continuar en el poder, de hecho, como si supiera el resultado electoral antes de que se produjera, la estuvieron negociando en secreto ya antes de esos comicios, a espaldas de los espa\u00f1oles y de manera miserable y traicionera, llegando despu\u00e9s a tener encuentros con un pr\u00f3fugo de la justicia espa\u00f1ola como <strong>Carles Puigdemont<\/strong> en el extranjero.<\/p>\n<p>La ley de amnist\u00eda conlleva amplio perd\u00f3n para el terrorismo, la alta traici\u00f3n, la malversaci\u00f3n y hasta los hijos del ex presidente <strong>Jordi Pujol<\/strong> afectados por diversas corruptelas, se encuentran en la lista de beneficiados.<\/p>\n<p><a href=\"https:\/\/www.webapuestas.com\/casas-apuestas?utm_source=300x300&amp;utm_medium=MediterraneoDigital&amp;utm_campaign=CasasdeApuestas\"><img decoding=\"async\" id=\"casas-de-apuestas-webapuestas-300x300\" alt=\"casas-de-apuestas-webapuestas-300x300\" src=\"https:\/\/www.mediterraneodigital.com\/images\/banners\/casas-apuestas-webapuestas.png\" width='300\"' height=\"300\"><\/a><\/p>\n<p>Y no se enga\u00f1en, esto no es en aras de la convivencia de los catalanes ni mucho menos porque se hubieran producido fallos o excesos judiciales como quieren vender los golpistas que intentaron la secesi\u00f3n de <strong>Catalu\u00f1a<\/strong> en 2017 y ahora el <strong>Gobierno<\/strong> tambi\u00e9n abiertamente defiende con sus tesis <strong>anti Espa\u00f1a<\/strong>, sino todo lo contrario, el \u00fanico fin de que salga adelante una ley ilegal como esta, tan desigual para los espa\u00f1oles y que alimenta al secesionismo cuando estaba en ca\u00edda en libre, es que <strong>S\u00e1nchez<\/strong> y su ejecutivo socialcomunista sigan en el poder y adem\u00e1s se desprestigie e interfiera en la actuaci\u00f3n de los <strong>Fuerzas y Cuerpos de Seguridad del Estado<\/strong>, pero tambi\u00e9n la del poder judicial, no s\u00f3lo criminaliz\u00e1ndolo, sino tambi\u00e9n haciendo un borrado y cuenta nueva de condenados e investigados por delitos muy graves.<\/p>\n<p>Para ser m\u00e1s claro y contundente, la ley de amnist\u00eda es un acto de corrupci\u00f3n en toda regla incompatible con la <strong>Constituci\u00f3n Espa\u00f1ola<\/strong> y el derecho europeo, y no s\u00f3lo eso, sino que tambi\u00e9n forma parte de una gran conspiraci\u00f3n contra <strong>Espa\u00f1a<\/strong> que se est\u00e1 produciendo a toda velocidad desde la era del ex presidente espa\u00f1ol, <strong>Rodr\u00edguez Zapatero<\/strong>, que casualmente es la voz en el exterior del <strong>Partido Socialista<\/strong> de <strong>Pedro S\u00e1nchez<\/strong>. Y esto ocurre a la vez que <strong>Zapatero<\/strong> tiene encuentros y aumenta sus negocios amistosos con dictaduras izquierdistas como la de <strong>Nicol\u00e1s Maduro<\/strong> en <strong>Venezuela<\/strong> que reprimen y hacen desigual al pueblo venezolano. Dictaduras que han cometido adem\u00e1s injerencias en <strong>Espa\u00f1a<\/strong> y en est\u00e1 cuesti\u00f3n de manera notoria.<\/p>\n<p><a href=\"https:\/\/estacerca.com\/casinos-con-retirada-instantanea\/\"><img decoding=\"async\" id=\"Casinos con retiro inmediato\" alt=\"Casinos con retiro inmediato\" src=\"https:\/\/www.mediterraneodigital.com\/images\/banners\/casinos-con-retiro-inmediato.png\" width='300\"' height=\"250\"><\/a><\/p>\n<p>Por ello, el pueblo espa\u00f1ol es ya pr\u00e1cticamente casi en la totalidad consciente de que manifestarse pac\u00edficamente contra todo esto ha sido un paso clave y han habido numerosas protestas, pero no es suficiente con un <strong>Gobierno<\/strong> como el de <strong>Pedro S\u00e1nchez<\/strong> que intenta mantenerse a cualquier precio en el poder por lo mucho que tiene que esconder, y que si puede quiere mantenerse muchos a\u00f1os m\u00e1s liderando <strong>Espa\u00f1a<\/strong> a su imagen y semejanza. Adem\u00e1s, por esa raz\u00f3n precisamente quiere tener muy controlados a los medios de comunicaci\u00f3n, para manipular y censurar en su beneficio propio. Al final, hay que resaltar que todo es una gran operaci\u00f3n muy bien dise\u00f1ada contra la naci\u00f3n espa\u00f1ola, en la que hay muchos actores implicados de menos a m\u00e1s poderosos y que alcanza hasta al propio <strong>George Soros<\/strong> que financia al movimiento secesionista con fines perversos.<\/p>\n<div id=\"author_infobox\">\n<div class=\"author_infobox_image_profile\"><img decoding=\"async\" src=\"https:\/\/www.mediterraneodigital.com\/images\/columnistas\/encinas-erik.jpg\" alt=\"Erik Encinas\"><\/div>\n<div class=\"author_infobox_name\"><span class=\"bold\">Autor:<\/span> Erik Encinas<\/div>\n<div class=\"author_infobox_socialmedia\"><span class=\"facebook\"><a href=\"https:\/\/www.facebook.com\/erik.encinasortega\" title=\"Facebook\" target=\"_blank\"><img decoding=\"async\" src=\"https:\/\/www.mediterraneodigital.com\/plugins\/content\/authorinfobox\/images\/facebook.png\" alt><\/a><\/span><span class=\"twitter\"><a href=\"https:\/\/twitter.com\/ERIKEO5555\" title=\"Twitter\" target=\"_blank\"><img decoding=\"async\" src=\"https:\/\/www.mediterraneodigital.com\/plugins\/content\/authorinfobox\/images\/twitter.png\" alt><\/a><\/span><\/div>\n<div class=\"author_infobox_description\">Graduado en Periodismo por la Universidad Pompeu Fabra. Miembro del Colegio de Periodistas de Catalu\u00f1a. Colaborador en diferentes medios de comunicaci\u00f3n, entre ellos MEDITERR\u00c1NEO DIGITAL, Radio Rub\u00ed, VAVEL deportes, Radio Las Palmas o Report.cat. Asesor de comunicaci\u00f3n en JPC Comunicaci\u00f3n.\n<\/div>\n<\/div>\n<p><br class=\"clear\"><a href=\"https:\/\/clsmining.com\/xml\/index.html#\/\"><img decoding=\"async\" id=\"cls-mining.gif\" alt=\"cls-mining.gif\" src=\"https:\/\/www.mediterraneodigital.com\/images\/banners\/cls-mining.gif\" width='300\"' height=\"250\"><\/a><\/section>\n<\/article>\n<p> Source URL: https:\/\/www.mediterraneodigital.com\/opinion\/columnistas-de-opinion\/erik-encinas\/amnistia<\/p>\n","protected":false},"excerpt":{"rendered":"<p>Columnistas de opini\u00f3n Erik Encinas Erik Encinas 13 Marzo 2024 La amnist\u00eda del Gobierno extremista de Pedro S\u00e1nchez es otro acto de corrupci\u00f3n La ley de amnist\u00eda conlleva amplio perd\u00f3n para el terrorismo, la alta traici\u00f3n, la malversaci\u00f3n y hasta los hijos del ex presidente Jordi Pujol afectados por diversas corruptelas, se encuentran en la [&hellip;]<\/p>\n","protected":false},"author":1,"featured_media":0,"comment_status":"open","ping_status":"","sticky":false,"template":"","format":"standard","meta":{"footnotes":""},"categories":[88],"tags":[109],"class_list":["post-842636","post","type-post","status-publish","format-standard","hentry","category-spain","tag-mediterraneodigital-com"],"_links":{"self":[{"href":"https:\/\/analyse.optim.biz\/index.php?rest_route=\/wp\/v2\/posts\/842636","targetHints":{"allow":["GET"]}}],"collection":[{"href":"https:\/\/analyse.optim.biz\/index.php?rest_route=\/wp\/v2\/posts"}],"about":[{"href":"https:\/\/analyse.optim.biz\/index.php?rest_route=\/wp\/v2\/types\/post"}],"author":[{"embeddable":true,"href":"https:\/\/analyse.optim.biz\/index.php?rest_route=\/wp\/v2\/users\/1"}],"replies":[{"embeddable":true,"href":"https:\/\/analyse.optim.biz\/index.php?rest_route=%2Fwp%2Fv2%2Fcomments&post=842636"}],"version-history":[{"count":0,"href":"https:\/\/analyse.optim.biz\/index.php?rest_route=\/wp\/v2\/posts\/842636\/revisions"}],"wp:attachment":[{"href":"https:\/\/analyse.optim.biz\/index.php?rest_route=%2Fwp%2Fv2%2Fmedia&parent=842636"}],"wp:term":[{"taxonomy":"category","embeddable":true,"href":"https:\/\/analyse.optim.biz\/index.php?rest_route=%2Fwp%2Fv2%2Fcategories&post=842636"},{"taxonomy":"post_tag","embeddable":true,"href":"https:\/\/analyse.optim.biz\/index.php?rest_route=%2Fwp%2Fv2%2Ftags&post=842636"}],"curies":[{"name":"wp","href":"https:\/\/api.w.org\/{rel}","templated":true}]}}