{"id":842634,"date":"2025-12-04T13:58:08","date_gmt":"2025-12-04T10:58:08","guid":{"rendered":"https:\/\/analyse.optim.biz\/?p=842634"},"modified":"2025-12-04T13:58:08","modified_gmt":"2025-12-04T10:58:08","slug":"pedro-sanchez-toma-del-todo-el-control-de-la-television-espanola","status":"publish","type":"post","link":"https:\/\/analyse.optim.biz\/?p=842634","title":{"rendered":"Pedro S\u00e1nchez toma del todo el control de la televisi\u00f3n espa\u00f1ola"},"content":{"rendered":"<article>\n<aside class=\"article-aside clearfix\">\n<dl class=\"article-info  muted\">\n<dd class=\"parent-category-name hasTooltip\" title=\"Categor\u00eda de nivel principal o ra\u00edz: \"><span>Columnistas de opini\u00f3n<\/span><\/dd>\n<dd class=\"category-name hasTooltip\" title=\"Categor\u00eda: \"><span>Erik Encinas<\/span><\/dd>\n<dd class=\"createdby hasTooltip\" title=\"Escrito por \"><span>Erik Encinas<\/span><span><span><img decoding=\"async\" src=\"https:\/\/www.mediterraneodigital.com\/\/templates\/ja_good\/images\/logo.png\" alt=\"logo\"><\/span><\/span><\/dd>\n<dd class=\"published hasTooltip\" title=\"Publicado: \"><time datetime=\"2024-10-27T10:56:43+01:00\"><br \/>\n\t\t\t\t\t27 Octubre 2024          <\/time><\/dd>\n<\/dl>\n<\/aside>\n<header class=\"article-header clearfix\">\n<h1 class=\"article-title\"><a href=\"https:\/\/www.mediterraneodigital.com\/opinion\/columnistas-de-opinion\/erik-encinas\/pedro-sanchez-tve\" title=\"Pedro S\u00e1nchez toma del todo el control de la televisi\u00f3n espa\u00f1ola\"><br \/>\n\t\t\t\tPedro S\u00e1nchez toma del todo el control de la televisi\u00f3n espa\u00f1ola<\/a><\/h1>\n<\/header>\n<div class=\"pull-none item-image article-image article-image-full\"><span><img decoding=\"async\" src=\"https:\/\/www.mediterraneodigital.com\/images\/2024\/10\/autobus-hazte-oir-pedro-sanchez.jpg\" alt><\/span><\/div>\n<section class=\"article-content clearfix\">\n<p>Antes de 2018, <strong>Pedro S\u00e1nchez<\/strong> reclamaba una televisi\u00f3n independiente en los medios, sin embargo lo primero que hizo al llegar al poder fue purgar a periodistas y crear listas de los m\u00e1s inc\u00f3modos<\/p>\n<p><a href=\"https:\/\/fueradelimites.com\/resena\/\"><img decoding=\"async\" id=\"resenas-de-casinos-300x250\" alt=\"resenas-de-casinos\" src=\"https:\/\/www.mediterraneodigital.com\/images\/banners\/resenas-de-casinos-300x250.png\" width='300\"' height=\"250\"><\/a><\/p>\n<p>El <strong>Gobierno<\/strong> de <strong>Pedro S\u00e1nchez<\/strong> se encuentra en estos momentos bajo lupa por su presunta corrupci\u00f3n y sus v\u00ednculos con dictaduras como la chavista de <strong>Nicol\u00e1s Maduro<\/strong>, algo que pr\u00e1cticamente es un secreto a voces, pero quienes advertimos con mucha antelaci\u00f3n de que <strong>S\u00e1nchez<\/strong> es un tirano que se disfraza de cordero inofensivo no nos equivocamos, porque los hechos nos han dado la raz\u00f3n de manera contundente con el paso del tiempo.<\/p>\n<p><strong>S\u00e1nchez<\/strong> y su elenco de ministros no han dudado desde el primer d\u00eda en tomarse en serio la necesidad de controlar los medios de comunicaci\u00f3n, especialmente las televisiones espa\u00f1olas tanto p\u00fablicas como privadas, doblegando el ejercicio period\u00edstico y poni\u00e9ndolas al servicio de los socialistas y comunistas y de aquellos que les apoyen, aunque eso cueste mucho dinero y grandes p\u00e9rdidas de audiencia para distintos grupos medi\u00e1ticos espa\u00f1oles.<\/p>\n<p><a href=\"https:\/\/www.webapuestas.com\/casas-apuestas?utm_source=300x300&amp;utm_medium=MediterraneoDigital&amp;utm_campaign=CasasdeApuestas\"><img decoding=\"async\" id=\"casas-de-apuestas-webapuestas-300x300\" alt=\"casas-de-apuestas-webapuestas-300x300\" src=\"https:\/\/www.mediterraneodigital.com\/images\/banners\/casas-apuestas-webapuestas.png\" width='300\"' height=\"300\"><\/a><\/p>\n<p>Con mayor o menor astucia y perspicacia, el ejecutivo extremista ha ido apartado a todos los periodistas que realmente incomodan a la tiran\u00eda izquierdista a la vez que ha estado en la \u00faltima d\u00e9cada comprando voluntades con subvenciones y otros pagos, que implican vigilar constantemente las contrataciones y censura de contenidos noticiosos, adem\u00e1s de controlar las redes sociales como se revel\u00f3 que le hab\u00eda encargado esa funci\u00f3n el <strong>Ministro Grande-Marlaska<\/strong> al <strong>Coronel de la Guardia Civil, P\u00e9rez de los Cobos.<\/strong><\/p>\n<p>Actualmente, el <strong>Gobierno<\/strong> de extrema izquierda de <strong>S\u00e1nchez<\/strong> est\u00e1 llevando a t\u00e9rmino la \u00faltima fase para controlar del todo a los medios de comunicaci\u00f3n y que conste nadie se lo est\u00e1 impidiendo, porque a trav\u00e9s de un nuevo golpe de decretazo ha aprobado una ley que le permite apoderarse de la <strong>TV p\u00fablica<\/strong> durante seis a\u00f1os cambiando las mayor\u00edas y el sistema de elecci\u00f3n.<\/p>\n<p><a href=\"https:\/\/estacerca.com\/casinos-con-retirada-instantanea\/\"><img decoding=\"async\" id=\"Casinos con retiro inmediato\" alt=\"Casinos con retiro inmediato\" src=\"https:\/\/www.mediterraneodigital.com\/images\/banners\/casinos-con-retiro-inmediato.png\" width='300\"' height=\"250\"><\/a><\/p>\n<p>Cabe se\u00f1alar que el decreto que afecta a <strong>RTVE<\/strong> sortea la mayor\u00eda del <strong>PP<\/strong> en el <strong>Senado<\/strong> y contraviene el reglamento europeo invocado por <strong>Moncloa<\/strong> para cambiar las normas de los medios y por ello deber\u00eda comportar una sanci\u00f3n europea. Adem\u00e1s, la manera de legislar autoritaria del ejecutivo tampoco extra\u00f1a, porque es el <strong>Gobierno<\/strong> que ha utilizado m\u00e1s la v\u00eda de los decretazos para legislar desde que muri\u00f3 <strong>Francisco Franco.<\/strong><\/p>\n<p>En esta l\u00ednea tir\u00e1nica, conviene explicar que <strong>S\u00e1nchez<\/strong> lleva m\u00e1s de seis a\u00f1os en el poder y s\u00f3lo ha comparecido una vez en un <strong>Estado de la Naci\u00f3n<\/strong>, pese a que la situaci\u00f3n es de extrema gravedad y el <strong>Gobierno<\/strong> se sostenga de puntillas por unas minor\u00edas hispan\u00f3fobas y anticonstitucionales.<\/p>\n<p><a href=\"https:\/\/clsmining.com\/xml\/index.html#\/\"><img decoding=\"async\" id=\"cls-mining.gif\" alt=\"cls-mining.gif\" src=\"https:\/\/www.mediterraneodigital.com\/images\/banners\/cls-mining.gif\" width='300\"' height=\"250\"><\/a><\/p>\n<p>Es por ello que se huele a distancia el miedo tremendo que tienen en <strong>Moncloa<\/strong> a la verdad y la libertad, y por esta raz\u00f3n hoy m\u00e1s que nunca hay que recordarles a los extremistas que sin periodismo, no hay democracia, y que por intereses personales no se puede dilapidar un r\u00e9gimen democr\u00e1tico, porque las consecuencias son devastadoras y ser\u00e1n peor en el futuro, sino cambian los acontecimientos en <strong>Espa\u00f1a<\/strong>.<\/p>\n<div id=\"author_infobox\">\n<div class=\"author_infobox_image_profile\"><img decoding=\"async\" src=\"https:\/\/www.mediterraneodigital.com\/images\/columnistas\/encinas-erik.jpg\" alt=\"Erik Encinas\"><\/div>\n<div class=\"author_infobox_name\"><span class=\"bold\">Autor:<\/span> Erik Encinas<\/div>\n<div class=\"author_infobox_socialmedia\"><span class=\"facebook\"><a href=\"https:\/\/www.facebook.com\/erik.encinasortega\" title=\"Facebook\" target=\"_blank\"><img decoding=\"async\" src=\"https:\/\/www.mediterraneodigital.com\/plugins\/content\/authorinfobox\/images\/facebook.png\" alt><\/a><\/span><span class=\"twitter\"><a href=\"https:\/\/twitter.com\/ERIKEO5555\" title=\"Twitter\" target=\"_blank\"><img decoding=\"async\" src=\"https:\/\/www.mediterraneodigital.com\/plugins\/content\/authorinfobox\/images\/twitter.png\" alt><\/a><\/span><\/div>\n<div class=\"author_infobox_description\">Graduado en Periodismo por la Universidad Pompeu Fabra. Miembro del Colegio de Periodistas de Catalu\u00f1a. Colaborador en diferentes medios de comunicaci\u00f3n, entre ellos MEDITERR\u00c1NEO DIGITAL, Radio Rub\u00ed, VAVEL deportes, Radio Las Palmas o Report.cat. Asesor de comunicaci\u00f3n en JPC Comunicaci\u00f3n.\n<\/div>\n<\/div>\n<p><br class=\"clear\"><\/section>\n<\/article>\n<p> Source URL: https:\/\/www.mediterraneodigital.com\/opinion\/columnistas-de-opinion\/erik-encinas\/pedro-sanchez-tve<\/p>\n","protected":false},"excerpt":{"rendered":"<p>Columnistas de opini\u00f3n Erik Encinas Erik Encinas 27 Octubre 2024 Pedro S\u00e1nchez toma del todo el control de la televisi\u00f3n espa\u00f1ola Antes de 2018, Pedro S\u00e1nchez reclamaba una televisi\u00f3n independiente en los medios, sin embargo lo primero que hizo al llegar al poder fue purgar a periodistas y crear listas de los m\u00e1s inc\u00f3modos El [&hellip;]<\/p>\n","protected":false},"author":1,"featured_media":0,"comment_status":"open","ping_status":"","sticky":false,"template":"","format":"standard","meta":{"footnotes":""},"categories":[88],"tags":[109],"class_list":["post-842634","post","type-post","status-publish","format-standard","hentry","category-spain","tag-mediterraneodigital-com"],"_links":{"self":[{"href":"https:\/\/analyse.optim.biz\/index.php?rest_route=\/wp\/v2\/posts\/842634","targetHints":{"allow":["GET"]}}],"collection":[{"href":"https:\/\/analyse.optim.biz\/index.php?rest_route=\/wp\/v2\/posts"}],"about":[{"href":"https:\/\/analyse.optim.biz\/index.php?rest_route=\/wp\/v2\/types\/post"}],"author":[{"embeddable":true,"href":"https:\/\/analyse.optim.biz\/index.php?rest_route=\/wp\/v2\/users\/1"}],"replies":[{"embeddable":true,"href":"https:\/\/analyse.optim.biz\/index.php?rest_route=%2Fwp%2Fv2%2Fcomments&post=842634"}],"version-history":[{"count":0,"href":"https:\/\/analyse.optim.biz\/index.php?rest_route=\/wp\/v2\/posts\/842634\/revisions"}],"wp:attachment":[{"href":"https:\/\/analyse.optim.biz\/index.php?rest_route=%2Fwp%2Fv2%2Fmedia&parent=842634"}],"wp:term":[{"taxonomy":"category","embeddable":true,"href":"https:\/\/analyse.optim.biz\/index.php?rest_route=%2Fwp%2Fv2%2Fcategories&post=842634"},{"taxonomy":"post_tag","embeddable":true,"href":"https:\/\/analyse.optim.biz\/index.php?rest_route=%2Fwp%2Fv2%2Ftags&post=842634"}],"curies":[{"name":"wp","href":"https:\/\/api.w.org\/{rel}","templated":true}]}}