{"id":842556,"date":"2025-12-04T13:18:29","date_gmt":"2025-12-04T10:18:29","guid":{"rendered":"https:\/\/analyse.optim.biz\/?p=842556"},"modified":"2025-12-04T13:18:29","modified_gmt":"2025-12-04T10:18:29","slug":"contra-una-ministra-mentirosa-y-falaz-cobarde-y-mercenaria","status":"publish","type":"post","link":"https:\/\/analyse.optim.biz\/?p=842556","title":{"rendered":"Contra una ministra mentirosa y falaz, cobarde y mercenaria"},"content":{"rendered":"<article>\n<aside class=\"article-aside clearfix\">\n<dl class=\"article-info  muted\">\n<dd class=\"parent-category-name hasTooltip\" title=\"Categor\u00eda de nivel principal o ra\u00edz: \"><span>Columnistas de opini\u00f3n<\/span><\/dd>\n<dd class=\"category-name hasTooltip\" title=\"Categor\u00eda: \"><span>Enrique Area Sacrist\u00e1n<\/span><\/dd>\n<dd class=\"createdby hasTooltip\" title=\"Escrito por \"><span>Enrique Area Sacrist\u00e1n<\/span><span><span><img decoding=\"async\" src=\"https:\/\/www.mediterraneodigital.com\/\/templates\/ja_good\/images\/logo.png\" alt=\"logo\"><\/span><\/span><\/dd>\n<dd class=\"published hasTooltip\" title=\"Publicado: \"><time datetime=\"2020-12-10T11:23:29+01:00\"><br \/>\n\t\t\t\t\t10 Diciembre 2020          <\/time><\/dd>\n<\/dl>\n<\/aside>\n<header class=\"article-header clearfix\">\n<h1 class=\"article-title\"><a href=\"https:\/\/www.mediterraneodigital.com\/opinion\/columnistas-de-opinion\/enrique-area-sacristan\/margarita-robles-defensa\" title=\"Contra una ministra mentirosa y falaz, cobarde y mercenaria\"><br \/>\n\t\t\t\tContra una ministra mentirosa y falaz, cobarde y mercenaria<\/a><\/h1>\n<\/header>\n<div class=\"tags\"><span class=\"tag-16 tag-list0\"><a href=\"https:\/\/www.mediterraneodigital.com\/component\/tags\/tag\/pedro-sanchez\" class=\"label label-info\"><br \/>\n\t\t\t\t\t\tPedro S\u00e1nchez\t\t\t\t\t<\/a><\/span><\/div>\n<div class=\"pull-none item-image article-image article-image-full\"><span><img decoding=\"async\" src=\"https:\/\/www.mediterraneodigital.com\/images\/2020\/12\/margarita-robles-defensa.jpg\" alt><\/span><\/div>\n<section class=\"article-content clearfix\">\n<p><strong>\u2666\u00a0<a href=\"https:\/\/t.me\/MediterraneoDGT\" target=\"_blank\" rel=\"noopener\">#StopCensura \u00a1S\u00edguenos en Telegram!<\/a><\/strong><\/p>\n<p><a href=\"https:\/\/fueradelimites.com\/resena\/\"><img decoding=\"async\" id=\"resenas-de-casinos-300x250\" alt=\"resenas-de-casinos\" src=\"https:\/\/www.mediterraneodigital.com\/images\/banners\/resenas-de-casinos-300x250.png\" width='300\"' height=\"250\"><\/a><\/p>\n<p><em>\u00abHay tantos burros mandando hombres inteligentes que a veces pienso si la estupidez es una ciencia\u00bb<\/em>.<strong> Ant\u00f3nio Aleixo<\/strong>.<\/p>\n<p>No voy a ser tan educado como mi <strong>General<\/strong> de <strong>Infanter\u00eda de Marina<\/strong> al dirigirme a semejante pelandusca; General que tiene patente de <strong>Corso<\/strong>, del lat\u00edn cursus, \u201ccarrera\u201d, licencia, t\u00e9rmino que hac\u00eda referencia tanto a los marinos como a los nav\u00edos, ya sean de las armadas o de particulares, quienes adquir\u00edan la condici\u00f3n militar en virtud del permiso concedido por una autoridad suprema. El corso tiene cierta similitud con la pirater\u00eda, pero es legal por el gobierno, en las ant\u00edpoda del suyo, por lo que la diferencia te\u00f3rica entre un pirata como usted y un corso radica en la legalidad de sus actos como queda plasmado en la <strong>Ley Org\u00e1nica de Derechos y Deberes<\/strong> del militar profesional. \u2018\u2018El pirata es por mar lo que por tierra es un salteador de caminos; y el corso es por mar lo que por tierra es un guerrillero.\u201d<\/p>\n<p><a href=\"https:\/\/www.webapuestas.com\/casas-apuestas?utm_source=300x300&amp;utm_medium=MediterraneoDigital&amp;utm_campaign=CasasdeApuestas\"><img decoding=\"async\" id=\"casas-de-apuestas-webapuestas-300x300\" alt=\"casas-de-apuestas-webapuestas-300x300\" src=\"https:\/\/www.mediterraneodigital.com\/images\/banners\/casas-apuestas-webapuestas.png\" width='300\"' height=\"300\"><\/a><\/p>\n<p>Pirater\u00eda deriva del verbo griego \u03c0\u03b5\u03b9\u03c1\u03ac\u03c9, \u00abpeiraoo\u00bb, que significa \u2018intentar la fortuna en las aventuras\u2019. Otros creen que proviene de \u03a0\u03cd\u03c1\u03bf\u03c2, \u00abp\u00fdros\u00bb, \u00abfuego\u00bb, siendo por tanto el t\u00e9rmino pirata equivalente a incendiario. Tenemos fascinaci\u00f3n con los piratas y solo pensar en los \u00e9xitos de series y pel\u00edculas de pirater\u00eda as\u00ed lo confirma. El <strong>Gobierno<\/strong> y usted se han convertido en piratescos clanes incendiarios para nuestro h\u00e1bitat natural y este art\u00edculo nos mostrar\u00e1 apenas algunas escenas del drama.<\/p>\n<p>En un mundo tan discordante al plano moral que hemos desarrollado y asumido, muchas veces hip\u00f3critamente, el denominador com\u00fan es matar para comer, comer para vivir. La naturaleza no es precisamente una dulce referencia en s\u00ed misma pues casi todo ser vivo mata para subsistir y matar no es moralmente aceptable dentro del pensamiento humano moderno\u2026 en teor\u00eda.<\/p>\n<p><a href=\"https:\/\/estacerca.com\/casinos-con-retirada-instantanea\/\"><img decoding=\"async\" id=\"Casinos con retiro inmediato\" alt=\"Casinos con retiro inmediato\" src=\"https:\/\/www.mediterraneodigital.com\/images\/banners\/casinos-con-retiro-inmediato.png\" width='300\"' height=\"250\"><\/a><\/p>\n<p>La moral eleva al hombre sobre impulsos naturales. Sin embargo, procesos pol\u00edticos involucionistas, como los suyos, nos empujan en reversa. La desconexi\u00f3n progresiva del individuo con la familia y de esta con las Instituciones formales e informales, lo separa del sentido de fusi\u00f3n a su comunidad, a la sociedad, y de ah\u00ed, a la humanidad misma. Eso es lo que han conseguido ustedes con su pol\u00edtica que, le recuerdo, si no lo sabe, es impulsar, orientar y dirigir procesos econ\u00f3micos y sociales para el bien de la comunidad.<\/p>\n<p>Es imposible dejar de considerar este exabrupto que ha soltado usted como el efecto de haber escuchado a sus m\u00e1s recientes compinches en ilegalidades entre los que sobresale uno, <strong>Alejo de la Torre<\/strong>, quienes tienen a\u00f1os de gritar a los cuatro vientos su frasecita de<em> \u201ca la prensa se le paga o se le pega\u201d<\/em>, por cierto, ahora dispuestos a destruir la credibilidad del sistema de ascensos al impulsar desde donde se encuentre su llegada al generalato con el nombramiento de \u201camigos\u201d en la c\u00faspide del<strong> Cuerpo Jur\u00eddico militar.<\/strong><\/p>\n<p><a href=\"https:\/\/clsmining.com\/xml\/index.html#\/\"><img decoding=\"async\" id=\"cls-mining.gif\" alt=\"cls-mining.gif\" src=\"https:\/\/www.mediterraneodigital.com\/images\/banners\/cls-mining.gif\" width='300\"' height=\"250\"><\/a><\/p>\n<p>A causa del derecho de antejuicio, usted se escapa de la responsabilidad legal. Tampoco me importa, aunque lo lamento porque esto, creo yo, es resultado del pacto de corruptos. Cuando yo critico, como cualquier ciudadano, lo hago de frente. Nada de \u201cme dijeron\u201d. Exijo eso de quienes est\u00e1n en desacuerdo conmigo, porque lo peor es la cobard\u00eda. Ser mentiroso compulsivo es, a mi criterio, una perturbaci\u00f3n psicol\u00f3gica no siempre curable, y esto conlleva a la vez el problema de tener a alguien as\u00ed en el mando presidencial y, a usted, con el agregado de la debilidad de car\u00e1cter para no obedecer ni escuchar a quienes asesoran en beneficio de la<strong> Defensa de la Unidad de Espa\u00f1a<\/strong> porque para eso la escogieron. El rechazo visceral a los criterios contrarios es caracter\u00edstica de los mediocres. Por suerte, ya en la pr\u00e1ctica solo faltan tres a\u00f1os para su mandato.<\/p>\n<p>No creo que los millones de votantes de esa amalgama separatista-socialista-comunista, sin otro oficio que vivir del poder, hayan cambiado su intenci\u00f3n de voto ante tanta tropel\u00eda gubernamental. Al contrario, est\u00e1n aplaudiendo que sus l\u00edderes transformen el dolor humano en un asunto clave para mantenerse en el poder. Sus votantes son c\u00f3mplices de la politizaci\u00f3n, utilizaci\u00f3n e instrumentaci\u00f3n a que este <strong>Gobierno<\/strong> ha sometido el dolor, el sufrimiento y la muerte de miles de espa\u00f1oles. S\u00ed, ser\u00e1n millones los individuos que se servir\u00e1n de esa \u201corganizaci\u00f3n\u201d, repito, \u201ccolectiva del odio\u201d para justificar su lealtad a los partidos que votaron hace unos meses para liquidar <strong>Espa\u00f1a<\/strong>.<\/p>\n<p>Me hubiera gustado escribir sobre la viabilidad de un <strong>Gobierno<\/strong> de unidad nacional para empezar a salir de esta ruina, pero renunci\u00e9 al instante, porque es un sinsentido, una ilusi\u00f3n, un enga\u00f1o, un placebo que inventamos algunos intelectuales espa\u00f1oles para darnos \u00e1nimos ante la inevitable muerte de la inteligencia en <strong>Espa\u00f1a<\/strong>. El pueblo espa\u00f1ol y, lo que es peor, sus elites cient\u00edficas est\u00e1n al mismo subnivel, o mejor, subsuelo que sus pol\u00edticos. Los millones de individuos que han votado a <strong>S\u00e1nchez<\/strong> son como \u00e9l; y, peor a\u00fan, nuestros cient\u00edficos, nuestros sabios, que est\u00e1n tan calladitos como los periodistas que comen de la olla de <strong>S\u00e1nchez-Iglesias,<\/strong> son mucho peor que los monstruos de la <strong>Moncloa<\/strong>. Por desgracia, el dolor de mundo, la <strong>Espa\u00f1a<\/strong> en duelo de hoy no ser\u00e1 acicate futuro para construir un pa\u00eds con menos criminales, cobardes y tontos como ustedes.<\/p>\n<p>Cuando eres un cobarde de manual, resulta terap\u00e9utico escribir e informarte sobre aquello a lo que temes como m\u00e9todo de controlar tus fobias.<\/p>\n<p>En mi caso particular, s\u00e9 m\u00e1s sobre escualos de lo que ser\u00eda recomendable para alguien ajeno a la zoolog\u00eda. La culpa la tiene <strong>Spielberg<\/strong>, de este miedo irracional, y de muchos otros que no mencionar\u00e9 aqu\u00ed por lo rid\u00edculos y vergonzosos que resultan.<\/p>\n<p>Al margen de acumular datos, saber sobre lo que nos pone la piel de gallina nos permite hablar de ello en nuestros textos con mayor fluidez y seguridad, dotando de realismo y verosimilitud a nuestras historias.<\/p>\n<p>Y no solo eso: cuando un pol\u00edtico cobarde describe sobre uno de sus miedos, act\u00faa como catalizador de ese temor, que queda encerrado e impregna toda la historia.<\/p>\n<p>Posiblemente no acabes con tu fobia, de hecho, es muy probable que acabes teniendo pesadillas con tu propia historia, pero el resultado sin duda alguna complacer\u00e1 al p\u00fablico, pues del mismo modo que escribir deprimido captura tu tristeza en las palabras, escribir o declarar cagado de miedo tambi\u00e9n atrapa el terror.<\/p>\n<p>Tienes muchos c\u00f3mplices y un sin n\u00famero de traidores, que dejan hoy huellas muy profundas y peligrosas para la vida democr\u00e1tica.<\/p>\n<p>Hace 83 a\u00f1os, en 1937 escrib\u00eda <strong>Miguel Hern\u00e1ndez<\/strong> unos versos dedicados a los cobardes y que, aunque sea usted una hembra, le van al pelo:<\/p>\n<p>\u201cHombres veo que de hombres \/ s\u00f3lo tienen, s\u00f3lo gastan \/ el parecer y el cigarro, \/ el pantal\u00f3n y la barba. \/ En el coraz\u00f3n son liebres, \/ gallinas en las entra\u00f1as, \/ galgos de r\u00e1pido vientre, \/ que en \u00e9pocas de paz ladran \/ y en \u00e9pocas de ca\u00f1ones \/ desaparecen del mapa. \/ Estos hombres, estas liebres, \/ comisarios de la alarma, \/ cuando escuchan a cien leguas \/ el estruendo de las balas, \/ con singular hero\u00edsmo \/ a la carrera se lanzan, \/ se les alborota el ano, \/ el pelo se les espanta. \/ Valientemente se esconden, \/ gallardamente se escapan \/ del campo de los peligros \/ estas fugitivas cacas, \/ que me duelen hace tiempo \/ en los cojones del alma\u201d.<\/p>\n<div id=\"author_infobox\">\n<div class=\"author_infobox_image_profile\"><img decoding=\"async\" src=\"https:\/\/www.mediterraneodigital.com\/images\/columnistas\/enrique-area-sacristan.jpg\" alt=\"Enrique Area Sacrist\u00e1n\"><\/div>\n<div class=\"author_infobox_name\"><span class=\"bold\">Autor:<\/span> Enrique Area Sacrist\u00e1n<span class=\"bold marginleft\">Website:<\/span><a href=\"https:\/\/www.defensa-nacional.com\/blog\/\" title=\"Website: https:\/\/www.defensa-nacional.com\/blog\/\">https:\/\/www.defensa-nacional.com\/blog\/<\/a><\/div>\n<div class=\"author_infobox_socialmedia\"><span class=\"facebook\"><a href=\"https:\/\/www.facebook.com\/enrique.areasacristan\" title=\"Facebook\" target=\"_blank\"><img decoding=\"async\" src=\"https:\/\/www.mediterraneodigital.com\/plugins\/content\/authorinfobox\/images\/facebook.png\" alt><\/a><\/span><\/div>\n<div class=\"author_infobox_description\">Enrique F. Area Sacrist\u00e1n (Vitoria 1960), Doctor en Sociolog\u00eda por la Universidad de Salamanca y Teniente Coronel de Infanter\u00eda de la Escala Superior de Oficiales. Curs\u00f3 sus estudios militares en la Academia General de Zaragoza y la Academia de Infanter\u00eda de Toledo. Es Diplomado en Mando de Unidades Acorazadas, de Unidades de Operaciones Especiales, de Unidades Paracaidistas en Espa\u00f1a y del Ej\u00e9rcito Franc\u00e9s. Ha realizado diferentes cursos y masters: Curso de Derecho Internacional y de la Guerra, postgrado en Ingenier\u00eda de Calidad, Master en Direcci\u00f3n de Recursos Humanos.<\/p>\n<p>Ha publicado varios trabajos relacionados con las Fuerzas Armadas y la Sociolog\u00eda, entre ellos destaca el estudio sociol\u00f3gico sobre &#8216;Los Procesos de la Defensa Nacional en la Regi\u00f3n Militar Pirenaico-Occidental&#8217; (2003), &#8216;Necesidades de especializaci\u00f3n en las Fuerzas Armadas&#8217; (2005) y &#8216;La profesionalizaci\u00f3n en el Ej\u00e9rcito de Tierra&#8217; (2007). Publica en 2018 su tesis doctoral, le\u00edda en la Universidad de Salamanca en 2009, sobresaliente cum laude, &#8216;La incidencia de los nacionalismos excluyentes en la profesionalizaci\u00f3n de las Fuerzas Armadas&#8217;.<\/p>\n<p>Articulista reconocido, ha publicado m\u00e1s de doscientos art\u00edculos relacionados con las Fuerzas Armadas y los nacionalismos. Es coautor del trabajo  &#8216;Milicia y Sanidad en Al-Andalus. La Taifa Zir\u00ed de Granada&#8217; junto con el Coronel D. Francisco Herv\u00e1s Maldonado.<\/p><\/div>\n<\/div>\n<p><br class=\"clear\"><\/section>\n<\/article>\n<p> Source URL: https:\/\/www.mediterraneodigital.com\/opinion\/columnistas-de-opinion\/enrique-area-sacristan\/margarita-robles-defensa<\/p>\n","protected":false},"excerpt":{"rendered":"<p>Columnistas de opini\u00f3n Enrique Area Sacrist\u00e1n Enrique Area Sacrist\u00e1n 10 Diciembre 2020 Contra una ministra mentirosa y falaz, cobarde y mercenaria Pedro S\u00e1nchez \u2666\u00a0#StopCensura \u00a1S\u00edguenos en Telegram! \u00abHay tantos burros mandando hombres inteligentes que a veces pienso si la estupidez es una ciencia\u00bb. Ant\u00f3nio Aleixo. No voy a ser tan educado como mi General de [&hellip;]<\/p>\n","protected":false},"author":1,"featured_media":0,"comment_status":"open","ping_status":"","sticky":false,"template":"","format":"standard","meta":{"footnotes":""},"categories":[88],"tags":[109],"class_list":["post-842556","post","type-post","status-publish","format-standard","hentry","category-spain","tag-mediterraneodigital-com"],"_links":{"self":[{"href":"https:\/\/analyse.optim.biz\/index.php?rest_route=\/wp\/v2\/posts\/842556","targetHints":{"allow":["GET"]}}],"collection":[{"href":"https:\/\/analyse.optim.biz\/index.php?rest_route=\/wp\/v2\/posts"}],"about":[{"href":"https:\/\/analyse.optim.biz\/index.php?rest_route=\/wp\/v2\/types\/post"}],"author":[{"embeddable":true,"href":"https:\/\/analyse.optim.biz\/index.php?rest_route=\/wp\/v2\/users\/1"}],"replies":[{"embeddable":true,"href":"https:\/\/analyse.optim.biz\/index.php?rest_route=%2Fwp%2Fv2%2Fcomments&post=842556"}],"version-history":[{"count":0,"href":"https:\/\/analyse.optim.biz\/index.php?rest_route=\/wp\/v2\/posts\/842556\/revisions"}],"wp:attachment":[{"href":"https:\/\/analyse.optim.biz\/index.php?rest_route=%2Fwp%2Fv2%2Fmedia&parent=842556"}],"wp:term":[{"taxonomy":"category","embeddable":true,"href":"https:\/\/analyse.optim.biz\/index.php?rest_route=%2Fwp%2Fv2%2Fcategories&post=842556"},{"taxonomy":"post_tag","embeddable":true,"href":"https:\/\/analyse.optim.biz\/index.php?rest_route=%2Fwp%2Fv2%2Ftags&post=842556"}],"curies":[{"name":"wp","href":"https:\/\/api.w.org\/{rel}","templated":true}]}}