{"id":842555,"date":"2025-12-04T13:18:11","date_gmt":"2025-12-04T10:18:11","guid":{"rendered":"https:\/\/analyse.optim.biz\/?p=842555"},"modified":"2025-12-04T13:18:11","modified_gmt":"2025-12-04T10:18:11","slug":"existe-una-elite-del-poder-que-conspira","status":"publish","type":"post","link":"https:\/\/analyse.optim.biz\/?p=842555","title":{"rendered":"\u00bfExiste una elite del poder que conspira?"},"content":{"rendered":"<article>\n<aside class=\"article-aside clearfix\">\n<dl class=\"article-info  muted\">\n<dd class=\"parent-category-name hasTooltip\" title=\"Categor\u00eda de nivel principal o ra\u00edz: \"><span>Columnistas de opini\u00f3n<\/span><\/dd>\n<dd class=\"category-name hasTooltip\" title=\"Categor\u00eda: \"><span>Enrique Area Sacrist\u00e1n<\/span><\/dd>\n<dd class=\"createdby hasTooltip\" title=\"Escrito por \"><span>Enrique Area Sacrist\u00e1n<\/span><span><span><img decoding=\"async\" src=\"https:\/\/www.mediterraneodigital.com\/\/templates\/ja_good\/images\/logo.png\" alt=\"logo\"><\/span><\/span><\/dd>\n<dd class=\"published hasTooltip\" title=\"Publicado: \"><time datetime=\"2021-07-25T12:52:01+02:00\"><br \/>\n\t\t\t\t\t25 Julio 2021          <\/time><\/dd>\n<\/dl>\n<\/aside>\n<header class=\"article-header clearfix\">\n<h1 class=\"article-title\"><a href=\"https:\/\/www.mediterraneodigital.com\/opinion\/columnistas-de-opinion\/enrique-area-sacristan\/conspiracion-poder\" title=\"\u00bfExiste una elite del poder que conspira?\"><br \/>\n\t\t\t\t\u00bfExiste una elite del poder que conspira?<\/a><\/h1>\n<\/header>\n<div class=\"pull-none item-image article-image article-image-full\"><span><img decoding=\"async\" src=\"https:\/\/www.mediterraneodigital.com\/images\/2021\/7\/pedro-sanchez-orwell-1984.jpg\" alt><\/span><\/div>\n<section class=\"article-content clearfix\">\n<p><strong>\u2666\u00a0<a href=\"https:\/\/t.me\/MediterraneoDGT\" target=\"_blank\" rel=\"noopener\">#StopCensura \u00a1S\u00edguenos en Telegram!<\/a><\/strong><\/p>\n<p><a href=\"https:\/\/fueradelimites.com\/resena\/\"><img decoding=\"async\" id=\"resenas-de-casinos-300x250\" alt=\"resenas-de-casinos\" src=\"https:\/\/www.mediterraneodigital.com\/images\/banners\/resenas-de-casinos-300x250.png\" width='300\"' height=\"250\"><\/a><\/p>\n<p>Hay por lo menos tres puntos de vista bien definidos sobre esta cuesti\u00f3n. Los pluralistas rechazan la idea de que haya alg\u00fan grupo cohesionado que controle la vida de las sociedades y de las naciones. Siguiendo a <strong>Merton<\/strong> consideran el poder como polim\u00f3rfico, literalmente, que tiene muchas formas, en el que<em> \u201cdiferentes personas ejercen los poderes de tomas de decisiones para cada problema particular\u201d.<\/em><\/p>\n<p>As\u00ed, una variedad de grupos diferentes compite por el poder y participa de \u00e9l. Ninguno de estos grupos gana siempre, y las principales decisiones sociales son el resultado de influencias comprometidas que compiten y de la fuerza de las circunstancias.<\/p>\n<p><a href=\"https:\/\/www.webapuestas.com\/casas-apuestas?utm_source=300x300&amp;utm_medium=MediterraneoDigital&amp;utm_campaign=CasasdeApuestas\"><img decoding=\"async\" id=\"casas-de-apuestas-webapuestas-300x300\" alt=\"casas-de-apuestas-webapuestas-300x300\" src=\"https:\/\/www.mediterraneodigital.com\/images\/banners\/casas-apuestas-webapuestas.png\" width='300\"' height=\"300\"><\/a><\/p>\n<p>Las otras dos escuelas de pensamiento consideran que la toma de decisiones sociales nacionales est\u00e1 dominada por grupos cohesionados cuasi-conspiradores, pero difieren con respecto a cu\u00e1les sean tales grupos. Los derechistas creen que la elite del poder consta de intelectuales radicales que se infiltran en los gobiernos en las escuelas y en los medios de comunicaci\u00f3n. Mediante el control que ejercen en la prensa, radio y televisi\u00f3n, determinan la informaci\u00f3n que llega a la gente. De igual manera, mediante la ocupaci\u00f3n de puestos clave en los gobiernos toman las decisiones que traicionan el individualismo y las soberan\u00edas nacionales en favor del internacionalismo izquierdista. Ellos son los responsables de los pagos siempre crecientes por concepto como la asistencia social y de las decisiones de los tribunales que incrementan los derechos de criminales contra la integridad de las naciones y del orden.<\/p>\n<p>En los \u00faltimos a\u00f1os el t\u00e9rmino \u201cnueva clase\u201d, que el escritor yugoslavo <strong>Djilas<\/strong> dio a los bur\u00f3cratas comunistas, ha sido aplicado a los periodistas, comentaristas de la televisi\u00f3n y a algunos educadores por los cr\u00edticos conservadores. El membrete de nueva clase se basa en la creencia de que quienes est\u00e1n en los medios de comunicaci\u00f3n tienden a compartir un modelo de vida, intereses econ\u00f3micos y un punto de vista semejante. Se dice que este punto de vista desde\u00f1a los valores tradicionales, como la creencia en la familia, el nacionalismo y la libre empresa.<\/p>\n<p><a href=\"https:\/\/estacerca.com\/casinos-con-retirada-instantanea\/\"><img decoding=\"async\" id=\"Casinos con retiro inmediato\" alt=\"Casinos con retiro inmediato\" src=\"https:\/\/www.mediterraneodigital.com\/images\/banners\/casinos-con-retiro-inmediato.png\" width='300\"' height=\"250\"><\/a><\/p>\n<p>Algunos cr\u00edticos izquierdistas est\u00e1n igualmente seguros de que un n\u00facleo de acad\u00e9micos de alto nivel de los <strong>Ej\u00e9rcitos<\/strong> nacionales, funcionarios gubernamentales y ejecutivos de las mayores corporaciones dominan la sociedad. Son ellos quienes mantienen una distribuci\u00f3n desigual del ingreso e intencionalmente conservan la pobreza con el fin de proteger sus privilegios; son ellos quienes mantienen las guerras o al borde de ellas para aprovechar el \u201ccomplejo militar-industrial.<\/p>\n<p>Un estudio reciente comparaba a la <em>\u201celite empresarial\u201d<\/em>, una muestra de ejecutivos de las grandes multinacionales, con la <em>\u201celite de los medios\u201d<\/em>, una muestra de los periodistas y comentaristas de noticias de televisi\u00f3n m\u00e1s importantes en<strong> Estados Unidos<\/strong>. Este estudio conclu\u00eda que <em>\u201ccada grupo clasifica al otro como el m\u00e1s influyente; m\u00e1s a\u00fan, cada uno trata de reducir sustancialmente el poder del otro y tomar un lugar como el grupo de mayor influencia\u201d.<\/em><\/p>\n<p><a href=\"https:\/\/clsmining.com\/xml\/index.html#\/\"><img decoding=\"async\" id=\"cls-mining.gif\" alt=\"cls-mining.gif\" src=\"https:\/\/www.mediterraneodigital.com\/images\/banners\/cls-mining.gif\" width='300\"' height=\"250\"><\/a><\/p>\n<p>Casi toda acci\u00f3n gubernamental ser\u00eda denunciada por alguien como un acto de conspiraci\u00f3n elitista. Esta elite que conspira, izquierdista o derechista, seg\u00fan el que opine, es tan astuta y enga\u00f1osa que algunas veces acepta una medida que parece ir contra sus propios intereses. As\u00ed, de acuerdo con los izquierdistas, el sistema de asistencia social es sostenido por el rico como un instrumento para<em> \u201creglamentar a los pobres\u201d<\/em> y preservar el sistema capitalista en <strong>Estados Unidos<\/strong>. Cualquier acto del gobierno puede ser interpretado por los izquierdistas o derechistas para demostrar que el mundo est\u00e1 bajo el dominio de una elite de poder.<\/p>\n<p>\u00bfPueden reconciliarse la elite del poder y las ideas pluralistas del poder? Primero, aunque haya pocas \u201cconspiraciones\u201d, si es que hay alguna y aunque la mayor parte de las maniobras importantes se llevan a cabo a la luz del d\u00eda, hay acci\u00f3n de grupo. Los ciudadanos que tienen intereses comunes se re\u00fanen, conversan y planean estrategias. Algunas veces logran los cambios que desean. Con mayor frecuencia encuentran oposici\u00f3n y deben llegar a ciertos compromisos. Segundo, algunas personas son expertas en la administraci\u00f3n de organizaciones o en la creaci\u00f3n de una imagen p\u00fablica. Hayan nacido pobres o ricas, esas personas pronto son opulentas. Tienden a reunirse con personas como ellas en una asociaci\u00f3n formal o informal y con frecuencia llegan a pensar de forma muy parecida. Finalmente, aunque muchas personas se pasan la vida en una misma ocupaci\u00f3n, existe movimiento de personal entre las instituciones. Esto no es tan marcado en los poderes del <strong>Estado espa\u00f1ol<\/strong>, puesto que muchos funcionarios no han hecho antes carreras en la industria, la educaci\u00f3n, el <strong>Ej\u00e9rcito<\/strong> o cualquiera otro sector productivo.<\/p>\n<p>Un estudioso como <strong>Whitt<\/strong>, rechaza la discusi\u00f3n acerca del pluralismo o elitismo como poco importante, puesto que ambos puntos de vista son parcialmente verdaderos, aunque inadecuados. \u00c9l propone un modelo dial\u00e9ctico de clases donde el estado suele servir a los intereses de la clase dominante, pero \u00e9sta algunas veces se halla desunida interiormente y puede ser puesta a prueba por los intereses de una clase organizada rival.<\/p>\n<p>La cuesti\u00f3n de qui\u00e9n maneja realmente los gobiernos no tiene una respuesta sencilla pero lo que est\u00e1 claro es que estos se apoyan en distintos grupos sociales seg\u00fan sean derechistas o izquierdistas para alcanzar sus objetivos.<\/p>\n<p>Lo que no es tan evidente ni est\u00e1 claro es que un grupo de poder tenga la posibilidad de poner de acuerdo a todos los gobiernos del mundo para llevar a efecto un objetivo muy discutido y discutible que, caso de salir a la luz, significar\u00eda el fin de ese o esos grupos a manos del pueblo, como son los pretendidos objetivos de las teor\u00edas conspiratorias desarrolladas con motivo de la crisis pand\u00e9mica del <strong>COVID<\/strong>..<\/p>\n<div id=\"author_infobox\">\n<div class=\"author_infobox_image_profile\"><img decoding=\"async\" src=\"https:\/\/www.mediterraneodigital.com\/images\/columnistas\/enrique-area-sacristan.jpg\" alt=\"Enrique Area Sacrist\u00e1n\"><\/div>\n<div class=\"author_infobox_name\"><span class=\"bold\">Autor:<\/span> Enrique Area Sacrist\u00e1n<span class=\"bold marginleft\">Website:<\/span><a href=\"https:\/\/www.defensa-nacional.com\/blog\/\" title=\"Website: https:\/\/www.defensa-nacional.com\/blog\/\">https:\/\/www.defensa-nacional.com\/blog\/<\/a><\/div>\n<div class=\"author_infobox_socialmedia\"><span class=\"facebook\"><a href=\"https:\/\/www.facebook.com\/enrique.areasacristan\" title=\"Facebook\" target=\"_blank\"><img decoding=\"async\" src=\"https:\/\/www.mediterraneodigital.com\/plugins\/content\/authorinfobox\/images\/facebook.png\" alt><\/a><\/span><\/div>\n<div class=\"author_infobox_description\">Enrique F. Area Sacrist\u00e1n (Vitoria 1960), Doctor en Sociolog\u00eda por la Universidad de Salamanca y Teniente Coronel de Infanter\u00eda de la Escala Superior de Oficiales. Curs\u00f3 sus estudios militares en la Academia General de Zaragoza y la Academia de Infanter\u00eda de Toledo. Es Diplomado en Mando de Unidades Acorazadas, de Unidades de Operaciones Especiales, de Unidades Paracaidistas en Espa\u00f1a y del Ej\u00e9rcito Franc\u00e9s. Ha realizado diferentes cursos y masters: Curso de Derecho Internacional y de la Guerra, postgrado en Ingenier\u00eda de Calidad, Master en Direcci\u00f3n de Recursos Humanos.<\/p>\n<p>Ha publicado varios trabajos relacionados con las Fuerzas Armadas y la Sociolog\u00eda, entre ellos destaca el estudio sociol\u00f3gico sobre &#8216;Los Procesos de la Defensa Nacional en la Regi\u00f3n Militar Pirenaico-Occidental&#8217; (2003), &#8216;Necesidades de especializaci\u00f3n en las Fuerzas Armadas&#8217; (2005) y &#8216;La profesionalizaci\u00f3n en el Ej\u00e9rcito de Tierra&#8217; (2007). Publica en 2018 su tesis doctoral, le\u00edda en la Universidad de Salamanca en 2009, sobresaliente cum laude, &#8216;La incidencia de los nacionalismos excluyentes en la profesionalizaci\u00f3n de las Fuerzas Armadas&#8217;.<\/p>\n<p>Articulista reconocido, ha publicado m\u00e1s de doscientos art\u00edculos relacionados con las Fuerzas Armadas y los nacionalismos. Es coautor del trabajo  &#8216;Milicia y Sanidad en Al-Andalus. La Taifa Zir\u00ed de Granada&#8217; junto con el Coronel D. Francisco Herv\u00e1s Maldonado.<\/p><\/div>\n<\/div>\n<p><br class=\"clear\"><\/section>\n<\/article>\n<p> Source URL: https:\/\/www.mediterraneodigital.com\/opinion\/columnistas-de-opinion\/enrique-area-sacristan\/conspiracion-poder<\/p>\n","protected":false},"excerpt":{"rendered":"<p>Columnistas de opini\u00f3n Enrique Area Sacrist\u00e1n Enrique Area Sacrist\u00e1n 25 Julio 2021 \u00bfExiste una elite del poder que conspira? \u2666\u00a0#StopCensura \u00a1S\u00edguenos en Telegram! Hay por lo menos tres puntos de vista bien definidos sobre esta cuesti\u00f3n. Los pluralistas rechazan la idea de que haya alg\u00fan grupo cohesionado que controle la vida de las sociedades y [&hellip;]<\/p>\n","protected":false},"author":1,"featured_media":0,"comment_status":"open","ping_status":"","sticky":false,"template":"","format":"standard","meta":{"footnotes":""},"categories":[88],"tags":[109],"class_list":["post-842555","post","type-post","status-publish","format-standard","hentry","category-spain","tag-mediterraneodigital-com"],"_links":{"self":[{"href":"https:\/\/analyse.optim.biz\/index.php?rest_route=\/wp\/v2\/posts\/842555","targetHints":{"allow":["GET"]}}],"collection":[{"href":"https:\/\/analyse.optim.biz\/index.php?rest_route=\/wp\/v2\/posts"}],"about":[{"href":"https:\/\/analyse.optim.biz\/index.php?rest_route=\/wp\/v2\/types\/post"}],"author":[{"embeddable":true,"href":"https:\/\/analyse.optim.biz\/index.php?rest_route=\/wp\/v2\/users\/1"}],"replies":[{"embeddable":true,"href":"https:\/\/analyse.optim.biz\/index.php?rest_route=%2Fwp%2Fv2%2Fcomments&post=842555"}],"version-history":[{"count":0,"href":"https:\/\/analyse.optim.biz\/index.php?rest_route=\/wp\/v2\/posts\/842555\/revisions"}],"wp:attachment":[{"href":"https:\/\/analyse.optim.biz\/index.php?rest_route=%2Fwp%2Fv2%2Fmedia&parent=842555"}],"wp:term":[{"taxonomy":"category","embeddable":true,"href":"https:\/\/analyse.optim.biz\/index.php?rest_route=%2Fwp%2Fv2%2Fcategories&post=842555"},{"taxonomy":"post_tag","embeddable":true,"href":"https:\/\/analyse.optim.biz\/index.php?rest_route=%2Fwp%2Fv2%2Ftags&post=842555"}],"curies":[{"name":"wp","href":"https:\/\/api.w.org\/{rel}","templated":true}]}}