{"id":842470,"date":"2025-12-04T00:00:00","date_gmt":"2025-12-03T21:00:00","guid":{"rendered":"https:\/\/analyse.optim.biz\/?p=842470"},"modified":"2025-12-04T00:00:00","modified_gmt":"2025-12-03T21:00:00","slug":"cataluna-epicentro-del-despelote-se-okupan-mas-pisos-que-en-madrid-valencia-y-andalucia-juntas-periodista-digital","status":"publish","type":"post","link":"https:\/\/analyse.optim.biz\/?p=842470","title":{"rendered":"Catalu\u00f1a, epicentro del despelote: se &#8216;okupan&#8217; m\u00e1s pisos que en Madrid, Valencia y Andaluc\u00eda juntas &#8211; Periodista Digital"},"content":{"rendered":"<div class=\"m4p-post-content\">\n<div class=\"block-vertical-align-right\">\n<div class=\"m4p-relations-group\">\n<div class=\"m4p-group-vertical-title\">\n<h2>M\u00e1s informaci\u00f3n<\/h2>\n<\/div>\n<div class=\"m4p-summary-news\">\n<figure class=\"m4p-image m4p-crop-medium-1\"><a href=\"https:\/\/www.periodistadigital.com\/economia\/20251114\/concejal-okupa-page-posee-mitad-piso-144-m%c2%b2-talavera-reina-noticia-689405152735\/\"><img loading=\"lazy\" decoding=\"async\" src=\"https:\/\/www.periodistadigital.com\/wp-content\/uploads\/2025\/11\/Roberto-Gallegos-el-concejal-socialista-320x214.png\" width=\"320\" height=\"214\" alt=\"Roberto Gallegos, el concejal socialista\"><\/a><\/figure>\n<div class=\"m4p-summary-news-title\">\n<h3><a href=\"https:\/\/www.periodistadigital.com\/economia\/20251114\/concejal-okupa-page-posee-mitad-piso-144-mb2-talavera-reina-noticia-689405152735\/\">El concejal okupa de Page posee la mitad de un piso de 144 m\u00b2 en Talavera de la Reina<\/a><\/h3>\n<\/div>\n<\/div>\n<div class=\"m4p-summary-news\">\n<figure class=\"m4p-image m4p-crop-medium-1\"><a href=\"https:\/\/www.periodistadigital.com\/periodismo\/tv\/20251113\/sordida-taberna-salido-pajara-portavoz-sindicato-inquilinos-alienta-okupacion-video-689405152298\/\"><img loading=\"lazy\" decoding=\"async\" src=\"https:\/\/www.periodistadigital.com\/wp-content\/uploads\/2025\/11\/VALERIARACU-320x214.jpg\" width=\"320\" height=\"214\" alt=\"Valeria Racu.\"><\/a><\/figure>\n<div class=\"m4p-summary-news-title\">\n<h3><a href=\"https:\/\/www.periodistadigital.com\/periodismo\/tv\/20251113\/sordida-taberna-salido-pajara-portavoz-sindicato-inquilinos-alienta-okupacion-video-689405152298\/\">\u00bfDe qu\u00e9 s\u00f3rdida taberna ha salido esta p\u00e1jara? La portavoz del sindicato de inquilinos alienta la okupaci\u00f3n<\/a><\/h3>\n<\/div>\n<\/div>\n<\/div>\n<\/div>\n<p><strong>Catalu\u00f1a<\/strong> ha alcanzado un preocupante r\u00e9cord en el \u00e1mbito de las ocupaciones ilegales de viviendas.<\/p>\n<p>De acuerdo con el informe <em>Demograf\u00eda de la delincuencia en Espa\u00f1a<\/em>, que se ha publicado esta semana por el <a href=\"https:\/\/cefas.ceu.es\/cefas\/observatorio-demografico-ceu\/\"><strong>Observatorio Demogr\u00e1fico CEU-CEFAS<\/strong><\/a>, dirigido por <strong>Joaqu\u00edn Leguina<\/strong> y <strong>Alejandro Macarr\u00f3n<\/strong>, esta comunidad aut\u00f3noma ocupa el primer puesto indiscutible en el ranking nacional de okupaciones.<\/p>\n<p>Las cifras son impactantes: durante el trienio 2022-2024, <strong>Catalu\u00f1a registr\u00f3 255 okupaciones por cada 100.000 habitantes<\/strong>, una cifra que supera en 3,6 veces la media del resto del pa\u00eds y que supera, por s\u00ed sola, la suma de tres grandes comunidades aut\u00f3nomas.<\/p>\n<p>Para dimensionar la magnitud del fen\u00f3meno, es suficiente con comparar los datos: mientras <strong>Catalu\u00f1a alcanzaba las 255 ocupaciones por cada 100.000 habitantes<\/strong>, la <strong>Comunidad Valenciana<\/strong> se situaba en 103,2, <strong>Andaluc\u00eda<\/strong> en 82 y la <strong>Comunidad de Madrid<\/strong> en 64,6.<\/p>\n<p>Si sumamos estas tres regiones, el total apenas llega a los 250 casos por cada 100.000 habitantes, casi igualando la cifra catalana en solitario. Las <strong>Islas Baleares<\/strong> ocupan el segundo lugar con 109,8 casos por cada 100.000 habitantes, muy lejos de la l\u00edder indiscutible.<\/p>\n<h2>Un delito tolerado por el Estado<\/h2>\n<p>Los autores del estudio definen la ocupaci\u00f3n de viviendas como una <strong>\u00ab<a href=\"https:\/\/www.periodistadigital.com\/economia\/20251114\/concejal-okupa-page-posee-mitad-piso-144-m%c2%b2-talavera-reina-noticia-689405152735\/\">forma de robo tolerada por el Estado<\/a>\u00ab<\/strong>. Este t\u00e9rmino no es casual. Desde el a\u00f1o 2010, el <strong>Ministerio del Interior<\/strong> ha contabilizado cerca de 170.000 casos de allanamiento o usurpaci\u00f3n en toda Espa\u00f1a; sin embargo, solo se han llevado a cabo 68.496 detenciones durante ese mismo periodo. La desproporci\u00f3n es evidente: menos de la mitad de los okupas han sido arrestados, lo que pone de manifiesto una aplicaci\u00f3n desigual de la ley o una falta de recursos para abordar este problema.<\/p>\n<p>La legislaci\u00f3n espa\u00f1ola ha tenido un papel crucial en esta situaci\u00f3n. Desde 2015, la ocupaci\u00f3n de viviendas se tipifica legalmente como un <strong>delito leve<\/strong>, lo cual implica que no conlleva pena de prisi\u00f3n. Esta clasificaci\u00f3n ha generado un escaso efecto disuasorio para los potenciales delincuentes. <strong>Alejandro Macarr\u00f3n<\/strong>, coautor del estudio, apunta que las detenciones se incrementaron notablemente a partir de 2020; sin embargo, desde entonces se han mantenido alrededor de los 62 detenidos por cada 100 okupaciones. Considerando que raramente un inmueble es usurpado por una \u00fanica persona, resulta innegable: la gran mayor\u00eda de los okupas nunca han sido arrestados.<\/p>\n<h3>El fen\u00f3meno catal\u00e1n: una anomal\u00eda espa\u00f1ola<\/h3>\n<p>\u00bfQu\u00e9 est\u00e1 llevando a <strong>Catalu\u00f1a<\/strong> a experimentar este aumento desmesurado en las ocupaciones ilegales? Los investigadores descartan explicaciones simplistas. La regi\u00f3n no destaca por tener una poblaci\u00f3n extranjera proporcionalmente mayor que otras comunidades. De hecho, <strong>Catalu\u00f1a no supera en poblaci\u00f3n africana a Murcia, Almer\u00eda o La Rioja<\/strong>, ni tampoco tiene m\u00e1s poblaci\u00f3n americana que Madrid y otras regiones con menos delitos. Esto sugiere que factores demogr\u00e1ficos simples no pueden explicar esta anomal\u00eda.<\/p>\n<p>La hip\u00f3tesis planteada apunta hacia <a href=\"https:\/\/www.periodistadigital.com\/periodismo\/tv\/20251113\/sordida-taberna-salido-pajara-portavoz-sindicato-inquilinos-alienta-okupacion-video-689405152298\/\">la<\/a><strong><a href=\"https:\/\/www.periodistadigital.com\/periodismo\/tv\/20251113\/sordida-taberna-salido-pajara-portavoz-sindicato-inquilinos-alienta-okupacion-video-689405152298\/\">permisividad de las autoridades<\/a> catalanas ante este delito<\/strong>. El informe se\u00f1ala que existe una relaci\u00f3n entre las condiciones locales y la propensi\u00f3n al delito, m\u00e1s all\u00e1 de variables meramente demogr\u00e1ficas. En otras palabras, hay una notable diferencia en c\u00f3mo se aplica la ley y c\u00f3mo responden las instituciones entre diferentes territorios.<\/p>\n<p>Desde 2020, m\u00e1s del cincuenta por ciento de los detenidos e investigados por allanamiento y usurpaci\u00f3n reportados por la <strong>Polic\u00eda Nacional<\/strong>, <strong>Guardia Civil<\/strong>, polic\u00edas auton\u00f3micas y locales son extranjeros. Este dato es significativo; aunque los autores advierten que la enorme mayor\u00eda de las personas nacidas fuera del pa\u00eds no okupa viviendas, las tasas de usurpaci\u00f3n por cada 100.000 habitantes son superiores entre este grupo demogr\u00e1fico respecto a los espa\u00f1oles.<\/p>\n<h2>Impacto en el mercado inmobiliario y las v\u00edctimas<\/h2>\n<p>El informe describe la ocupaci\u00f3n como un <strong>\u00abrobo del uso del domicilio\u00bb<\/strong> y enfatiza que es un delito <strong>\u00abmayormente tolerado o poco castigado\u00bb<\/strong> en Espa\u00f1a desde hace d\u00e9cadas. Las repercusiones van m\u00e1s all\u00e1 del \u00e1mbito individual; afectan directamente al mercado inmobiliario y desestabilizan la seguridad jur\u00eddica respecto a la propiedad privada. Adem\u00e1s, generan un efecto domin\u00f3: propietarios temerosos ante posibles ocupaciones optan por retirar sus viviendas del mercado alquiler, lo cual reduce a\u00fan m\u00e1s la oferta disponible en un contexto ya complicado debido a la crisis habitacional.<\/p>\n<p>Los propietarios afectados enfrentan una situaci\u00f3n especialmente vulnerable. A pesar de contar con v\u00edas civiles para recuperar sus propiedades, los procesos judiciales suelen ser largos y costosos. Algunos optan por llegar a acuerdos privados o negociaciones directas con los okupas; sin embargo, esta pr\u00e1ctica es com\u00fan pero perpet\u00faa la impunidad del delito.<\/p>\n<h2>Contexto m\u00e1s amplio: la delincuencia grave en Espa\u00f1a<\/h2>\n<p>La ocupaci\u00f3n ilegal no es el \u00fanico delito que muestra un aumento alarmante en <strong>Catalu\u00f1a<\/strong>. El informe del <strong>CEU-CEFAS<\/strong> se\u00f1ala que esta comunidad tambi\u00e9n lidera las estad\u00edsticas nacionales en violaciones y robos con violencia o intimidaci\u00f3n. En el trienio 2022-2024, <strong>Catalu\u00f1a registr\u00f3 2,3 veces m\u00e1s violaciones por mill\u00f3n de habitantes comparado con el resto de Espa\u00f1a<\/strong>, siendo <strong>L\u00e9rida<\/strong> quien encabeza esta lista provincial. En cuanto a robos con violencia e intimidaci\u00f3n, Catalu\u00f1a superaba significativamente la media nacional en un asombroso 134%, una diferencia abismal comparada con otras comunidades como Madrid.<\/p>\n<p>Este patr\u00f3n indica que hay un problema m\u00e1s sist\u00e9mico que va m\u00e1s all\u00e1 del simple hecho de ocupar viviendas ilegalmente. Los autores concluyen que <strong>Espa\u00f1a presenta niveles bajos generales de criminalidad<\/strong>, pero tambi\u00e9n muestra un deterioro preocupante cuando se trata de delitos graves. Recomiendan reforzar tanto recursos policiales como judiciales, aumentar las penas y establecer controles m\u00e1s estrictos sobre los flujos migratorios irregulares.<\/p>\n<h2>Datos y cifras clave<\/h2>\n<table>\n<thead>\n<tr>\n<th>Comunidad Aut\u00f3noma<\/th>\n<th>Okupaciones por 100.000 habitantes (2022-2024)<\/th>\n<\/tr>\n<\/thead>\n<tbody>\n<tr>\n<td>Catalu\u00f1a<\/td>\n<td>255<\/td>\n<\/tr>\n<tr>\n<td>Islas Baleares<\/td>\n<td>109,8<\/td>\n<\/tr>\n<tr>\n<td>Comunidad Valenciana<\/td>\n<td>103,2<\/td>\n<\/tr>\n<tr>\n<td>Andaluc\u00eda<\/td>\n<td>82<\/td>\n<\/tr>\n<tr>\n<td>Comunidad de Madrid<\/td>\n<td>64,6<\/td>\n<\/tr>\n<\/tbody>\n<\/table>\n<p>La tabla anterior pone claramente en evidencia c\u00f3mo se agranda esa brecha entre <strong>Catalu\u00f1a<\/strong> y otros territorios espa\u00f1oles. No solo lidera este ranking; lo hace con tal diferencia que parece haber creado su propia categor\u00eda.<\/p>\n<h2>Respuestas insuficientes y demanda de acci\u00f3n<\/h2>\n<p>El informe elaborado por el <strong>Observatorio Demogr\u00e1fico CEU-CEFAS<\/strong> no solo diagnostica el problema; tambi\u00e9n propone recomendaciones concretas. Los autores insisten en que <strong>\u00abla delincuencia no es homog\u00e9nea\u00bb. La edad, sexo, origen y entorno social marcan diferencias significativas. Pero el Estado tiene deberes ineludibles para asegurar que todos cumplan con la ley sin excepciones\u00bb<\/strong>.<\/p>\n<p>En este marco espec\u00edfico, las ocupaciones ilegales representan una prueba palpable sobre c\u00f3mo responde nuestra institucionalidad ante situaciones as\u00ed. Un delito que podr\u00eda ser pr\u00e1cticamente inexistente si existiese un castigo legal realmente disuasorio; dado que quienes cometen estos actos suelen permanecer donde est\u00e1n y no abandonan las propiedades usurpadas f\u00e1cilmente lo cual facilita su detenci\u00f3n.<\/p>\n<p>La situaci\u00f3n actual en <strong>Catalu\u00f1a<\/strong> refleja una realidad inc\u00f3moda: cuando las respuestas penales son laxas y cuando las penas son m\u00ednimas junto a una aplicaci\u00f3n inconsistente de leyes existentes propician un ambiente donde florece la delincuencia. Que solo una comunidad aut\u00f3noma supere a tres grandes regiones espa\u00f1olas combinadas en t\u00e9rminos de okupaciones ilegales no es mera coincidencia estad\u00edstica; es reflejo profundo sobre din\u00e1micas institucionales urgentes para corregir si queremos restaurar seguridad jur\u00eddica y proteger el derecho fundamental a tener vivienda digna.<\/p>\n<\/div>\n<p> Source URL: https:\/\/www.periodistadigital.com\/gente\/sucesos\/20251204\/cataluna-epicentro-despelote-okupan-pisos-madrid-valencia-andalucia-juntas-noticia-689405160080\/<\/p>\n","protected":false},"excerpt":{"rendered":"<p>M\u00e1s informaci\u00f3n El concejal okupa de Page posee la mitad de un piso de 144 m\u00b2 en Talavera de la Reina \u00bfDe qu\u00e9 s\u00f3rdida taberna ha salido esta p\u00e1jara? La portavoz del sindicato de inquilinos alienta la okupaci\u00f3n Catalu\u00f1a ha alcanzado un preocupante r\u00e9cord en el \u00e1mbito de las ocupaciones ilegales de viviendas. De acuerdo [&hellip;]<\/p>\n","protected":false},"author":1,"featured_media":0,"comment_status":"open","ping_status":"","sticky":false,"template":"","format":"standard","meta":{"footnotes":""},"categories":[88],"tags":[112],"class_list":["post-842470","post","type-post","status-publish","format-standard","hentry","category-spain","tag-periodistadigital-com"],"_links":{"self":[{"href":"https:\/\/analyse.optim.biz\/index.php?rest_route=\/wp\/v2\/posts\/842470","targetHints":{"allow":["GET"]}}],"collection":[{"href":"https:\/\/analyse.optim.biz\/index.php?rest_route=\/wp\/v2\/posts"}],"about":[{"href":"https:\/\/analyse.optim.biz\/index.php?rest_route=\/wp\/v2\/types\/post"}],"author":[{"embeddable":true,"href":"https:\/\/analyse.optim.biz\/index.php?rest_route=\/wp\/v2\/users\/1"}],"replies":[{"embeddable":true,"href":"https:\/\/analyse.optim.biz\/index.php?rest_route=%2Fwp%2Fv2%2Fcomments&post=842470"}],"version-history":[{"count":0,"href":"https:\/\/analyse.optim.biz\/index.php?rest_route=\/wp\/v2\/posts\/842470\/revisions"}],"wp:attachment":[{"href":"https:\/\/analyse.optim.biz\/index.php?rest_route=%2Fwp%2Fv2%2Fmedia&parent=842470"}],"wp:term":[{"taxonomy":"category","embeddable":true,"href":"https:\/\/analyse.optim.biz\/index.php?rest_route=%2Fwp%2Fv2%2Fcategories&post=842470"},{"taxonomy":"post_tag","embeddable":true,"href":"https:\/\/analyse.optim.biz\/index.php?rest_route=%2Fwp%2Fv2%2Ftags&post=842470"}],"curies":[{"name":"wp","href":"https:\/\/api.w.org\/{rel}","templated":true}]}}