{"id":842468,"date":"2025-12-04T00:00:00","date_gmt":"2025-12-03T21:00:00","guid":{"rendered":"https:\/\/analyse.optim.biz\/?p=842468"},"modified":"2025-12-04T00:00:00","modified_gmt":"2025-12-03T21:00:00","slug":"directo-sanchez-se-arrodilla-ante-marruecos-y-es-capaz-de-regalarle-espana-periodista-digital","status":"publish","type":"post","link":"https:\/\/analyse.optim.biz\/?p=842468","title":{"rendered":"DIRECTO\/ \u00a1S\u00e1nchez se arrodilla ante Marruecos y es capaz de regalarle Espa\u00f1a! &#8211; Periodista Digital"},"content":{"rendered":"<div class=\"m4p-post-content\">\n<div class=\"block-vertical-align-right\">\n<div class=\"m4p-relations-group\">\n<div class=\"m4p-group-vertical-title\">\n<h2>M\u00e1s informaci\u00f3n<\/h2>\n<\/div>\n<div class=\"m4p-summary-news\">\n<figure class=\"m4p-image m4p-crop-medium-1\"><a href=\"https:\/\/www.periodistadigital.com\/politica\/opinion\/columnistas\/20251128\/espana-reves-mima-cuida-esmero-extranos-castiga-noticia-689405158575\/\"><img loading=\"lazy\" decoding=\"async\" src=\"https:\/\/www.periodistadigital.com\/wp-content\/uploads\/2024\/02\/Antidisturbios-de-la-Policia-320x214.jpeg\" width=\"320\" height=\"214\" alt=\"Espa\u00f1a al rev\u00e9s: un Estado que mima y cuida con esmero a los extra\u00f1os y castiga a los suyos\"><\/a><\/figure>\n<div class=\"m4p-summary-news-title\">\n<h3><a href=\"https:\/\/www.periodistadigital.com\/politica\/opinion\/columnistas\/20251128\/espana-reves-mima-cuida-esmero-extranos-castiga-noticia-689405158575\/\">Espa\u00f1a al rev\u00e9s: un Estado que mima y cuida con esmero a los extra\u00f1os y castiga a los suyos<\/a><\/h3>\n<\/div>\n<\/div>\n<div class=\"m4p-summary-news\">\n<figure class=\"m4p-image m4p-crop-medium-1\"><a href=\"https:\/\/www.periodistadigital.com\/politica\/20220926\/moncloa-arde-diplomatico-revela-contenido-grabaciones-sanchez-chantaje-marroqui-noticia-689404768202\/\"><img loading=\"lazy\" decoding=\"async\" src=\"https:\/\/www.periodistadigital.com\/wp-content\/uploads\/2022\/09\/sanchez_mohamed-320x214.jpg\" width=\"320\" height=\"214\" alt=\"Pedro S\u00e1nchez y Mohamed VI, en uno de sus encuentros oficiales.\"><\/a><\/figure>\n<div class=\"m4p-summary-news-title\">\n<h3><a href=\"https:\/\/www.periodistadigital.com\/politica\/20220926\/moncloa-arde-diplomatico-revela-contenido-grabaciones-sanchez-chantaje-marroqui-noticia-689404768202\/\">Moncloa arde: un diplom\u00e1tico revela el contenido de las grabaciones a S\u00e1nchez y el chantaje marroqu\u00ed<\/a><\/h3>\n<\/div>\n<\/div>\n<\/div>\n<\/div>\n<p>En <a href=\"https:\/\/www.periodistadigital.com\/la-retaguardia\/\"><strong>La Retaguardia<\/strong><\/a> de este mi\u00e9rcoles 4 de diciembre, <strong>Eurico Campano<\/strong> analiza con <strong>Jos\u00e9 Ram\u00f3n Riera<\/strong> y <strong>Juli\u00e1n Salcedo<\/strong> las nuevas cesiones a <strong>Marruecos<\/strong> que que va a hacer hoy <strong>Pedro S\u00e1nchez<\/strong> en la reuni\u00f3n que mantiene el jueves con el primer ministro de ese pa\u00eds.<\/p>\n<p>Si hace dos a\u00f1os el Gobierno espa\u00f1ol anunciaba con gran pompa el acercamiento diplom\u00e1tico en <strong>Rabat<\/strong>, esta vez la XIII Reuni\u00f3n de Alto Nivel se lleva a cabo a puerta cerrada, sin declaraciones p\u00fablicas y con una falta de transparencia que ha suscitado inquietudes incluso dentro de la coalici\u00f3n gubernamental. El ambiente no podr\u00eda ser m\u00e1s tenso: un presidente acorralado por investigaciones judiciales que salpican a su c\u00edrculo m\u00e1s cercano, sin el apoyo de sus socios golpistas que le impide aprobar nada en el Congreso y un calendario electoral apremiante que acecha con una posible derrota socialista en los pr\u00f3ximos comicios auton\u00f3micos. En este contexto, <strong>S\u00e1nchez<\/strong> enfrenta esta cumbre desde una posici\u00f3n de gran vulnerabilidad interna.<\/p>\n<p>Todo esta situaci\u00f3n interna unida a las sospechas de que Marruecos tiene informaci\u00f3n m\u00e1s que comprometedora del hakeo del tel\u00e9fono m\u00f3vil de S\u00e1nchez y con ella el presidente espa\u00f1ol es chantejeado por los marroqu\u00edes, hace temer una nueva avalancha de cesiones y de regalos por parte de Sanchez en esta reuni\u00f3n.<\/p>\n<p>La serie de esc\u00e1ndalos que rodean al Gobierno espa\u00f1ol ha hecho trizas el bloque de investidura que le permiti\u00f3 a <strong>S\u00e1nchez<\/strong> gobernar sin haber ganado las elecciones. Sus dos \u00faltimos secretarios de organizaci\u00f3n, <strong>Jos\u00e9 Luis \u00c1balos<\/strong> y <strong>Santos Cerd\u00e1n<\/strong>, han terminado en prisi\u00f3n tras investigaciones vinculadas a gestiones en <strong>Marruecos<\/strong> para obtener un contrato p\u00fablico cercano a los 60 millones de euros. Al mismo tiempo, se mantienen abiertas las pesquisas sobre su esposa, <strong>Bego\u00f1a G\u00f3mez<\/strong>, y su hermano, mientras el juez acorrala cada vez m\u00e1s la financiaci\u00f3n en <strong>Ferraz<\/strong>. Esta cascada de problemas judiciales ha convertido a <strong>S\u00e1nchez<\/strong> en un presidente efectivamente en funciones, incapaz de sacar adelante presupuestos generales ni avanzar su agenda legislativa. En este clima de m\u00e1xima debilidad, <strong>Rabat<\/strong> se presenta ante la cumbre fortalecido por el respaldo de la <strong>Organizaci\u00f3n de Naciones Unidas<\/strong> al plan marroqu\u00ed sobre el <strong>S\u00e1hara Occidental<\/strong>, una postura que <strong>Espa\u00f1a<\/strong> respald\u00f3 unilateralmente en 2022, rompiendo con d\u00e9cadas de respeto al marco internacional.<\/p>\n<p>El Gobierno ha informado que se firmar\u00e1n alrededor de diez acuerdos estrat\u00e9gicos sin detallar sus contenidos espec\u00edficos. Seg\u00fan el comunicado oficial emitido desde <strong>Moncloa<\/strong>, los temas tratados abordar\u00e1n \u00abfuertes v\u00ednculos humanos\u00bb con <strong>Rabat<\/strong>, retos compartidos y la necesidad de estrechar relaciones comerciales, aunque deliberadamente evita proporcionar detalles concretos sobre los asuntos discutidos. Para hacerse una idea sobre estos temas es necesario observar qui\u00e9nes son los protagonistas: por parte espa\u00f1ola estar\u00e1n presentes <strong>Jos\u00e9 Manuel Albares<\/strong> (Exteriores), <strong>F\u00e9lix Bola\u00f1os<\/strong> (Presidencia y Justicia), <strong>Jordi Hereu<\/strong> (Industria), <strong>Sara Aagesen<\/strong> (Transici\u00f3n Ecol\u00f3gica y Reto Demogr\u00e1fico), <strong>Pilar Alegr\u00eda<\/strong> (Educaci\u00f3n), <strong>Luis Planas<\/strong> (Agricultura) y <strong>Elma Saiz<\/strong> (Inclusi\u00f3n). La participaci\u00f3n de tantos ministerios insin\u00faa que estos acuerdos abarcan sectores estrat\u00e9gicos significativos.<\/p>\n<p>Lo \u00fanico que se conoce p\u00fablicamente es que se firmar\u00e1n dos memorandos espec\u00edficos sobre cooperaci\u00f3n: uno agr\u00edcola y otro pesquero, centrados en innovaci\u00f3n, gesti\u00f3n del agua, apoyo al medio rural y lucha contra la pesca ilegal. El ministro de Agricultura, <strong>Luis Planas<\/strong>, ha destacado que las exportaciones espa\u00f1olas del sector han duplicado su volumen desde 2020 hasta alcanzar los 1.223 millones de euros, aunque admite que la balanza comercial sigue siendo favorable a <strong>Marruecos<\/strong>. Este ministro, ex embajador en el reino alau\u00ed y alineado con las posiciones pro marroqu\u00edes, enfatiza la \u00abexcelente relaci\u00f3n estrat\u00e9gica\u00bb que permite reforzar la seguridad alimentaria, el desarrollo socioecon\u00f3mico y la estabilidad regional. Sin embargo, esta ret\u00f3rica oficial choca con la cruda realidad: los empresarios de <strong>Ceuta<\/strong> y <strong>Melilla<\/strong> contin\u00faan lament\u00e1ndose por la inestabilidad de las fronteras f\u00edsicas y el cierre unilateral de aduanas por parte marroqu\u00ed, un problema persistente pese al memorando firmado hace dos a\u00f1os.<\/p>\n<p>Los datos sobre el intercambio comercial entre ambos pa\u00edses son realmente impactantes y constituyen el principal argumento del Gobierno para justificar esta aproximaci\u00f3n. En 2024, el intercambio super\u00f3 los 22.600 millones de euros, consolidando a <strong>Espa\u00f1a<\/strong> como el primer socio comercial de <strong>Marruecos<\/strong> desde 2012. El ministro de Transporte, <strong>\u00d3scar Puente<\/strong>, afirm\u00f3 recientemente que <em>\u00abnuestros v\u00ednculos est\u00e1n atravesando su mejor momento en d\u00e9cadas\u00bb<\/em>, mencionando las oportunidades para invertir en infraestructuras, energ\u00edas renovables y gesti\u00f3n del agua. Por su parte, <strong>Aziz Akhannouchy<\/strong> destac\u00f3 que hay m\u00e1s de 17.000 empresas espa\u00f1olas operando en suelo marroqu\u00ed y casi 12.000 compa\u00f1\u00edas marroqu\u00edes estableciendo relaciones comerciales con Espa\u00f1a; adem\u00e1s existe un din\u00e1mico flujo tur\u00edstico anual con cerca de 3,8 millones de visitantes espa\u00f1oles.<\/p>\n<p>Sin embargo, estas cifras impresionantes ocultan tensiones subyacentes que el Gobierno prefiere no visibilizar. La inversi\u00f3n espa\u00f1ola acumulada en <strong>Marruecos<\/strong> asciende a 2.310 millones de euros generando m\u00e1s de 25.000 empleos principalmente en sectores como agroalimentario, energ\u00eda e infraestructuras. No obstante, los agricultores espa\u00f1oles denuncian una \u00abcompetencia desleal\u00bb derivada del acuerdo entre la <strong>Uni\u00f3n Europea<\/strong> y Marruecos; especialmente tras la anulaci\u00f3n por parte del Tribunal de Justicia de la UE en octubre pasado sobre los acuerdos agr\u00edcolas relacionados con el S\u00e1hara Occidental. El Gobierno espa\u00f1ol ha bloqueado una propuesta comunitaria destinada a controlar estas importaciones lo cual ha provocado cr\u00edticas desde el sector agrario espa\u00f1ol acerca del \u00abentreguismo\u00bb del Ejecutivo hacia los intereses marroqu\u00edes.<\/p>\n<h2>La preocupaci\u00f3n canaria y el tema soberano<\/h2>\n<p>La falta de representaci\u00f3n canaria durante esta cumbre ha desencadenado protestas inmediatas por parte de la <strong>Coalici\u00f3n Canaria<\/strong>, quien denuncia incumplimientos del pacto establecido durante la investidura de <strong>S\u00e1nchez<\/strong>. Las Islas son las m\u00e1s perjudicadas por esta relaci\u00f3n bilateral siendo excluidas deliberadamente de negociaciones que afectan directamente su econom\u00eda, seguridad alimentaria y soberan\u00eda territorial. Marruecos reclama unilateralmente zonas mar\u00edtimas superpuestas a \u00e1reas cercanas al archipi\u00e9lago afectando caladeros hist\u00f3ricos para pesca. Adem\u00e1s, Rabat aprob\u00f3 unilateralmente leyes para ampliar su Zona Econ\u00f3mica Exclusiva e incorporar aguas saharauis desde 2020; acciones contestadas internacionalmente pero ejecutadas efectivamente. Ahora busca extender su plataforma continental hasta 350 millas n\u00e1uticas lo cual impactar\u00eda directamente al espacio mar\u00edtimo canario.<\/p>\n<p>La propuesta marroqu\u00ed para establecer una Zona de Desarrollo Conjunto entre ambos pa\u00edses es percibida por expertos canarios como \u201cuna trampa para Canarias\u201d. Crear dicha zona en un \u00e1rea geol\u00f3gicamente relacionada con la plataforma continental extendida del archipi\u00e9lago legitima las pretensiones marroqu\u00edes sobre ese espacio mar\u00edtimo. Desde el Cabildo grancanario, su consejero <strong><em>Carmelo Ram\u00edrez<\/em><\/strong> advierte no confiar \u00aben el entreguismo\u00bb del Gobierno espa\u00f1ol hacia Marruecos en estas relaciones bilaterales tan delicadas. La variaci\u00f3n unilateral respecto al S\u00e1hara condiciona m\u00faltiples cuestiones: mar territorial, espacio a\u00e9reo e incluso potenciales conflictos futuros con Argelia.<\/p>\n<p>\u00a0<\/p>\n<\/div>\n<p> Source URL: https:\/\/www.periodistadigital.com\/politica\/20251204\/directo-sanchez-arrodilla-marruecos-capaz-regalarle-espana-video-689405160129\/<\/p>\n","protected":false},"excerpt":{"rendered":"<p>M\u00e1s informaci\u00f3n Espa\u00f1a al rev\u00e9s: un Estado que mima y cuida con esmero a los extra\u00f1os y castiga a los suyos Moncloa arde: un diplom\u00e1tico revela el contenido de las grabaciones a S\u00e1nchez y el chantaje marroqu\u00ed En La Retaguardia de este mi\u00e9rcoles 4 de diciembre, Eurico Campano analiza con Jos\u00e9 Ram\u00f3n Riera y Juli\u00e1n [&hellip;]<\/p>\n","protected":false},"author":1,"featured_media":0,"comment_status":"open","ping_status":"","sticky":false,"template":"","format":"standard","meta":{"footnotes":""},"categories":[88],"tags":[112],"class_list":["post-842468","post","type-post","status-publish","format-standard","hentry","category-spain","tag-periodistadigital-com"],"_links":{"self":[{"href":"https:\/\/analyse.optim.biz\/index.php?rest_route=\/wp\/v2\/posts\/842468","targetHints":{"allow":["GET"]}}],"collection":[{"href":"https:\/\/analyse.optim.biz\/index.php?rest_route=\/wp\/v2\/posts"}],"about":[{"href":"https:\/\/analyse.optim.biz\/index.php?rest_route=\/wp\/v2\/types\/post"}],"author":[{"embeddable":true,"href":"https:\/\/analyse.optim.biz\/index.php?rest_route=\/wp\/v2\/users\/1"}],"replies":[{"embeddable":true,"href":"https:\/\/analyse.optim.biz\/index.php?rest_route=%2Fwp%2Fv2%2Fcomments&post=842468"}],"version-history":[{"count":0,"href":"https:\/\/analyse.optim.biz\/index.php?rest_route=\/wp\/v2\/posts\/842468\/revisions"}],"wp:attachment":[{"href":"https:\/\/analyse.optim.biz\/index.php?rest_route=%2Fwp%2Fv2%2Fmedia&parent=842468"}],"wp:term":[{"taxonomy":"category","embeddable":true,"href":"https:\/\/analyse.optim.biz\/index.php?rest_route=%2Fwp%2Fv2%2Fcategories&post=842468"},{"taxonomy":"post_tag","embeddable":true,"href":"https:\/\/analyse.optim.biz\/index.php?rest_route=%2Fwp%2Fv2%2Ftags&post=842468"}],"curies":[{"name":"wp","href":"https:\/\/api.w.org\/{rel}","templated":true}]}}