{"id":842464,"date":"2025-12-04T12:37:33","date_gmt":"2025-12-04T09:37:33","guid":{"rendered":"https:\/\/analyse.optim.biz\/?p=842464"},"modified":"2025-12-04T12:37:33","modified_gmt":"2025-12-04T09:37:33","slug":"la-actualidad-del-manana-los-sollozos-de-sanchez","status":"publish","type":"post","link":"https:\/\/analyse.optim.biz\/?p=842464","title":{"rendered":"La actualidad del ma\u00f1ana: los sollozos de S\u00e1nchez"},"content":{"rendered":"<article>\n<aside class=\"article-aside clearfix\">\n<dl class=\"article-info  muted\">\n<dd class=\"parent-category-name hasTooltip\" title=\"Categor\u00eda de nivel principal o ra\u00edz: \"><span>Columnistas de opini\u00f3n<\/span><\/dd>\n<dd class=\"category-name hasTooltip\" title=\"Categor\u00eda: \"><span>Enrique Area Sacrist\u00e1n<\/span><\/dd>\n<dd class=\"createdby hasTooltip\" title=\"Escrito por \"><span>Enrique Area Sacrist\u00e1n<\/span><span><span><img decoding=\"async\" src=\"https:\/\/www.mediterraneodigital.com\/\/templates\/ja_good\/images\/logo.png\" alt=\"logo\"><\/span><\/span><\/dd>\n<dd class=\"published hasTooltip\" title=\"Publicado: \"><time datetime=\"2021-11-07T13:23:53+01:00\"><br \/>\n\t\t\t\t\t07 Noviembre 2021          <\/time><\/dd>\n<\/dl>\n<\/aside>\n<header class=\"article-header clearfix\">\n<h1 class=\"article-title\"><a href=\"https:\/\/www.mediterraneodigital.com\/opinion\/columnistas-de-opinion\/enrique-area-sacristan\/pedro-sanchez-psoe\" title=\"La actualidad del ma\u00f1ana: los sollozos de S\u00e1nchez\"><br \/>\n\t\t\t\tLa actualidad del ma\u00f1ana: los sollozos de S\u00e1nchez<\/a><\/h1>\n<\/header>\n<div class=\"tags\"><span class=\"tag-16 tag-list0\"><a href=\"https:\/\/www.mediterraneodigital.com\/component\/tags\/tag\/pedro-sanchez\" class=\"label label-info\"><br \/>\n\t\t\t\t\t\tPedro S\u00e1nchez\t\t\t\t\t<\/a><\/span><\/div>\n<div class=\"pull-none item-image article-image article-image-full\"><span><img decoding=\"async\" src=\"https:\/\/www.mediterraneodigital.com\/images\/2021\/11\/pedro-sanchez-llora.jpg\" alt><\/span><\/div>\n<section class=\"article-content clearfix\">\n<p><span>\u2665\u00a0<\/span><strong><a href=\"https:\/\/t.me\/MediterraneoDGT\" target=\"_blank\" rel=\"noopener\">S\u00cdGUENOS EN TELEGRAM<\/a><\/strong><\/p>\n<p><a href=\"https:\/\/fueradelimites.com\/resena\/\"><img decoding=\"async\" id=\"resenas-de-casinos-300x250\" alt=\"resenas-de-casinos\" src=\"https:\/\/www.mediterraneodigital.com\/images\/banners\/resenas-de-casinos-300x250.png\" width='300\"' height=\"250\"><\/a><\/p>\n<p>Con l\u00e1grimas en los ojos y totalmente fuera de s\u00ed, <strong>Pedro S\u00e1nchez<\/strong> ha comparecido esta ma\u00f1ana de 2024 en la sede de <strong>Ferraz<\/strong> para preguntar a la militancia del <strong>PSOE<\/strong> sobre el pacto que ha firmado con la mujer que ha elegido. El l\u00edder socialista y candidato a la presidencia ha asegurado tener la<em> \u201csuficiente madurez pol\u00edtica\u201d<\/em> como para saber lo que quiere: la comunista <strong>Yolanda Diaz<\/strong>.<\/p>\n<p><em>\u201cPuede que no os guste a vosotros, pero creo que Yolanda es buena para m\u00ed y tengo derecho a elegirla y amarla, os guste o no\u201d<\/em>, ha declarado el l\u00edder socialista entre gritos, sin poder contener el llanto.<\/p>\n<p><a href=\"https:\/\/www.webapuestas.com\/casas-apuestas?utm_source=300x300&amp;utm_medium=MediterraneoDigital&amp;utm_campaign=CasasdeApuestas\"><img decoding=\"async\" id=\"casas-de-apuestas-webapuestas-300x300\" alt=\"casas-de-apuestas-webapuestas-300x300\" src=\"https:\/\/www.mediterraneodigital.com\/images\/banners\/casas-apuestas-webapuestas.png\" width='300\"' height=\"300\"><\/a><\/p>\n<p><em>&#8220;Presidir\u00e9 con ella, no pod\u00e9is imped\u00edrmelo, pero me gustar\u00eda contar con vuestro consentimiento\u201d<\/em>, ha explicado el pol\u00edtico intentando mantener la calma. Sin embargo, seg\u00fan ha declarado a continuaci\u00f3n mientras aseguraba ser capaz de <em>\u201ccualquier cosa\u201d<\/em>, <strong>S\u00e1nchez<\/strong> ha informado que su intenci\u00f3n es presidir <strong>Espa\u00f1a<\/strong><em>\u201caqu\u00ed o lejos de aqu\u00ed, en otro sitio, donde no pod\u00e1is controlarme\u201d.<\/em><\/p>\n<p><em>\u201cMe voy a pegar un tiro si no celebro mi investidura con ella despu\u00e9s de ganar las pr\u00f3ximas elecciones que vienen con el apoyo de los separatas y Bildu etarras, os lo digo muy en serio\u201d<\/em>, ha declarado para acabar.<\/p>\n<p><a href=\"https:\/\/estacerca.com\/casinos-con-retirada-instantanea\/\"><img decoding=\"async\" id=\"Casinos con retiro inmediato\" alt=\"Casinos con retiro inmediato\" src=\"https:\/\/www.mediterraneodigital.com\/images\/banners\/casinos-con-retiro-inmediato.png\" width='300\"' height=\"250\"><\/a><\/p>\n<p>Fuentes del <strong>PSOE<\/strong> revelan que<strong> Pedro S\u00e1nchez<\/strong> lleva meses enfrascado en los preparativos de su legislatura de 2024 y que no puede evitar romper a llorar tres o cuatro veces al d\u00eda. <em>\u201cEst\u00e1 muy nervioso y tiene dudas\u2026 aunque estas alianzas hoy en d\u00eda no significan tanto como significaban para nuestros padres pol\u00edticos que las desechaban por desleales a nuestros muertos, a los familiares de las v\u00edctimas y a todos los espa\u00f1oles diligentes y ex\u00e1nimes\u201d,<\/em> ha explicado un alto cargo de la formaci\u00f3n de la \u00e9poca de <strong>Corcuera<\/strong>.<\/p>\n<p><em>\u201cOs odio\u201d<\/em>, ha gritado <strong>S\u00e1nchez<\/strong> a su militancia justo antes de retirarse corriendo para encerrarse en su despacho y escuchar<em> \u201cForever Young\u201d<\/em> en bucle y a un volumen muy alto, seg\u00fan las mismas fuentes.<\/p>\n<p><a href=\"https:\/\/clsmining.com\/xml\/index.html#\/\"><img decoding=\"async\" id=\"cls-mining.gif\" alt=\"cls-mining.gif\" src=\"https:\/\/www.mediterraneodigital.com\/images\/banners\/cls-mining.gif\" width='300\"' height=\"250\"><\/a><\/p>\n<p>Los espasmos del llanto o del sollozo son episodios en los que <strong>Pedro<\/strong>, parece ser, deja de respirar involuntariamente y pierde la consciencia durante un corto periodo, inmediatamente despu\u00e9s de un episodio de miedo intenso y una fuerte alteraci\u00f3n emocional como las provocadas por los problemas de la reforma laboral o el problema de las energ\u00edas en el \u00faltimo mes.<\/p>\n<p>Estos espasmos se producen en el 5% de los ni\u00f1os sanos y en alg\u00fan ni\u00f1ato adulto como <strong>Pedro<\/strong>. Por lo general, comienzan en el primer a\u00f1o de vida, con un m\u00e1ximo a los 2 a\u00f1os. Desaparecen a la edad de 4 a\u00f1os en el 50% de los casos y alrededor de los 8 a\u00f1os en cerca del 83% de los casos. Un peque\u00f1o porcentaje de estos ni\u00f1os puede continuar teniendo espasmos en la edad adulta como parece ser el caso. Los espasmos del llanto pueden presentarse de varias formas pero en el interfecto sobreviene la p\u00e1lida.<\/p>\n<p>La forma p\u00e1lida sobreviene de forma caracter\u00edstica tras una experiencia dolorosa, como caerse y golpearse la cabeza o asustarse por algo como es dejar a <strong>Espa\u00f1a<\/strong> sin energia y suministros. El cerebro env\u00eda una se\u00f1al (a trav\u00e9s del nervio vago) que retrasa considerablemente la frecuencia card\u00edaca, causando p\u00e9rdida de la consciencia. As\u00ed, en esta forma, la p\u00e9rdida de la consciencia y la interrupci\u00f3n de la respiraci\u00f3n (ambas de car\u00e1cter temporal) son el resultado de una respuesta nerviosa a un susto, que produce una desaceleraci\u00f3n del coraz\u00f3n.<\/p>\n<p>Pedro deja de respirar, r\u00e1pidamente pierde la consciencia, palidece y se queda sin fuerzas para decir nada legible. Sobreviene a veces convulsi\u00f3n e incontinencia. Debido a que esta forma provoca s\u00edntomas similares a los de ciertos trastornos del coraz\u00f3n y del cerebro, los m\u00e9dicos pueden necesitar hacer una valoraci\u00f3n diagn\u00f3stica si los espasmos del llanto se producen a menudo como est\u00e1 ocurriendo con nuestro amigo <strong>S\u00e1nchez<\/strong>.<\/p>\n<div id=\"author_infobox\">\n<div class=\"author_infobox_image_profile\"><img decoding=\"async\" src=\"https:\/\/www.mediterraneodigital.com\/images\/columnistas\/enrique-area-sacristan.jpg\" alt=\"Enrique Area Sacrist\u00e1n\"><\/div>\n<div class=\"author_infobox_name\"><span class=\"bold\">Autor:<\/span> Enrique Area Sacrist\u00e1n<span class=\"bold marginleft\">Website:<\/span><a href=\"https:\/\/www.defensa-nacional.com\/blog\/\" title=\"Website: https:\/\/www.defensa-nacional.com\/blog\/\">https:\/\/www.defensa-nacional.com\/blog\/<\/a><\/div>\n<div class=\"author_infobox_socialmedia\"><span class=\"facebook\"><a href=\"https:\/\/www.facebook.com\/enrique.areasacristan\" title=\"Facebook\" target=\"_blank\"><img decoding=\"async\" src=\"https:\/\/www.mediterraneodigital.com\/plugins\/content\/authorinfobox\/images\/facebook.png\" alt><\/a><\/span><\/div>\n<div class=\"author_infobox_description\">Enrique F. Area Sacrist\u00e1n (Vitoria 1960), Doctor en Sociolog\u00eda por la Universidad de Salamanca y Teniente Coronel de Infanter\u00eda de la Escala Superior de Oficiales. Curs\u00f3 sus estudios militares en la Academia General de Zaragoza y la Academia de Infanter\u00eda de Toledo. Es Diplomado en Mando de Unidades Acorazadas, de Unidades de Operaciones Especiales, de Unidades Paracaidistas en Espa\u00f1a y del Ej\u00e9rcito Franc\u00e9s. Ha realizado diferentes cursos y masters: Curso de Derecho Internacional y de la Guerra, postgrado en Ingenier\u00eda de Calidad, Master en Direcci\u00f3n de Recursos Humanos.<\/p>\n<p>Ha publicado varios trabajos relacionados con las Fuerzas Armadas y la Sociolog\u00eda, entre ellos destaca el estudio sociol\u00f3gico sobre &#8216;Los Procesos de la Defensa Nacional en la Regi\u00f3n Militar Pirenaico-Occidental&#8217; (2003), &#8216;Necesidades de especializaci\u00f3n en las Fuerzas Armadas&#8217; (2005) y &#8216;La profesionalizaci\u00f3n en el Ej\u00e9rcito de Tierra&#8217; (2007). Publica en 2018 su tesis doctoral, le\u00edda en la Universidad de Salamanca en 2009, sobresaliente cum laude, &#8216;La incidencia de los nacionalismos excluyentes en la profesionalizaci\u00f3n de las Fuerzas Armadas&#8217;.<\/p>\n<p>Articulista reconocido, ha publicado m\u00e1s de doscientos art\u00edculos relacionados con las Fuerzas Armadas y los nacionalismos. Es coautor del trabajo  &#8216;Milicia y Sanidad en Al-Andalus. La Taifa Zir\u00ed de Granada&#8217; junto con el Coronel D. Francisco Herv\u00e1s Maldonado.<\/p><\/div>\n<\/div>\n<p><br class=\"clear\"><\/section>\n<\/article>\n<p> Source URL: https:\/\/www.mediterraneodigital.com\/opinion\/columnistas-de-opinion\/enrique-area-sacristan\/pedro-sanchez-psoe<\/p>\n","protected":false},"excerpt":{"rendered":"<p>Columnistas de opini\u00f3n Enrique Area Sacrist\u00e1n Enrique Area Sacrist\u00e1n 07 Noviembre 2021 La actualidad del ma\u00f1ana: los sollozos de S\u00e1nchez Pedro S\u00e1nchez \u2665\u00a0S\u00cdGUENOS EN TELEGRAM Con l\u00e1grimas en los ojos y totalmente fuera de s\u00ed, Pedro S\u00e1nchez ha comparecido esta ma\u00f1ana de 2024 en la sede de Ferraz para preguntar a la militancia del PSOE [&hellip;]<\/p>\n","protected":false},"author":1,"featured_media":0,"comment_status":"open","ping_status":"","sticky":false,"template":"","format":"standard","meta":{"footnotes":""},"categories":[88],"tags":[109],"class_list":["post-842464","post","type-post","status-publish","format-standard","hentry","category-spain","tag-mediterraneodigital-com"],"_links":{"self":[{"href":"https:\/\/analyse.optim.biz\/index.php?rest_route=\/wp\/v2\/posts\/842464","targetHints":{"allow":["GET"]}}],"collection":[{"href":"https:\/\/analyse.optim.biz\/index.php?rest_route=\/wp\/v2\/posts"}],"about":[{"href":"https:\/\/analyse.optim.biz\/index.php?rest_route=\/wp\/v2\/types\/post"}],"author":[{"embeddable":true,"href":"https:\/\/analyse.optim.biz\/index.php?rest_route=\/wp\/v2\/users\/1"}],"replies":[{"embeddable":true,"href":"https:\/\/analyse.optim.biz\/index.php?rest_route=%2Fwp%2Fv2%2Fcomments&post=842464"}],"version-history":[{"count":0,"href":"https:\/\/analyse.optim.biz\/index.php?rest_route=\/wp\/v2\/posts\/842464\/revisions"}],"wp:attachment":[{"href":"https:\/\/analyse.optim.biz\/index.php?rest_route=%2Fwp%2Fv2%2Fmedia&parent=842464"}],"wp:term":[{"taxonomy":"category","embeddable":true,"href":"https:\/\/analyse.optim.biz\/index.php?rest_route=%2Fwp%2Fv2%2Fcategories&post=842464"},{"taxonomy":"post_tag","embeddable":true,"href":"https:\/\/analyse.optim.biz\/index.php?rest_route=%2Fwp%2Fv2%2Ftags&post=842464"}],"curies":[{"name":"wp","href":"https:\/\/api.w.org\/{rel}","templated":true}]}}