{"id":842463,"date":"2025-12-04T12:37:14","date_gmt":"2025-12-04T09:37:14","guid":{"rendered":"https:\/\/analyse.optim.biz\/?p=842463"},"modified":"2025-12-04T12:37:14","modified_gmt":"2025-12-04T09:37:14","slug":"espana-ha-pasado-al-olvido","status":"publish","type":"post","link":"https:\/\/analyse.optim.biz\/?p=842463","title":{"rendered":"\u00abEspa\u00f1a\u00bb ha pasado al olvido"},"content":{"rendered":"<article>\n<aside class=\"article-aside clearfix\">\n<dl class=\"article-info  muted\">\n<dd class=\"parent-category-name hasTooltip\" title=\"Categor\u00eda de nivel principal o ra\u00edz: \"><span>Columnistas de opini\u00f3n<\/span><\/dd>\n<dd class=\"category-name hasTooltip\" title=\"Categor\u00eda: \"><span>Enrique Area Sacrist\u00e1n<\/span><\/dd>\n<dd class=\"createdby hasTooltip\" title=\"Escrito por \"><span>Enrique Area Sacrist\u00e1n<\/span><span><span><img decoding=\"async\" src=\"https:\/\/www.mediterraneodigital.com\/\/templates\/ja_good\/images\/logo.png\" alt=\"logo\"><\/span><\/span><\/dd>\n<dd class=\"published hasTooltip\" title=\"Publicado: \"><time datetime=\"2021-12-12T14:29:07+01:00\"><br \/>\n\t\t\t\t\t12 Diciembre 2021          <\/time><\/dd>\n<\/dl>\n<\/aside>\n<header class=\"article-header clearfix\">\n<h1 class=\"article-title\"><a href=\"https:\/\/www.mediterraneodigital.com\/opinion\/columnistas-de-opinion\/enrique-area-sacristan\/historia-de-espana\" title=\"\u00abEspa\u00f1a\u00bb ha pasado al olvido\"><br \/>\n\t\t\t\t\u00abEspa\u00f1a\u00bb ha pasado al olvido<\/a><\/h1>\n<\/header>\n<div class=\"pull-none item-image article-image article-image-full\"><span><img decoding=\"async\" src=\"https:\/\/www.mediterraneodigital.com\/images\/2021\/12\/reyes-catolicos.jpg\" alt><\/span><\/div>\n<section class=\"article-content clearfix\">\n<p>La nacionalidad suele ser motivo de orgullo porque define la identidad de las personas y hace derivar de ella los derechos de \u00e9stas. No quiere decir esto que antes del siglo XIX no hubiera identidades, sino que adoptaban formas muy distintas a las naciones que hoy conocemos. Y por supuesto desde siglos atr\u00e1s exist\u00eda la identidad espa\u00f1ola, fruto de la diversidad, el contagio, el pr\u00e9stamo y el mestizaje. Fruto de la <strong>Historia<\/strong>.<\/p>\n<p><a href=\"https:\/\/fueradelimites.com\/resena\/\"><img decoding=\"async\" id=\"resenas-de-casinos-300x250\" alt=\"resenas-de-casinos\" src=\"https:\/\/www.mediterraneodigital.com\/images\/banners\/resenas-de-casinos-300x250.png\" width='300\"' height=\"250\"><\/a><\/p>\n<p>Tras mil a\u00f1os de encuentros y convivencia, muchos a ambas orillas del <strong>Atl\u00e1ntico<\/strong> y el <strong>Mediterr\u00e1neo<\/strong>, quinientos de <strong>Estado integrador<\/strong>, y doscientos de vertebraci\u00f3n liberal-nacional se han establecido suficientes lazos familiares y culturales como para que <strong>Espa\u00f1a<\/strong> pueda leer su historia sin llanto, sin necesidad de escarbar en la tumba de los <strong>Reyes Cat\u00f3licos<\/strong> o enrocarse en el <strong>El Escorial<\/strong> cada vez que nacionalistas vascos y catalanes nieguen su existencia. <strong>Espa\u00f1a<\/strong>, naci\u00f3n, estado, territorio, pa\u00eds o como quiera llam\u00e1rsela ha pervivido a trav\u00e9s de los siglos y es una de las veteranas del mundo, con sus confines ya dise\u00f1ados en la \u00e9poca de los <strong>Reyes Cat\u00f3licos<\/strong>, lo que supone todo un prodigio dada la enorme inestabilidad de las fronteras en <strong>Europa<\/strong>.<\/p>\n<p>La naci\u00f3n espa\u00f1ola y otras naciones m\u00e1s vieron la luz en los primeros a\u00f1os del siglo XIX. Fue entonces cuando los <strong>Estados cl\u00e1sicos<\/strong> utilizaron la idea de naci\u00f3n para dotarse de elementos de igualdad y libertad frente al absolutismo anterior. Este nacionalismo c\u00edvico, del que ahora carecemos, nada tiene que ver con los nacionalismos actuales, que son nacionalismos comunitaristas, basados en formas de integraci\u00f3n social y, consiguientemente, de exclusi\u00f3n del \u201cotro\u201d, que contradicen los fundamentos cl\u00e1sicos de la sociedad moderna. El nacionalismo comunitarista est\u00e1 en el origen de numerosas tragedias contempor\u00e1neas ya que, para vencer la resistencia de la sociedad civil, que no existe en Espa\u00f1a, y su credo pol\u00edtico siempre tuvo que haber violencia.<\/p>\n<p><a href=\"https:\/\/www.webapuestas.com\/casas-apuestas?utm_source=300x300&amp;utm_medium=MediterraneoDigital&amp;utm_campaign=CasasdeApuestas\"><img decoding=\"async\" id=\"casas-de-apuestas-webapuestas-300x300\" alt=\"casas-de-apuestas-webapuestas-300x300\" src=\"https:\/\/www.mediterraneodigital.com\/images\/banners\/casas-apuestas-webapuestas.png\" width='300\"' height=\"300\"><\/a><\/p>\n<p>Paradojas del presente, mientras el mundo no alberga duda alguna sobre la existencia de <strong>Espa\u00f1a<\/strong>, en pleno siglo XXI hay algunos espa\u00f1oles que conciben su historia como una invenci\u00f3n o un fracaso. Durante cuarenta felices a\u00f1os el r\u00e9gimen del <strong>General\u00edsimo<\/strong> habl\u00f3 indistintamente de paz o victoria equivocadamente pero, a\u00fan as\u00ed, resta\u00f1ando las heridas propias y ajenas. Hoy se deja o\u00edr alg\u00fan ignorante o tonto \u00fatil que piensa que <strong>Espa\u00f1a<\/strong> no es una realidad hist\u00f3rica sino un montaje de lo que llaman \u201cla derecha\u201d, el folclore o los proyectos de reforma de las ense\u00f1anzas de las humanidades de algunos partidos pol\u00edticos de esta tendencia. A tal extremo ha llegado la esquizofrenia del hecho diferencial que el sentimiento de <strong>Espa\u00f1a<\/strong>, incluso su simple vocablo, ha sufrido durante todos estos a\u00f1os de falsa democracia, una escandalosa censura.<\/p>\n<p>La mutilaci\u00f3n se manifiesta en el destierro de la palabra <strong>Espa\u00f1a<\/strong> o en la inmunodeficiencia cultural de identificar lo espa\u00f1ol con la rueda de juicios sumarios y c\u00e1rceles del franquismo que, por cierto, estaban menos visitadas por personajes pol\u00edticos que hoy, aunque fueran socialistas y comunistas escondidos debajo de camisa azul.<\/p>\n<p><a href=\"https:\/\/estacerca.com\/casinos-con-retirada-instantanea\/\"><img decoding=\"async\" id=\"Casinos con retiro inmediato\" alt=\"Casinos con retiro inmediato\" src=\"https:\/\/www.mediterraneodigital.com\/images\/banners\/casinos-con-retiro-inmediato.png\" width='300\"' height=\"250\"><\/a><\/p>\n<p>El problema es la tremenda incultura de los representantes pol\u00edticos que se presentan para gobernarnos y su tremenda soberbia y mal comportamiento pol\u00edtico. La palabra no les remitir\u00eda entonces a la Inquisici\u00f3n de los <strong>Reyes Cat\u00f3licos<\/strong> sino a las coplas de <strong>Jorge Manrique<\/strong>; no les traer\u00eda el rumor negro de la leyenda de <strong>Felipe II<\/strong> sino la palabra afilada de <strong>Quevedo<\/strong> y la prosa generosa de <strong>Miguel de Cervantes<\/strong>; no les hablar\u00eda de las <em>matxinadas<\/em> sino de <strong>Jovellanos<\/strong> y la quimera de la reforma agraria; no les susurrar\u00eda al o\u00eddo los nombres de los generales del XIX sino la patria que so\u00f1ara <strong>Benito P\u00e9rez Gald\u00f3s<\/strong>; no les recordar\u00eda la imagen de un rey <em>dandynizado<\/em> o de un cirujano de hierro sino el destierro de <strong>Unamuno<\/strong> en <strong>Fuerteventura<\/strong>, la rebeld\u00eda de <strong>Baroja<\/strong> o el \u00bfD\u00f3nde est\u00e1 la bomba que destripe el terr\u00f3n maldito de <strong>Espa\u00f1a<\/strong>? que grita en <strong><em>Luces de Bohemia<\/em><\/strong><strong>Valle Incl\u00e1n<\/strong>; no repetir\u00edan mon\u00f3tonamente, como en los pases sucesivos de los viejos cines de barrio, un nombre, Franco, y su tiempo, la dictadura, que les suena hueco.<\/p>\n<p><strong>\u201cEspa\u00f1a\u201d<\/strong> ha pasado al olvido, aquella que como el poeta de <strong>Campos de Castilla<\/strong> so\u00f1\u00f3 un d\u00eda un sue\u00f1o que no ha sido.<\/p>\n<p><a href=\"https:\/\/clsmining.com\/xml\/index.html#\/\"><img decoding=\"async\" id=\"cls-mining.gif\" alt=\"cls-mining.gif\" src=\"https:\/\/www.mediterraneodigital.com\/images\/banners\/cls-mining.gif\" width='300\"' height=\"250\"><\/a><\/p>\n<p><span>\u2022\u00a0<\/span><strong><a href=\"https:\/\/t.me\/MediterraneoDGT\" target=\"_blank\" rel=\"noopener\">S\u00cdGUENOS EN TELEGRAM<\/a><\/strong><\/p>\n<div id=\"author_infobox\">\n<div class=\"author_infobox_image_profile\"><img decoding=\"async\" src=\"https:\/\/www.mediterraneodigital.com\/images\/columnistas\/enrique-area-sacristan.jpg\" alt=\"Enrique Area Sacrist\u00e1n\"><\/div>\n<div class=\"author_infobox_name\"><span class=\"bold\">Autor:<\/span> Enrique Area Sacrist\u00e1n<span class=\"bold marginleft\">Website:<\/span><a href=\"https:\/\/www.defensa-nacional.com\/blog\/\" title=\"Website: https:\/\/www.defensa-nacional.com\/blog\/\">https:\/\/www.defensa-nacional.com\/blog\/<\/a><\/div>\n<div class=\"author_infobox_socialmedia\"><span class=\"facebook\"><a href=\"https:\/\/www.facebook.com\/enrique.areasacristan\" title=\"Facebook\" target=\"_blank\"><img decoding=\"async\" src=\"https:\/\/www.mediterraneodigital.com\/plugins\/content\/authorinfobox\/images\/facebook.png\" alt><\/a><\/span><\/div>\n<div class=\"author_infobox_description\">Enrique F. Area Sacrist\u00e1n (Vitoria 1960), Doctor en Sociolog\u00eda por la Universidad de Salamanca y Teniente Coronel de Infanter\u00eda de la Escala Superior de Oficiales. Curs\u00f3 sus estudios militares en la Academia General de Zaragoza y la Academia de Infanter\u00eda de Toledo. Es Diplomado en Mando de Unidades Acorazadas, de Unidades de Operaciones Especiales, de Unidades Paracaidistas en Espa\u00f1a y del Ej\u00e9rcito Franc\u00e9s. Ha realizado diferentes cursos y masters: Curso de Derecho Internacional y de la Guerra, postgrado en Ingenier\u00eda de Calidad, Master en Direcci\u00f3n de Recursos Humanos.<\/p>\n<p>Ha publicado varios trabajos relacionados con las Fuerzas Armadas y la Sociolog\u00eda, entre ellos destaca el estudio sociol\u00f3gico sobre &#8216;Los Procesos de la Defensa Nacional en la Regi\u00f3n Militar Pirenaico-Occidental&#8217; (2003), &#8216;Necesidades de especializaci\u00f3n en las Fuerzas Armadas&#8217; (2005) y &#8216;La profesionalizaci\u00f3n en el Ej\u00e9rcito de Tierra&#8217; (2007). Publica en 2018 su tesis doctoral, le\u00edda en la Universidad de Salamanca en 2009, sobresaliente cum laude, &#8216;La incidencia de los nacionalismos excluyentes en la profesionalizaci\u00f3n de las Fuerzas Armadas&#8217;.<\/p>\n<p>Articulista reconocido, ha publicado m\u00e1s de doscientos art\u00edculos relacionados con las Fuerzas Armadas y los nacionalismos. Es coautor del trabajo  &#8216;Milicia y Sanidad en Al-Andalus. La Taifa Zir\u00ed de Granada&#8217; junto con el Coronel D. Francisco Herv\u00e1s Maldonado.<\/p><\/div>\n<\/div>\n<p><br class=\"clear\"><\/section>\n<\/article>\n<p> Source URL: https:\/\/www.mediterraneodigital.com\/opinion\/columnistas-de-opinion\/enrique-area-sacristan\/historia-de-espana<\/p>\n","protected":false},"excerpt":{"rendered":"<p>Columnistas de opini\u00f3n Enrique Area Sacrist\u00e1n Enrique Area Sacrist\u00e1n 12 Diciembre 2021 \u00abEspa\u00f1a\u00bb ha pasado al olvido La nacionalidad suele ser motivo de orgullo porque define la identidad de las personas y hace derivar de ella los derechos de \u00e9stas. No quiere decir esto que antes del siglo XIX no hubiera identidades, sino que adoptaban [&hellip;]<\/p>\n","protected":false},"author":1,"featured_media":0,"comment_status":"open","ping_status":"","sticky":false,"template":"","format":"standard","meta":{"footnotes":""},"categories":[88],"tags":[109],"class_list":["post-842463","post","type-post","status-publish","format-standard","hentry","category-spain","tag-mediterraneodigital-com"],"_links":{"self":[{"href":"https:\/\/analyse.optim.biz\/index.php?rest_route=\/wp\/v2\/posts\/842463","targetHints":{"allow":["GET"]}}],"collection":[{"href":"https:\/\/analyse.optim.biz\/index.php?rest_route=\/wp\/v2\/posts"}],"about":[{"href":"https:\/\/analyse.optim.biz\/index.php?rest_route=\/wp\/v2\/types\/post"}],"author":[{"embeddable":true,"href":"https:\/\/analyse.optim.biz\/index.php?rest_route=\/wp\/v2\/users\/1"}],"replies":[{"embeddable":true,"href":"https:\/\/analyse.optim.biz\/index.php?rest_route=%2Fwp%2Fv2%2Fcomments&post=842463"}],"version-history":[{"count":0,"href":"https:\/\/analyse.optim.biz\/index.php?rest_route=\/wp\/v2\/posts\/842463\/revisions"}],"wp:attachment":[{"href":"https:\/\/analyse.optim.biz\/index.php?rest_route=%2Fwp%2Fv2%2Fmedia&parent=842463"}],"wp:term":[{"taxonomy":"category","embeddable":true,"href":"https:\/\/analyse.optim.biz\/index.php?rest_route=%2Fwp%2Fv2%2Fcategories&post=842463"},{"taxonomy":"post_tag","embeddable":true,"href":"https:\/\/analyse.optim.biz\/index.php?rest_route=%2Fwp%2Fv2%2Ftags&post=842463"}],"curies":[{"name":"wp","href":"https:\/\/api.w.org\/{rel}","templated":true}]}}