{"id":842461,"date":"2025-12-04T12:36:39","date_gmt":"2025-12-04T09:36:39","guid":{"rendered":"https:\/\/analyse.optim.biz\/?p=842461"},"modified":"2025-12-04T12:36:39","modified_gmt":"2025-12-04T09:36:39","slug":"el-olvidado-odio-de-azana-al-independentismo-catalan-la-traicion-a-la-republica","status":"publish","type":"post","link":"https:\/\/analyse.optim.biz\/?p=842461","title":{"rendered":"El olvidado odio de Aza\u00f1a al independentismo catal\u00e1n: la traici\u00f3n a la Rep\u00fablica"},"content":{"rendered":"<article>\n<aside class=\"article-aside clearfix\">\n<dl class=\"article-info  muted\">\n<dd class=\"parent-category-name hasTooltip\" title=\"Categor\u00eda de nivel principal o ra\u00edz: \"><span>Columnistas de opini\u00f3n<\/span><\/dd>\n<dd class=\"category-name hasTooltip\" title=\"Categor\u00eda: \"><span>Enrique Area Sacrist\u00e1n<\/span><\/dd>\n<dd class=\"createdby hasTooltip\" title=\"Escrito por \"><span>Enrique Area Sacrist\u00e1n<\/span><span><span><img decoding=\"async\" src=\"https:\/\/www.mediterraneodigital.com\/\/templates\/ja_good\/images\/logo.png\" alt=\"logo\"><\/span><\/span><\/dd>\n<dd class=\"published hasTooltip\" title=\"Publicado: \"><time datetime=\"2022-02-12T12:23:18+01:00\"><br \/>\n\t\t\t\t\t12 Febrero 2022          <\/time><\/dd>\n<\/dl>\n<\/aside>\n<header class=\"article-header clearfix\">\n<h1 class=\"article-title\"><a href=\"https:\/\/www.mediterraneodigital.com\/opinion\/columnistas-de-opinion\/enrique-area-sacristan\/republica-espanola-nacionalismo-catalan-vasco\" title=\"El olvidado odio de Aza\u00f1a al independentismo catal\u00e1n: la traici\u00f3n a la Rep\u00fablica\"><br \/>\n\t\t\t\tEl olvidado odio de Aza\u00f1a al independentismo catal\u00e1n: la traici\u00f3n a la Rep\u00fablica<\/a><\/h1>\n<\/header>\n<div class=\"pull-none item-image article-image article-image-full\"><span><img decoding=\"async\" src=\"https:\/\/www.mediterraneodigital.com\/images\/2022\/2\/manuel-azana.jpg\" alt><\/span><\/div>\n<section class=\"article-content clearfix\">\n<p>El 19 de noviembre de 1979 se pod\u00eda leer en el peri\u00f3dico <strong>El Alc\u00e1zar<\/strong>: <em>\u00abLa unidad de Espa\u00f1a ha sido puesta en trance de ruptura por decisi\u00f3n unilateral de quienes no se consideran espa\u00f1oles, en contra de la voluntad de los que tienen a honor serlo, como si a \u00e9stos esta unidad no les afectase o les fuese indiferente\u00bb<\/em>, unas l\u00edneas escritas por el falangista y ministro de la <em>\u201cdemocracia org\u00e1nica\u201d<\/em><strong>Raimundo Fern\u00e1ndez-Cuesta<\/strong>, que hoy en d\u00eda podr\u00edan salir de la boca de m\u00e1s de uno de nuestros pol\u00edticos nacionales. En el mismo n\u00famero de este peri\u00f3dico, el carlista <strong>J.E. Casariego<\/strong> teme que <strong>Espa\u00f1a<\/strong>, con las autonom\u00edas <em>\u00aben un b\u00e1rbaro salto regresivo, disfrazado de falsos progresismo, retorne a las tribus celtib\u00e9ricas y reinos de taifas\u00bb.<\/em><\/p>\n<p><a href=\"https:\/\/fueradelimites.com\/resena\/\"><img decoding=\"async\" id=\"resenas-de-casinos-300x250\" alt=\"resenas-de-casinos\" src=\"https:\/\/www.mediterraneodigital.com\/images\/banners\/resenas-de-casinos-300x250.png\" width='300\"' height=\"250\"><\/a><\/p>\n<p>La vigencia de ambas declaraciones \u2013 que se quer\u00edan dar por algo trasnochadas en la <strong>Espa\u00f1a<\/strong> reci\u00e9n liberalizada de finales de los a\u00f1os setenta del siglo pasado y de rabiosa actualidad \u2013 impresiona, y deja claro que la <em>\u201cUnidad de Espa\u00f1a\u201d<\/em> enarbolada no s\u00f3lo, hist\u00f3ricamente, por la derecha espa\u00f1ola sino por personajes ilustres de la segunda <strong>Rep\u00fablica<\/strong> como <strong>Aza\u00f1a<\/strong>, no es sino una muestra m\u00e1s de lo poco evolucionado y olvidadizo pensamiento progresista espa\u00f1ol actual en este sentido.<\/p>\n<p>En ojos de nuestro protagonista republicano, <strong>Aza\u00f1a<\/strong>, todo aquel trabajo por el <strong>Estatuto<\/strong> que defendi\u00f3, qued\u00f3 destrozado el 6 de octubre de 1934, cuando <strong>Lluis Companys<\/strong> (presidente de la <strong>Generalitat<\/strong> y l\u00edder de <strong>Esquerra Republicana<\/strong>) proclam\u00f3 el <strong>Estado Catal\u00e1n<\/strong> aprovechando la tensi\u00f3n que reinaba en <strong>Espa\u00f1a<\/strong> debido a la <strong>Revoluci\u00f3n de Asturias<\/strong>. <em>\u00abCatalu\u00f1a enarbola su bandera, llama a todos al cumplimiento del deber y a la obediencia absoluta al Gobierno de la Generalitat, que desde este momento rompe toda relaci\u00f3n con las instituciones falseadas\u00bb<\/em>, afirm\u00f3 a la multitud que se reuni\u00f3 aquella jornada en <strong>Barcelona<\/strong>. Aunque aquello fue cortado de ra\u00edz de la mano del presidente <strong>Alejandro Lerroux<\/strong> y del general <strong>Domingo Batet<\/strong> poco despu\u00e9s, fue el inicio del desamor entre ambos.<\/p>\n<p><a href=\"https:\/\/www.webapuestas.com\/casas-apuestas?utm_source=300x300&amp;utm_medium=MediterraneoDigital&amp;utm_campaign=CasasdeApuestas\"><img decoding=\"async\" id=\"casas-de-apuestas-webapuestas-300x300\" alt=\"casas-de-apuestas-webapuestas-300x300\" src=\"https:\/\/www.mediterraneodigital.com\/images\/banners\/casas-apuestas-webapuestas.png\" width='300\"' height=\"300\"><\/a><\/p>\n<p>Sin embargo, lo que de verdad logr\u00f3 corroer a <strong>Manuel Aza\u00f1a<\/strong> fue la pu\u00f1alada trapera que parte de <strong>Catalu\u00f1a<\/strong> y del <strong>Pa\u00eds Vasco<\/strong> le dieron en la <strong>Guerra Civil<\/strong> al solicitar, a espaldas de la <strong>Segunda Rep\u00fablica<\/strong>, la paz a <strong>Franco<\/strong>. Seg\u00fan narra <strong>S\u00e1nchez Cervell\u00f3<\/strong> en <strong>\u00abEl separatismo catal\u00e1n y vasco durante la Guerra Civil\u00bb<\/strong>, todo comenz\u00f3 el 17 de julio en el <strong>Protectorado de Marruecos<\/strong>. En sus palabras, el <em>\u00abderrumbe del Estado central permiti\u00f3 que tanto Catalu\u00f1a como Euskadi llenaran el vac\u00edo dejado por la administraci\u00f3n y asumieran competencias que no estaban contempladas en los respectivos estatutos de Autonom\u00eda\u00bb<\/em>. En el caso de <strong>Companys<\/strong>, por ejemplo, la creaci\u00f3n de la<strong> Consejer\u00eda de Defensa<\/strong> y el <strong>Comit\u00e9 de Milicias Antifascistas<\/strong>. Dos organizaciones destinadas a<em> \u00abdisponer de una industria de guerra propia\u00bb<\/em> y <em>\u00abasumir el control del orden p\u00fablico\u00bb.<\/em><\/p>\n<p>Escribe <strong>Aza\u00f1a<\/strong>, en el exilio: <em>\u201cDesde julio de 1936, hac\u00edan todo lo necesario (y bastante m\u00e1s de lo necesario), para aumentar temerariamente la importancia de la regi\u00f3n en los problemas de la guerra. No puede negarse que lo consiguieron, por acci\u00f3n y por omisi\u00f3n. Por acci\u00f3n, atribuy\u00e9ndose funciones, incluso en el orden militar, que en modo alguno les correspond\u00edan; por omisi\u00f3n, escatimando la cooperaci\u00f3n con el Gobierno de la Rep\u00fablica\u201d.<\/em><\/p>\n<p><a href=\"https:\/\/estacerca.com\/casinos-con-retirada-instantanea\/\"><img decoding=\"async\" id=\"Casinos con retiro inmediato\" alt=\"Casinos con retiro inmediato\" src=\"https:\/\/www.mediterraneodigital.com\/images\/banners\/casinos-con-retiro-inmediato.png\" width='300\"' height=\"250\"><\/a><\/p>\n<p>Por otro lado y, sin poderse afirmar que fueran de derechas por ser un movimiento revolucionario y sindicalista transversal, desde el acto de la <strong>Comedia<\/strong> y fundaci\u00f3n de la<strong> Falange Espa\u00f1ola<\/strong> el 29 de octubre de 1933 hasta la actualidad siempre ha estado predicando la grandeza y la unidad del <strong>Imperio Espa\u00f1ol<\/strong>: empezando por <strong>La Reconquista<\/strong>, <strong>El Cid Campeador<\/strong>, <strong>Los Reyes Cat\u00f3licos<\/strong>, la Invasi\u00f3n de <strong>Am\u00e9rica<\/strong>, etc. hasta el desastre de 1898 y las <strong>Guerras de \u00c1frica<\/strong>, estableciendo el dogma de que cualquier atisbo de aspiraci\u00f3n autonomista constituye \u2013 en ciertas \u00e9pocas\u2013 un crimen contra <strong>Espa\u00f1a<\/strong> y su sagrada <strong>Unidad<\/strong>, olvidando que <strong>Espa\u00f1a<\/strong> con los <strong>Austrias<\/strong> era m\u00e1s parecido a un <strong>Estado federal<\/strong> de reinos que a un <strong>Estado centralizado<\/strong> que, salvando las distancias conceptuales, lleg\u00f3 con los borbones y que por no tener, con <strong>Felipe II<\/strong>, no ten\u00eda ni capital hasta que se defini\u00f3 por <strong>Madrid<\/strong>.<\/p>\n<p>El caldo de cultivo del concepto de <strong>\u201cUnidad\u201d<\/strong> esgrimido por los conservadores podr\u00edamos encontrarla en los textos de la llamada <strong>\u201cgeneraci\u00f3n del 98\u201d<\/strong> en los que se reflexiona sobre la decadencia de la naci\u00f3n espa\u00f1ola y se intenta desentra\u00f1ar sus causas aludiendo a la <strong>Patria<\/strong>, la <strong>Naci\u00f3n<\/strong>, el <strong>Imperio<\/strong>, etc. En este sentido, <strong>Unamuno<\/strong> identifica la esencia de <strong>Espa\u00f1a<\/strong> con el alma de <strong>Castilla<\/strong>, que <em>\u00abun tiempo conmovi\u00f3 al mundo\u00bb<\/em> y siente un imperioso deseo de liberaci\u00f3n (<strong>En torno al casticismo<\/strong>, 1895), del mismo modo que <strong>Machado<\/strong> se conmueve al observar la <strong>Castilla<\/strong> de entonces <em>\u00abCastilla miserable, ayer dominadora, envuelta en sus andrajos desprecia cuanto ignora\u00bb<\/em> (<strong>Campos de Castilla<\/strong>, 1912). Posteriormente,<strong> Ortega y Gasset<\/strong> tambi\u00e9n tuvo gran influencia, definiendo el <em>\u201cnacionalismo particularista\u201d<\/em> como un sentimiento de vivir aparte de los dem\u00e1s pueblos y colectividades frente al anhelo<em> \u00aba saber, adscribirse, integrarse, fundirse en una gran unidad hist\u00f3rica, en esa radical comunidad de destinos que es una gran naci\u00f3n\u00bb<\/em> (debate del <strong>Estatuto de Catalu\u00f1a<\/strong> en mayo de 1932).<\/p>\n<p><a href=\"https:\/\/clsmining.com\/xml\/index.html#\/\"><img decoding=\"async\" id=\"cls-mining.gif\" alt=\"cls-mining.gif\" src=\"https:\/\/www.mediterraneodigital.com\/images\/banners\/cls-mining.gif\" width='300\"' height=\"250\"><\/a><\/p>\n<p>Con todo esto, <strong>Jos\u00e9 Antonio Primo de Rivera<\/strong> ya comenz\u00f3 a insistir a principios del siglo pasado en que el <strong>Imperio espa\u00f1ol<\/strong>, fundado bajo inspiraci\u00f3n divina por <strong>Fernando<\/strong> e <strong>Isabel<\/strong> y desarrollado por sus sucesores, s\u00f3lo fue posible como consecuencia de la unificaci\u00f3n territorial y religiosa del pa\u00eds \u2013argumentaci\u00f3n probablemente incuestionable en el contexto hist\u00f3rico de finales del siglo XV \u2013. Esta fue la base utilizada para la construcci\u00f3n de la doctrina falangista sobre la que, a su vez, se apoy\u00f3 ideol\u00f3gicamente el r\u00e9gimen de <strong>Franco<\/strong>, pese a que el propio <strong>Jos\u00e9 Antonio Primo de Rivera<\/strong> calificaba a los protagonistas del golpe de 1936 como <em>\u00abun grupo de generales de honrada intenci\u00f3n, pero de desoladora mediocridad pol\u00edtica\u00bb.<\/em><\/p>\n<p>Esta visi\u00f3n de <strong>Espa\u00f1a<\/strong> se encuentra totalmente enfrentada a las complejas realidades culturales y sociales de una parte de la <strong>Espa\u00f1a<\/strong> actual, que es el resultado del adoctrinamiento en el odio a sus ra\u00edces en sus territorios mal denominados hist\u00f3ricos, y su defensa en el proceso de construcci\u00f3n de una identidad nacional que, en la actualidad, deber\u00eda estar basada para su pervivencia en la definici\u00f3n hist\u00f3rica de lo que ha sido la cultura <strong>Hispana<\/strong> a lo largo de los siglos para recuperar los v\u00ednculos que la han mantenido unida desde tiempos remotos .<\/p>\n<p>En este sentido, la propia <strong>Constituci\u00f3n<\/strong> espa\u00f1ola de 1978, que determina el fundamento de la <strong>Naci\u00f3n<\/strong> en la <em>\u00abindisoluble unidad de la Naci\u00f3n espa\u00f1ola, patria com\u00fan e indivisible de todos los espa\u00f1oles\u00bb<\/em>, establece el reconocimiento y garantiza <em>\u00abel derecho a la autonom\u00eda de las nacionalidades y regiones que la integran y la solidaridad entre todas ellas\u00bb.<\/em> Decir, adem\u00e1s, que este precepto trae causa del art\u00edculo 1.3 de la <strong>Constituci\u00f3n<\/strong> republicana de 1931, cuyo primer art\u00edculo en su p\u00e1rrafo tercero establece que <em>\u00abLa Rep\u00fablica constituye un Estado integral, compatible con la autonom\u00eda de los Municipios y las Regiones\u00bb<\/em>, y bajo el amparo de la cual ver\u00edan la luz los primeros estatutos de autonom\u00eda de <strong>Catalu\u00f1a<\/strong> y del <strong>Pa\u00eds Vasco<\/strong> en 1932 y 1936, respectivamente, estatutos que fueron incumplidos por los propios dirigentes de estas autonom\u00edas en contra de la misma <strong>Rep\u00fablica<\/strong>, como hemos podido ver en este mismo art\u00edculo.<\/p>\n<p>As\u00ed las cosas, cada d\u00eda se hace m\u00e1s necesario construir conjuntamente un relato global e hist\u00f3rico acerca de la concepci\u00f3n unitaria de la <strong>Naci\u00f3n<\/strong><strong>espa\u00f1ola<\/strong>, dejando de apelar constantemente a conceptos vacuos e indefinidos como la multiculturalidad o el derecho de autodeterminaci\u00f3n de los pueblos que producen rechazo por su hist\u00f3rica significaci\u00f3n pol\u00edtica izquierdosa y comunista a la mayor\u00eda de los espa\u00f1oles y comenzando a trabajar en la construcci\u00f3n del relato echando mano de otros conceptos, siempre con base hist\u00f3rica, como el de solidaridad, respeto institucional y cultural, etc., con el fin de construir una conciencia nacional que lleve a un futuro com\u00fan. Esta es la \u00fanica opci\u00f3n posible; tomar otro camino o seguir en el actual llevar\u00e1 de forma irremediable a la disgregaci\u00f3n territorial \u2013 si no real y jur\u00eddica, s\u00ed social \u2013 de la <strong>Naci\u00f3n espa\u00f1ola<\/strong>, una e indivisible.<\/p>\n<div id=\"author_infobox\">\n<div class=\"author_infobox_image_profile\"><img decoding=\"async\" src=\"https:\/\/www.mediterraneodigital.com\/images\/columnistas\/enrique-area-sacristan.jpg\" alt=\"Enrique Area Sacrist\u00e1n\"><\/div>\n<div class=\"author_infobox_name\"><span class=\"bold\">Autor:<\/span> Enrique Area Sacrist\u00e1n<span class=\"bold marginleft\">Website:<\/span><a href=\"https:\/\/www.defensa-nacional.com\/blog\/\" title=\"Website: https:\/\/www.defensa-nacional.com\/blog\/\">https:\/\/www.defensa-nacional.com\/blog\/<\/a><\/div>\n<div class=\"author_infobox_socialmedia\"><span class=\"facebook\"><a href=\"https:\/\/www.facebook.com\/enrique.areasacristan\" title=\"Facebook\" target=\"_blank\"><img decoding=\"async\" src=\"https:\/\/www.mediterraneodigital.com\/plugins\/content\/authorinfobox\/images\/facebook.png\" alt><\/a><\/span><\/div>\n<div class=\"author_infobox_description\">Enrique F. Area Sacrist\u00e1n (Vitoria 1960), Doctor en Sociolog\u00eda por la Universidad de Salamanca y Teniente Coronel de Infanter\u00eda de la Escala Superior de Oficiales. Curs\u00f3 sus estudios militares en la Academia General de Zaragoza y la Academia de Infanter\u00eda de Toledo. Es Diplomado en Mando de Unidades Acorazadas, de Unidades de Operaciones Especiales, de Unidades Paracaidistas en Espa\u00f1a y del Ej\u00e9rcito Franc\u00e9s. Ha realizado diferentes cursos y masters: Curso de Derecho Internacional y de la Guerra, postgrado en Ingenier\u00eda de Calidad, Master en Direcci\u00f3n de Recursos Humanos.<\/p>\n<p>Ha publicado varios trabajos relacionados con las Fuerzas Armadas y la Sociolog\u00eda, entre ellos destaca el estudio sociol\u00f3gico sobre &#8216;Los Procesos de la Defensa Nacional en la Regi\u00f3n Militar Pirenaico-Occidental&#8217; (2003), &#8216;Necesidades de especializaci\u00f3n en las Fuerzas Armadas&#8217; (2005) y &#8216;La profesionalizaci\u00f3n en el Ej\u00e9rcito de Tierra&#8217; (2007). Publica en 2018 su tesis doctoral, le\u00edda en la Universidad de Salamanca en 2009, sobresaliente cum laude, &#8216;La incidencia de los nacionalismos excluyentes en la profesionalizaci\u00f3n de las Fuerzas Armadas&#8217;.<\/p>\n<p>Articulista reconocido, ha publicado m\u00e1s de doscientos art\u00edculos relacionados con las Fuerzas Armadas y los nacionalismos. Es coautor del trabajo  &#8216;Milicia y Sanidad en Al-Andalus. La Taifa Zir\u00ed de Granada&#8217; junto con el Coronel D. Francisco Herv\u00e1s Maldonado.<\/p><\/div>\n<\/div>\n<p><br class=\"clear\"><\/section>\n<\/article>\n<p> Source URL: https:\/\/www.mediterraneodigital.com\/opinion\/columnistas-de-opinion\/enrique-area-sacristan\/republica-espanola-nacionalismo-catalan-vasco<\/p>\n","protected":false},"excerpt":{"rendered":"<p>Columnistas de opini\u00f3n Enrique Area Sacrist\u00e1n Enrique Area Sacrist\u00e1n 12 Febrero 2022 El olvidado odio de Aza\u00f1a al independentismo catal\u00e1n: la traici\u00f3n a la Rep\u00fablica El 19 de noviembre de 1979 se pod\u00eda leer en el peri\u00f3dico El Alc\u00e1zar: \u00abLa unidad de Espa\u00f1a ha sido puesta en trance de ruptura por decisi\u00f3n unilateral de quienes [&hellip;]<\/p>\n","protected":false},"author":1,"featured_media":0,"comment_status":"open","ping_status":"","sticky":false,"template":"","format":"standard","meta":{"footnotes":""},"categories":[88],"tags":[109],"class_list":["post-842461","post","type-post","status-publish","format-standard","hentry","category-spain","tag-mediterraneodigital-com"],"_links":{"self":[{"href":"https:\/\/analyse.optim.biz\/index.php?rest_route=\/wp\/v2\/posts\/842461","targetHints":{"allow":["GET"]}}],"collection":[{"href":"https:\/\/analyse.optim.biz\/index.php?rest_route=\/wp\/v2\/posts"}],"about":[{"href":"https:\/\/analyse.optim.biz\/index.php?rest_route=\/wp\/v2\/types\/post"}],"author":[{"embeddable":true,"href":"https:\/\/analyse.optim.biz\/index.php?rest_route=\/wp\/v2\/users\/1"}],"replies":[{"embeddable":true,"href":"https:\/\/analyse.optim.biz\/index.php?rest_route=%2Fwp%2Fv2%2Fcomments&post=842461"}],"version-history":[{"count":0,"href":"https:\/\/analyse.optim.biz\/index.php?rest_route=\/wp\/v2\/posts\/842461\/revisions"}],"wp:attachment":[{"href":"https:\/\/analyse.optim.biz\/index.php?rest_route=%2Fwp%2Fv2%2Fmedia&parent=842461"}],"wp:term":[{"taxonomy":"category","embeddable":true,"href":"https:\/\/analyse.optim.biz\/index.php?rest_route=%2Fwp%2Fv2%2Fcategories&post=842461"},{"taxonomy":"post_tag","embeddable":true,"href":"https:\/\/analyse.optim.biz\/index.php?rest_route=%2Fwp%2Fv2%2Ftags&post=842461"}],"curies":[{"name":"wp","href":"https:\/\/api.w.org\/{rel}","templated":true}]}}