{"id":842220,"date":"2025-12-04T10:44:25","date_gmt":"2025-12-04T07:44:25","guid":{"rendered":"https:\/\/analyse.optim.biz\/?p=842220"},"modified":"2025-12-04T10:44:25","modified_gmt":"2025-12-04T07:44:25","slug":"madrid-nos-mata","status":"publish","type":"post","link":"https:\/\/analyse.optim.biz\/?p=842220","title":{"rendered":"Madrid nos mata"},"content":{"rendered":"<article>\n<aside class=\"article-aside clearfix\">\n<dl class=\"article-info  muted\">\n<dd class=\"parent-category-name hasTooltip\" title=\"Categor\u00eda de nivel principal o ra\u00edz: \"><span>Columnistas de opini\u00f3n<\/span><\/dd>\n<dd class=\"category-name hasTooltip\" title=\"Categor\u00eda: \"><span>Alejo Vidal-Quadras<\/span><\/dd>\n<dd class=\"createdby hasTooltip\" title=\"Escrito por \"><span>Alejo Vidal-Quadras<\/span><span><span><img decoding=\"async\" src=\"https:\/\/www.mediterraneodigital.com\/\/templates\/ja_good\/images\/logo.png\" alt=\"logo\"><\/span><\/span><\/dd>\n<dd class=\"published hasTooltip\" title=\"Publicado: \"><time datetime=\"2021-04-21T13:05:15+02:00\"><br \/>\n\t\t\t\t\t21 Abril 2021          <\/time><\/dd>\n<\/dl>\n<\/aside>\n<header class=\"article-header clearfix\">\n<h1 class=\"article-title\"><a href=\"https:\/\/www.mediterraneodigital.com\/opinion\/columnistas-de-opinion\/alejo-vidal-quadras\/madrid-nos-mata\" title=\"Madrid nos mata\"><br \/>\n\t\t\t\tMadrid nos mata<\/a><\/h1>\n<\/header>\n<div class=\"pull-none item-image article-image article-image-full\"><span><img decoding=\"async\" src=\"https:\/\/www.mediterraneodigital.com\/images\/2021\/4\/pujol.jpg\" alt><\/span><\/div>\n<section class=\"article-content clearfix\">\n<p><strong>\u2666\u00a0<a href=\"https:\/\/t.me\/MediterraneoDGT\" target=\"_blank\" rel=\"noopener\">\u00a1S\u00edguenos en Telegram!<\/a><\/strong><\/p>\n<p><a href=\"https:\/\/fueradelimites.com\/resena\/\"><img decoding=\"async\" id=\"resenas-de-casinos-300x250\" alt=\"resenas-de-casinos\" src=\"https:\/\/www.mediterraneodigital.com\/images\/banners\/resenas-de-casinos-300x250.png\" width='300\"' height=\"250\"><\/a><\/p>\n<p>En la \u00e9poca de la famosa movida madrile\u00f1a se hizo popular la frase <strong>&#8216;Madrid me mata&#8217;<\/strong> entre los castizos de la contracultura musical que ven\u00eda a significar los gratificantes excesos de la urbe.<\/p>\n<p>En 1993, un a\u00f1o despu\u00e9s de que volviese a perder las elecciones generales, el <strong>PP<\/strong> gan\u00f3 las elecciones al <strong>Parlamento Europeo<\/strong> y en <strong>Catalu\u00f1a<\/strong> ocurri\u00f3 algo extraordinario: el <strong>PPC<\/strong> super\u00f3 en 5.000 votos al <strong>PSC<\/strong>. En las auton\u00f3micas catalanas de 1995, <strong>CIU<\/strong> perdi\u00f3 la mayor\u00eda absoluta y baj\u00f3 diez esca\u00f1os, el <strong>PSC<\/strong> baj\u00f3 otros seis y el <strong>PPC<\/strong> subi\u00f3 diez, obteniendo diecisiete con un porcentaje de voto que nunca m\u00e1s conseguir\u00eda.<\/p>\n<p><a href=\"https:\/\/www.webapuestas.com\/casas-apuestas?utm_source=300x300&amp;utm_medium=MediterraneoDigital&amp;utm_campaign=CasasdeApuestas\"><img decoding=\"async\" id=\"casas-de-apuestas-webapuestas-300x300\" alt=\"casas-de-apuestas-webapuestas-300x300\" src=\"https:\/\/www.mediterraneodigital.com\/images\/banners\/casas-apuestas-webapuestas.png\" width='300\"' height=\"300\"><\/a><\/p>\n<p>Podemos preguntarnos c\u00f3mo el <strong>PPC<\/strong> pudo cosechar esa serie de votos provenientes de partidos tan ajenos que, al menos en parte, podr\u00edan haberse ido a la abstenci\u00f3n. Su presidente, <strong>Alejo Vidal-Quadras<\/strong> llevaba a\u00f1os aplicando una pol\u00edtica propia e independiente, transversal, buscando aglutinar miles de votos de ciudadanos, de uno u otro partido, que quer\u00edan seguir siendo espa\u00f1oles, educar a sus hijos en la lengua que eligiesen y cre\u00edan en una <strong>Catalu\u00f1a<\/strong> plural. No se dedic\u00f3 a dar mandoblazos sin m\u00e1s al <strong>PSOE<\/strong>, sino a lo dicho. Ese camino, mientras la direcci\u00f3n nacional lo permiti\u00f3, logr\u00f3 que el <strong>PPC<\/strong> pasase de 120 concejales en la autonom\u00eda a cuatrocientos ochenta, de tres en <strong>Barcelona<\/strong> a seis.<\/p>\n<h2>Comienza el declive<\/h2>\n<p>A partir de la neutralizaci\u00f3n pol\u00edtica que el <strong>PPC<\/strong> sufri\u00f3 por parte de <strong>Pujol<\/strong> como pago de su apoyo a <strong>Aznar<\/strong>, el partido comenz\u00f3 una etapa de declive. En las siguientes auton\u00f3micas se perdieron cinco esca\u00f1os y solo el prestigio que aport\u00f3 la gesti\u00f3n de <strong>Aznar<\/strong> fren\u00f3 la ca\u00edda.<\/p>\n<p><a href=\"https:\/\/estacerca.com\/casinos-con-retirada-instantanea\/\"><img decoding=\"async\" id=\"Casinos con retiro inmediato\" alt=\"Casinos con retiro inmediato\" src=\"https:\/\/www.mediterraneodigital.com\/images\/banners\/casinos-con-retiro-inmediato.png\" width='300\"' height=\"250\"><\/a><\/p>\n<p>En una ocasi\u00f3n posterior, la direcci\u00f3n nacional del <strong>PP<\/strong> ofreci\u00f3 a <strong>CIU<\/strong> la desaparici\u00f3n del <strong>PPC<\/strong> dejando todo el espectro del centro derecha en manos de <strong>Pujol<\/strong>. La oferta fue rechazada. El <strong>PP<\/strong> opt\u00f3 por disputarle el electorado sociol\u00f3gico que ambos compart\u00edan y se nombr\u00f3 presidente del <strong>PPC<\/strong> al prestigioso<strong> Josep Piqu\u00e9<\/strong>, que inici\u00f3 un sutil acercamiento a las posiciones nacionalistas acentuando el perfil catalanista del partido.<\/p>\n<p>En las posteriores auton\u00f3micas subi\u00f3 tres esca\u00f1os. En <strong>Catalu\u00f1a<\/strong> se form\u00f3 el primer tripartito, reeditado en 2006. En las siguientes auton\u00f3micas el escarmentado electorado catal\u00e1n permiti\u00f3 a <strong>Artur Mas<\/strong> recuperar la presidencia y a <strong>Alicia S\u00e1nchez-Camacho<\/strong> conseguir 18 diputados. En las siguientes auton\u00f3micas, ya con un programa netamente independentista, <strong>Mas<\/strong> perdi\u00f3 doce esca\u00f1os y <strong>S\u00e1nchez-Camacho<\/strong>, ante lo que se les ven\u00eda encima a nuestros votantes, obtuvo diecinueve. La esperanza en que el <strong>Gobierno Rajoy<\/strong> amparase a los no independentistas jug\u00f3 a favor de este resultado. La posterior decepci\u00f3n otorg\u00f3 a <strong>Garc\u00eda Albiol<\/strong> ocho esca\u00f1os y a <strong>In\u00e9s Arrimadas<\/strong> 25, que posteriormente pasaron a ser cuatro para el <strong>PPC<\/strong> y treinta y seis para <strong>Ciudadanos<\/strong>.<\/p>\n<p><a href=\"https:\/\/clsmining.com\/xml\/index.html#\/\"><img decoding=\"async\" id=\"cls-mining.gif\" alt=\"cls-mining.gif\" src=\"https:\/\/www.mediterraneodigital.com\/images\/banners\/cls-mining.gif\" width='300\"' height=\"250\"><\/a><\/p>\n<h2>El refuerzo de Murcia<\/h2>\n<p>Acabamos de ver, en el \u00e1mbito de otros partidos, los resultados que para <strong>Ciudadanos<\/strong> ha tenido en <strong>Murcia<\/strong> la \u201cmano\u201d de <strong>Madrid<\/strong> y como en la imparable ca\u00edda de <strong>Podemos<\/strong> el directorio de su l\u00edder les han dejado pr\u00e1cticamente sin estructura en lo que el llama el <strong>Estado<\/strong>. En cuanto al <strong>PSOE<\/strong> , su \u201cmanita\u201c en <strong>Murcia<\/strong> ha acabado reforzando al <strong>PP<\/strong> local.<\/p>\n<p>Volviendo a lo nuestro: la \u00fanica manera de evitar <strong>\u201cMadrid me mata\u201d<\/strong> es, adem\u00e1s de ahorrarnos los esc\u00e1ndalos en periodo electoral, restablecer una estructura de partido en <strong>Barcelona<\/strong> y comarcas para reiniciar el contacto y la ilusi\u00f3n con los antiguos votantes y generar una pol\u00edtica independiente, evidentemente no en colisi\u00f3n con la direcci\u00f3n nacional, pero al servicio de los catalanes, y no ligada a los intereses de la calle <strong>G\u00e9nova<\/strong>. Una pol\u00edtica con un cuerpo de pensamiento propio que el presidente <strong>Alejandro Fern\u00e1ndez<\/strong> est\u00e1 en condiciones de articular. Recientemente <strong>Casado<\/strong> ha interpelado a los catalanistas ajenos al proc\u00e9s invit\u00e1ndoles a compartir un proyecto de seny en el que quepamos todos. Esperemos que escuche al <strong>PPC<\/strong>.<\/p>\n<p>\u00bfDuda alguien de que si, con ocasi\u00f3n de las leyes de desconexi\u00f3n del <strong>Parlament<\/strong>, la declaraci\u00f3n unilateral de independencia y el establecimiento de la rep\u00fablica catalana, <strong>Alejandro Fern\u00e1ndez<\/strong> hubiera podido salir solemnemente a solicitar al presidente del <strong>Gobierno<\/strong> de <strong>Espa\u00f1a<\/strong> la defensa de la <strong>Naci\u00f3n Espa\u00f1ola<\/strong> y los derechos de la mayor\u00eda de catalanes no se habr\u00eda convertido en el universal referente del constitucionalismo catal\u00e1n? Aunque luego el <strong>Sr. Rajoy<\/strong> hubiera hecho lo que creyese oportuno, que para eso era el presidente.<\/p>\n<div id=\"author_infobox\">\n<div class=\"author_infobox_image_profile\"><img decoding=\"async\" src=\"https:\/\/www.mediterraneodigital.com\/images\/columnistas\/vidal-quadras.jpg\" alt=\"Alejo Vidal-Quadras\"><\/div>\n<div class=\"author_infobox_name\"><span class=\"bold\">Autor:<\/span> Alejo Vidal-Quadras<\/div>\n<div class=\"author_infobox_socialmedia\"><span class=\"twitter\"><a href=\"https:\/\/twitter.com\/VidalQuadras\" title=\"Twitter\" target=\"_blank\"><img decoding=\"async\" src=\"https:\/\/www.mediterraneodigital.com\/plugins\/content\/authorinfobox\/images\/twitter.png\" alt><\/a><\/span><\/div>\n<div class=\"author_infobox_description\">Alejo Vidal-Quadras &#8211; (Barcelona, 1945), Doctor en Ciencias F\u00edsicas y Catedr\u00e1tico de F\u00edsica At\u00f3mica y Nuclear, desarroll\u00f3 entre 1968 y 1989 una fecunda trayectoria en los campos de su especialidad: la F\u00edsica de las Radiaciones, la Radioactividad Ambiental y la Radioprotecci\u00f3n. Ha ejercido su labor investigadora y docente en la Universidad de Barcelona, en la Universidad Aut\u00f3noma de Barcelona, en el Centre de Recherches Nucl\u00e9aires de Estrasburgo y en el University College de Dubl\u00edn. Ha sido Senador en representaci\u00f3n del Parlamento de Catalu\u00f1a y presidente de la comisi\u00f3n de Educaci\u00f3n y Cultura del Senado entre otras responsabilidades institucionales. Fue presidente del Partido Popular de Catalu\u00f1a durante el per\u00edodo 1991-1996 y candidato a la presidencia de la Generalitat en 1992 y 1995. Vidal-Quadras fue Diputado del Parlamento Europeo y Vicepresidente de dicha C\u00e1mara de 1999 a 2014, donde fue asimismo miembro particularmente activo de la Comisi\u00f3n de Industria, Energ\u00eda e Investigaci\u00f3n. En abril de 2008 recibi\u00f3 la Orden nacional francesa de la Legi\u00f3n de Honor en la categor\u00eda de Oficial, por su decisiva labor legislativa en el campo de la energ\u00eda. Entre sus libros podemos citar &#8216;Cuesti\u00f3n de fondo&#8217; (1993), &#8216;En el fragor del bien y del mal&#8217; (1997), &#8216;Amar\u00e1s a tu tribu (1998), y &#8216;La Constituci\u00f3n traicionada&#8217; (2006). Es colaborador habitual de diversos medios de comunicaci\u00f3n como MEDITERR\u00c1NEO DIGITAL, La Gaceta, Libertad Digital y tertuliano del programa de televisi\u00f3n &#8216;El Gato al agua&#8217; (Toro TV).<\/div>\n<\/div>\n<p><br class=\"clear\"><\/section>\n<\/article>\n<p> Source URL: https:\/\/www.mediterraneodigital.com\/opinion\/columnistas-de-opinion\/alejo-vidal-quadras\/madrid-nos-mata<\/p>\n","protected":false},"excerpt":{"rendered":"<p>Columnistas de opini\u00f3n Alejo Vidal-Quadras Alejo Vidal-Quadras 21 Abril 2021 Madrid nos mata \u2666\u00a0\u00a1S\u00edguenos en Telegram! En la \u00e9poca de la famosa movida madrile\u00f1a se hizo popular la frase &#8216;Madrid me mata&#8217; entre los castizos de la contracultura musical que ven\u00eda a significar los gratificantes excesos de la urbe. En 1993, un a\u00f1o despu\u00e9s de [&hellip;]<\/p>\n","protected":false},"author":1,"featured_media":0,"comment_status":"open","ping_status":"","sticky":false,"template":"","format":"standard","meta":{"footnotes":""},"categories":[88],"tags":[109],"class_list":["post-842220","post","type-post","status-publish","format-standard","hentry","category-spain","tag-mediterraneodigital-com"],"_links":{"self":[{"href":"https:\/\/analyse.optim.biz\/index.php?rest_route=\/wp\/v2\/posts\/842220","targetHints":{"allow":["GET"]}}],"collection":[{"href":"https:\/\/analyse.optim.biz\/index.php?rest_route=\/wp\/v2\/posts"}],"about":[{"href":"https:\/\/analyse.optim.biz\/index.php?rest_route=\/wp\/v2\/types\/post"}],"author":[{"embeddable":true,"href":"https:\/\/analyse.optim.biz\/index.php?rest_route=\/wp\/v2\/users\/1"}],"replies":[{"embeddable":true,"href":"https:\/\/analyse.optim.biz\/index.php?rest_route=%2Fwp%2Fv2%2Fcomments&post=842220"}],"version-history":[{"count":0,"href":"https:\/\/analyse.optim.biz\/index.php?rest_route=\/wp\/v2\/posts\/842220\/revisions"}],"wp:attachment":[{"href":"https:\/\/analyse.optim.biz\/index.php?rest_route=%2Fwp%2Fv2%2Fmedia&parent=842220"}],"wp:term":[{"taxonomy":"category","embeddable":true,"href":"https:\/\/analyse.optim.biz\/index.php?rest_route=%2Fwp%2Fv2%2Fcategories&post=842220"},{"taxonomy":"post_tag","embeddable":true,"href":"https:\/\/analyse.optim.biz\/index.php?rest_route=%2Fwp%2Fv2%2Ftags&post=842220"}],"curies":[{"name":"wp","href":"https:\/\/api.w.org\/{rel}","templated":true}]}}