{"id":842219,"date":"2025-12-04T10:44:08","date_gmt":"2025-12-04T07:44:08","guid":{"rendered":"https:\/\/analyse.optim.biz\/?p=842219"},"modified":"2025-12-04T10:44:08","modified_gmt":"2025-12-04T07:44:08","slug":"el-estado-exprimidor","status":"publish","type":"post","link":"https:\/\/analyse.optim.biz\/?p=842219","title":{"rendered":"El Estado exprimidor"},"content":{"rendered":"<article>\n<aside class=\"article-aside clearfix\">\n<dl class=\"article-info  muted\">\n<dd class=\"parent-category-name hasTooltip\" title=\"Categor\u00eda de nivel principal o ra\u00edz: \"><span>Columnistas de opini\u00f3n<\/span><\/dd>\n<dd class=\"category-name hasTooltip\" title=\"Categor\u00eda: \"><span>Alejo Vidal-Quadras<\/span><\/dd>\n<dd class=\"createdby hasTooltip\" title=\"Escrito por \"><span>Alejo Vidal-Quadras<\/span><span><span><img decoding=\"async\" src=\"https:\/\/www.mediterraneodigital.com\/\/templates\/ja_good\/images\/logo.png\" alt=\"logo\"><\/span><\/span><\/dd>\n<dd class=\"published hasTooltip\" title=\"Publicado: \"><time datetime=\"2021-08-17T13:15:36+02:00\"><br \/>\n\t\t\t\t\t17 Agosto 2021          <\/time><\/dd>\n<\/dl>\n<\/aside>\n<header class=\"article-header clearfix\">\n<h1 class=\"article-title\"><a href=\"https:\/\/www.mediterraneodigital.com\/opinion\/columnistas-de-opinion\/alejo-vidal-quadras\/el-estado-exprimidor\" title=\"El Estado exprimidor\"><br \/>\n\t\t\t\tEl Estado exprimidor<\/a><\/h1>\n<\/header>\n<div class=\"tags\"><span class=\"tag-16 tag-list0\"><a href=\"https:\/\/www.mediterraneodigital.com\/component\/tags\/tag\/pedro-sanchez\" class=\"label label-info\"><br \/>\n\t\t\t\t\t\tPedro S\u00e1nchez\t\t\t\t\t<\/a><\/span><\/div>\n<div class=\"pull-none item-image article-image article-image-full\"><span><img decoding=\"async\" src=\"https:\/\/www.mediterraneodigital.com\/images\/2021\/8\/sanchez-rufian.jpg\" alt><\/span><\/div>\n<section class=\"article-content clearfix\">\n<p><strong><a href=\"https:\/\/t.me\/MediterraneoDGT\" target=\"_blank\" rel=\"noopener\">\u00a1S\u00edguenos en Telegram!<\/a><\/strong><\/p>\n<p><a href=\"https:\/\/fueradelimites.com\/resena\/\"><img decoding=\"async\" id=\"resenas-de-casinos-300x250\" alt=\"resenas-de-casinos\" src=\"https:\/\/www.mediterraneodigital.com\/images\/banners\/resenas-de-casinos-300x250.png\" width='300\"' height=\"250\"><\/a><\/p>\n<p>La \u00faltima pol\u00e9mica trucada con la que el peor <strong>Gobierno<\/strong> que ha padecido <strong>Espa\u00f1a<\/strong> por lo menos desde la <strong>Transici\u00f3n<\/strong> -no hay que remontarse a fechas anteriores para no desviar el tiro- nos est\u00e1 castigando, agravando as\u00ed los rigores t\u00e9rmicos del est\u00edo, consiste en atribuir a la <strong>Comunidad de Madrid<\/strong> por una parte un beneficio indebido por albergar a la capital del <strong>Reino<\/strong> y por otra la perpetraci\u00f3n de un maligno<em> dumping fiscal<\/em>, en detrimento ambas cosas del resto de <strong>Espa\u00f1a<\/strong>. El primero en blandir tan venenosos argumentos, impregnados los dos de envidia y de resentimiento por la comparaci\u00f3n del fracaso propio con el \u00e9xito ajeno, fue el diputado <strong>Rufi\u00e1n<\/strong>, militante incongruente en un partido que desprecia a los que por sus or\u00edgenes geogr\u00e1ficos y preferencias ling\u00fc\u00edsticas deber\u00eda considerar compa\u00f1eros oprimidos y no enemigos a reeducar o a expulsar de <strong>Catalu\u00f1a<\/strong>.<\/p>\n<p>Siguiendo esta sulfurosa estela , el manifiestamente incompetente presidente de la <strong>Comunidad Valenciana<\/strong>, otro ejemplo de sumisi\u00f3n cobarde al nacionalismo catal\u00e1n, ha introducido la peregrina idea de que <strong>Madrid<\/strong>, que ya sufraga la porci\u00f3n mayoritaria de la solidaridad territorial, tendr\u00eda que <em>\u201ccompensar\u201d<\/em> a las dem\u00e1s <strong>Autonom\u00edas<\/strong> por disfrutar del efecto de capitalidad, mediante un tributo especial que, <em>oh<\/em> manes socialistas, se impondr\u00eda a los madrile\u00f1os<em> \u201cm\u00e1s ricos\u201d<\/em>, l\u00e9ase a todos. Sin que la lista de <em>madrile\u00f1\u00f3fobos<\/em> acabe aqu\u00ed, se han sumado al rabioso tropel dos ministros, la de <strong>Hacienda<\/strong>, <strong>Mar\u00eda Jes\u00fas Montero<\/strong>, y el de <strong>Seguridad Social, Jos\u00e9 Luis Escriv\u00e1<\/strong>, comentando elogiosamente el ataque a la <strong>Villa<\/strong> y <strong>Corte<\/strong>, y anunciando medidas para que se plasme en disposiciones legales. De la primera poco se puede esperar vista su prosodia, pero el segundo era un hombre inteligente, riguroso y decente hasta que entr\u00f3 a formar parte del <strong>Gabinete S\u00e1nchez<\/strong>, confirmando que aquel que entra en contacto con el aura mef\u00edtica del inquilino de <strong>La Moncloa<\/strong> sufre transformaciones mentales y fisiol\u00f3gicas irreversibles y no precisamente en la buena direcci\u00f3n.<\/p>\n<p><a href=\"https:\/\/www.webapuestas.com\/casas-apuestas?utm_source=300x300&amp;utm_medium=MediterraneoDigital&amp;utm_campaign=CasasdeApuestas\"><img decoding=\"async\" id=\"casas-de-apuestas-webapuestas-300x300\" alt=\"casas-de-apuestas-webapuestas-300x300\" src=\"https:\/\/www.mediterraneodigital.com\/images\/banners\/casas-apuestas-webapuestas.png\" width='300\"' height=\"300\"><\/a><\/p>\n<h2>Bajo el signo de la degradaci\u00f3n<\/h2>\n<p>Uno de los misterios de esta etapa pol\u00edtica patria es qu\u00e9 incomprensibles motivaciones llevaron a gente de notable nivel, como al mencionado tutelador de las pensiones o a <strong>Nadia Calvi\u00f1o<\/strong> o a <strong>Luis Planas<\/strong>, a caer en la degradaci\u00f3n de ser comandados por el mayor mentiroso de la <strong>Europa<\/strong> contempor\u00e1nea. En el caso de <strong>Luis Planas<\/strong>, persona por la que siento respeto y afecto, adivino la verg\u00fcenza que le atenaza porque apenas asoma en los medios, intentando con su extrema discreci\u00f3n hacernos olvidar su triste situaci\u00f3n.<\/p>\n<p>La verdad es que <strong>Madrid<\/strong> prospera en mayor medida que la med\u00eda de las <strong>Comunidades Aut\u00f3nomas<\/strong> espa\u00f1olas porque sus sucesivos gobiernos han aplicado a lo largo de las \u00faltimas dos d\u00e9cadas un modelo econ\u00f3mico que ha atra\u00eddo inversiones y talento, lo que ha redundado en una apreciable actividad empresarial y profesional y tambi\u00e9n, vaya sorpresa, en una caudalosa recaudaci\u00f3n fiscal que le permite ser el principal pilar del bienestar social del conjunto nacional. Si los mezquinos reproches de los que se aferran a f\u00f3rmulas fracasadas encuentran eco en la presente mayor\u00eda parlamentaria de <em>sanchistas<\/em> -que no socialistas-, comunistas y separatistas, y <strong>Madrid<\/strong> es forzada a abandonar la senda del acierto para sumarse a los errores de los dem\u00e1s, <strong>Espa\u00f1a<\/strong> bloquear\u00e1 su principal motor de creaci\u00f3n de riqueza para pasar a empobrecerse lamentablemente.<\/p>\n<p><a href=\"https:\/\/estacerca.com\/casinos-con-retirada-instantanea\/\"><img decoding=\"async\" id=\"Casinos con retiro inmediato\" alt=\"Casinos con retiro inmediato\" src=\"https:\/\/www.mediterraneodigital.com\/images\/banners\/casinos-con-retiro-inmediato.png\" width='300\"' height=\"250\"><\/a><\/p>\n<p>La pista para entender este debate nos la da la auditor\u00eda independiente que el <strong>Gobierno<\/strong> de <strong>Juanma Moreno<\/strong> est\u00e1 realizando para aclarar la dimensi\u00f3n, la estructura y el coste de la llamada administraci\u00f3n paralela que el socialismo andaluz construy\u00f3 incansable durante los cuarenta a\u00f1os en los que fue la fuerza hegem\u00f3nica en la <strong>Tierra<\/strong> de <strong>Mar\u00eda Sant\u00edsima<\/strong>. Los hallazgos que vamos conociendo son muy reveladores. Agencias infladas en presupuesto y personal con sueldos desorbitados, proliferaci\u00f3n de entidades de todo tipo carentes de valor a\u00f1adido o de utilidad visible para colocar a correligionarios, amigos y parientes, subvenciones a chorro sin otro resultado que alimentar clientelas electorales o nutrir prejuicios ideol\u00f3gicos, en suma, un despilfarro monumental que no es extra\u00f1o que haya ido sistem\u00e1ticamente unido a uno de los m\u00e1s abultados \u00edndices de desempleo de la pen\u00ednsula.<\/p>\n<p>La jaur\u00eda que se ha lanzado sobre la <strong>Comunidad de Madrid<\/strong>, decidida a acabar con su ejemplar trayectoria, nos recuerda cu\u00e1l es el problema nuclear de la <strong>Espa\u00f1a<\/strong> de hoy, un elefanti\u00e1sico <strong>Estado<\/strong> exprimidor de los ciudadanos al servicio de los partidos pol\u00edticos y no del inter\u00e9s general. A su correcci\u00f3n y enderezamiento deber\u00edan dedicar sus m\u00e1s intensas energ\u00edas las dos principales fuerzas comprometidas, se supone, con la libertad, el Imperio de la ley y la racionalidad econ\u00f3mica, en vez de perderse en f\u00fatiles batallitas que s\u00f3lo favorecen a los que pugnan por esquilmar y fragmentar a nuestra desdichada <strong>Naci\u00f3n<\/strong>.<\/p>\n<p><a href=\"https:\/\/clsmining.com\/xml\/index.html#\/\"><img decoding=\"async\" id=\"cls-mining.gif\" alt=\"cls-mining.gif\" src=\"https:\/\/www.mediterraneodigital.com\/images\/banners\/cls-mining.gif\" width='300\"' height=\"250\"><\/a><\/p>\n<div id=\"author_infobox\">\n<div class=\"author_infobox_image_profile\"><img decoding=\"async\" src=\"https:\/\/www.mediterraneodigital.com\/images\/columnistas\/vidal-quadras.jpg\" alt=\"Alejo Vidal-Quadras\"><\/div>\n<div class=\"author_infobox_name\"><span class=\"bold\">Autor:<\/span> Alejo Vidal-Quadras<\/div>\n<div class=\"author_infobox_socialmedia\"><span class=\"twitter\"><a href=\"https:\/\/twitter.com\/VidalQuadras\" title=\"Twitter\" target=\"_blank\"><img decoding=\"async\" src=\"https:\/\/www.mediterraneodigital.com\/plugins\/content\/authorinfobox\/images\/twitter.png\" alt><\/a><\/span><\/div>\n<div class=\"author_infobox_description\">Alejo Vidal-Quadras &#8211; (Barcelona, 1945), Doctor en Ciencias F\u00edsicas y Catedr\u00e1tico de F\u00edsica At\u00f3mica y Nuclear, desarroll\u00f3 entre 1968 y 1989 una fecunda trayectoria en los campos de su especialidad: la F\u00edsica de las Radiaciones, la Radioactividad Ambiental y la Radioprotecci\u00f3n. Ha ejercido su labor investigadora y docente en la Universidad de Barcelona, en la Universidad Aut\u00f3noma de Barcelona, en el Centre de Recherches Nucl\u00e9aires de Estrasburgo y en el University College de Dubl\u00edn. Ha sido Senador en representaci\u00f3n del Parlamento de Catalu\u00f1a y presidente de la comisi\u00f3n de Educaci\u00f3n y Cultura del Senado entre otras responsabilidades institucionales. Fue presidente del Partido Popular de Catalu\u00f1a durante el per\u00edodo 1991-1996 y candidato a la presidencia de la Generalitat en 1992 y 1995. Vidal-Quadras fue Diputado del Parlamento Europeo y Vicepresidente de dicha C\u00e1mara de 1999 a 2014, donde fue asimismo miembro particularmente activo de la Comisi\u00f3n de Industria, Energ\u00eda e Investigaci\u00f3n. En abril de 2008 recibi\u00f3 la Orden nacional francesa de la Legi\u00f3n de Honor en la categor\u00eda de Oficial, por su decisiva labor legislativa en el campo de la energ\u00eda. Entre sus libros podemos citar &#8216;Cuesti\u00f3n de fondo&#8217; (1993), &#8216;En el fragor del bien y del mal&#8217; (1997), &#8216;Amar\u00e1s a tu tribu (1998), y &#8216;La Constituci\u00f3n traicionada&#8217; (2006). Es colaborador habitual de diversos medios de comunicaci\u00f3n como MEDITERR\u00c1NEO DIGITAL, La Gaceta, Libertad Digital y tertuliano del programa de televisi\u00f3n &#8216;El Gato al agua&#8217; (Toro TV).<\/div>\n<\/div>\n<p><br class=\"clear\"><\/section>\n<\/article>\n<p> Source URL: https:\/\/www.mediterraneodigital.com\/opinion\/columnistas-de-opinion\/alejo-vidal-quadras\/el-estado-exprimidor<\/p>\n","protected":false},"excerpt":{"rendered":"<p>Columnistas de opini\u00f3n Alejo Vidal-Quadras Alejo Vidal-Quadras 17 Agosto 2021 El Estado exprimidor Pedro S\u00e1nchez \u00a1S\u00edguenos en Telegram! La \u00faltima pol\u00e9mica trucada con la que el peor Gobierno que ha padecido Espa\u00f1a por lo menos desde la Transici\u00f3n -no hay que remontarse a fechas anteriores para no desviar el tiro- nos est\u00e1 castigando, agravando as\u00ed [&hellip;]<\/p>\n","protected":false},"author":1,"featured_media":0,"comment_status":"open","ping_status":"","sticky":false,"template":"","format":"standard","meta":{"footnotes":""},"categories":[88],"tags":[109],"class_list":["post-842219","post","type-post","status-publish","format-standard","hentry","category-spain","tag-mediterraneodigital-com"],"_links":{"self":[{"href":"https:\/\/analyse.optim.biz\/index.php?rest_route=\/wp\/v2\/posts\/842219","targetHints":{"allow":["GET"]}}],"collection":[{"href":"https:\/\/analyse.optim.biz\/index.php?rest_route=\/wp\/v2\/posts"}],"about":[{"href":"https:\/\/analyse.optim.biz\/index.php?rest_route=\/wp\/v2\/types\/post"}],"author":[{"embeddable":true,"href":"https:\/\/analyse.optim.biz\/index.php?rest_route=\/wp\/v2\/users\/1"}],"replies":[{"embeddable":true,"href":"https:\/\/analyse.optim.biz\/index.php?rest_route=%2Fwp%2Fv2%2Fcomments&post=842219"}],"version-history":[{"count":0,"href":"https:\/\/analyse.optim.biz\/index.php?rest_route=\/wp\/v2\/posts\/842219\/revisions"}],"wp:attachment":[{"href":"https:\/\/analyse.optim.biz\/index.php?rest_route=%2Fwp%2Fv2%2Fmedia&parent=842219"}],"wp:term":[{"taxonomy":"category","embeddable":true,"href":"https:\/\/analyse.optim.biz\/index.php?rest_route=%2Fwp%2Fv2%2Fcategories&post=842219"},{"taxonomy":"post_tag","embeddable":true,"href":"https:\/\/analyse.optim.biz\/index.php?rest_route=%2Fwp%2Fv2%2Ftags&post=842219"}],"curies":[{"name":"wp","href":"https:\/\/api.w.org\/{rel}","templated":true}]}}