{"id":842148,"date":"2025-12-04T10:10:58","date_gmt":"2025-12-04T07:10:58","guid":{"rendered":"https:\/\/analyse.optim.biz\/?p=842148"},"modified":"2025-12-04T10:10:58","modified_gmt":"2025-12-04T07:10:58","slug":"sin-prisa-sin-pausa-y-sin-verguenza","status":"publish","type":"post","link":"https:\/\/analyse.optim.biz\/?p=842148","title":{"rendered":"Sin prisa, sin pausa y sin verg\u00fcenza"},"content":{"rendered":"<article>\n<aside class=\"article-aside clearfix\">\n<dl class=\"article-info  muted\">\n<dd class=\"parent-category-name hasTooltip\" title=\"Categor\u00eda de nivel principal o ra\u00edz: \"><span>Columnistas de opini\u00f3n<\/span><\/dd>\n<dd class=\"category-name hasTooltip\" title=\"Categor\u00eda: \"><span>Alejo Vidal-Quadras<\/span><\/dd>\n<dd class=\"createdby hasTooltip\" title=\"Escrito por \"><span>Alejo Vidal-Quadras<\/span><span><span><img decoding=\"async\" src=\"https:\/\/www.mediterraneodigital.com\/\/templates\/ja_good\/images\/logo.png\" alt=\"logo\"><\/span><\/span><\/dd>\n<dd class=\"published hasTooltip\" title=\"Publicado: \"><time datetime=\"2021-10-11T10:29:21+02:00\"><br \/>\n\t\t\t\t\t11 Octubre 2021          <\/time><\/dd>\n<\/dl>\n<\/aside>\n<header class=\"article-header clearfix\">\n<h1 class=\"article-title\"><a href=\"https:\/\/www.mediterraneodigital.com\/opinion\/columnistas-de-opinion\/alejo-vidal-quadras\/mesa-de-negociacion\" title=\"Sin prisa, sin pausa y sin verg\u00fcenza\"><br \/>\n\t\t\t\tSin prisa, sin pausa y sin verg\u00fcenza<\/a><\/h1>\n<\/header>\n<div class=\"tags\"><span class=\"tag-16 tag-list0\"><a href=\"https:\/\/www.mediterraneodigital.com\/component\/tags\/tag\/pedro-sanchez\" class=\"label label-info\"><br \/>\n\t\t\t\t\t\tPedro S\u00e1nchez\t\t\t\t\t<\/a><\/span><\/div>\n<div class=\"pull-none item-image article-image article-image-full\"><span><img decoding=\"async\" src=\"https:\/\/www.mediterraneodigital.com\/images\/2021\/10\/pedro-sanchez-pere-aragones.jpg\" alt><\/span><\/div>\n<section class=\"article-content clearfix\">\n<p><span>\u2665\u00a0<\/span><strong><a href=\"https:\/\/t.me\/MediterraneoDGT\" target=\"_blank\" rel=\"noopener\">S\u00cdGUENOS EN TELEGRAM<\/a><\/strong><\/p>\n<p><a href=\"https:\/\/fueradelimites.com\/resena\/\"><img decoding=\"async\" id=\"resenas-de-casinos-300x250\" alt=\"resenas-de-casinos\" src=\"https:\/\/www.mediterraneodigital.com\/images\/banners\/resenas-de-casinos-300x250.png\" width='300\"' height=\"250\"><\/a><\/p>\n<p>La imagen de un presidente del <strong>Gobierno<\/strong> de <strong>Espa\u00f1a<\/strong> inclin\u00e1ndose reverente ante la ense\u00f1a de una parte de la <strong>Naci\u00f3n<\/strong> transformada por una caterva de delincuentes de baja estofa en emblema del peor ataque contra la unidad nacional desde la <strong>Transici\u00f3n<\/strong>, revolvi\u00f3 el est\u00f3mago de millones de espa\u00f1oles hartos de tanta ignominia, tanta indignidad y tanta traici\u00f3n. La denominada<em> &#8220;mesa de di\u00e1logo&#8221;<\/em> por <strong>Pedro S\u00e1nchez<\/strong> y <em>&#8220;mesa de negociaci\u00f3n&#8221;<\/em> por sus interlocutores separatistas es en s\u00ed misma un motivo de oprobio insoportable para cualquier ciudadano que no posea la p\u00e9trea faz del actual inquilino de <strong>La Moncloa<\/strong>. El encargado de defender el prestigio de <strong>Espa\u00f1a<\/strong> y la fortaleza de su orden constitucional acudi\u00f3 a <strong>Barcelona<\/strong> a humillarse y a humillarnos de paso al resto de sus compatriotas.<\/p>\n<p>M\u00e1s all\u00e1 de la ret\u00f3rica inane del <strong>Gobierno central<\/strong> y de las bravatas con sordina del insignificante presidente de la <strong>Generalitat<\/strong>, la verdadera clave de este encuentro en el que los dos participantes han rivalizado en mostrar al otro su dominio del m\u00e9todo <em><strong>Ollendorff<\/strong><\/em>, radica en el convencimiento de ambos de que se han embarcado en un puro ejercicio teatral sin sustancia alguna. En efecto, la exigencia de autodeterminaci\u00f3n y amnist\u00eda de <strong>Pere Aragon\u00e9s<\/strong> equivale a pedir la luna porque la <strong>Constituci\u00f3n<\/strong> es lo suficientemente expl\u00edcita en sus art\u00edculos 1.2, 2 y 62i como para demostrar que ni siquiera un <strong>Ejecutivo<\/strong> de la vileza del que hoy padecemos puede satisfacer semejantes demandas. Por tanto, lo que pretende la parte secesionista es simplemente imposible y de ah\u00ed que la conversaci\u00f3n debiera haberse terminado a los pocos minutos de empezar, pese a lo cual dur\u00f3 dos horas, demostrando as\u00ed la catadura de los contertulios. Del otro lado, lo que puede ofrecer <strong>S\u00e1nchez<\/strong> es m\u00e1s autogobierno, m\u00e1s competencias, m\u00e1s dinero y una retirada a\u00fan m\u00e1s pronunciada de la presencia del <strong>Estado<\/strong> en <strong>Catalu\u00f1a<\/strong>. Este tipo de propuesta no es de recibo para la contraparte golpista porque su hostil socio exiliado en <strong>Waterloo<\/strong> y las hordas de la <strong>CUP<\/strong> y de la <strong>ANC<\/strong> tronar\u00edan acus\u00e1ndola de <em>botiflera<\/em>, cobarde y vendida. La conclusi\u00f3n es que la tan cacareada mesa est\u00e1 irremisiblemente condenada al fracaso. La pregunta que surge de inmediato es: \u00bfpor qu\u00e9 entonces la han puesto en marcha y por lo que se ve tienen intenci\u00f3n de mantenerla activa? La respuesta se concreta en una sola palabra: tiempo.<\/p>\n<p><a href=\"https:\/\/www.webapuestas.com\/casas-apuestas?utm_source=300x300&amp;utm_medium=MediterraneoDigital&amp;utm_campaign=CasasdeApuestas\"><img decoding=\"async\" id=\"casas-de-apuestas-webapuestas-300x300\" alt=\"casas-de-apuestas-webapuestas-300x300\" src=\"https:\/\/www.mediterraneodigital.com\/images\/banners\/casas-apuestas-webapuestas.png\" width='300\"' height=\"300\"><\/a><\/p>\n<p>Por consiguiente, esta menesterosidad compartida les ha transformado en aliados forzosos y han de alargar la comedia un m\u00ednimo de dos a\u00f1os sea como sea<\/p>\n<p>Tanto <strong>S\u00e1nchez<\/strong> como <strong>Aragon\u00e9s<\/strong> necesitan tiempo como el aire que respiran. <strong>S\u00e1nchez<\/strong> lo necesita para durar, que es su \u00fanico y primordial objetivo, prolongar su mandato a cualquier precio hasta agotar la legislatura. A <strong>Aragon\u00e9s<\/strong> le es imprescindible disponer del suficiente margen para imponer su hegemon\u00eda en el campo insurrecto dobl\u00e1ndole el brazo a <strong>JuntsxCat<\/strong>, a<strong> Elisenda Paluzie<\/strong> y a la <strong>CUP<\/strong>. Por consiguiente, esta menesterosidad compartida les ha transformado en aliados forzosos y han de alargar la comedia un m\u00ednimo de dos a\u00f1os sea como sea. Desde esta perspectiva, se entiende perfectamente el planteamiento de <strong>Aragon\u00e9s<\/strong> de iniciar una serie de reuniones <em>&#8220;discretas&#8221;<\/em>, l\u00e9ase opacas, y el anuncio de <strong>S\u00e1nchez<\/strong> de que los contactos seguir\u00e1n<em> &#8220;sin plazos&#8221;<\/em>. Si los manejos que urdan permanecen secretos al abrigo de periodistas y de la oposici\u00f3n y no existe l\u00edmite temporal para el montaje, su utilidad como sost\u00e9n en el poder de los dos participantes se multiplica.<\/p>\n<p><a href=\"https:\/\/estacerca.com\/casinos-con-retirada-instantanea\/\"><img decoding=\"async\" id=\"Casinos con retiro inmediato\" alt=\"Casinos con retiro inmediato\" src=\"https:\/\/www.mediterraneodigital.com\/images\/banners\/casinos-con-retiro-inmediato.png\" width='300\"' height=\"250\"><\/a><\/p>\n<h2>Malos augurios en Moncloa<\/h2>\n<p>Es obvio que esta martingala muestra una considerable fragilidad ya que se ver\u00e1 sometida a los embates del <strong>PP<\/strong>, de <strong>Vox<\/strong>, de los partidarios de la v\u00eda unilateral y de los medios de comunicaci\u00f3n no comprados por el <strong>Gobierno<\/strong> que todav\u00eda resisten. Hasta cu\u00e1ndo podr\u00e1n aguantar los dos <strong>Ejecutivos<\/strong>, el central y el auton\u00f3mico, un fraude tan descarado, el futuro nos lo aclarar\u00e1, pero no tiene visos de tenerse en pie el largo per\u00edodo que persiguen sus protagonistas. Se ha apuntado que el encargado de armar jur\u00eddicamente el invento si al final cristaliza en un acuerdo ser\u00e1<strong> F\u00e9lix Bola\u00f1os<\/strong>, lo que teniendo en cuenta sus sonoros \u00e9xitos en los dos estados de alarma, no augura nada bueno para <strong>S\u00e1nchez<\/strong>.<\/p>\n<p>En cualquier caso, incluso si <strong>S\u00e1nchez<\/strong> consiguiera su prop\u00f3sito y <strong>ERC<\/strong> aceptase un trato que ensanchase a\u00fan en mayor medida el control de los nacionalistas sobre <strong>Catalu\u00f1a<\/strong> dotando a la <strong>Generalitat<\/strong> de m\u00e1s recursos y de m\u00e1s y m\u00e1s intensos instrumentos de autogobierno, todo lo que obtuvieran no ser\u00eda para ellos otra cosa que un nuevo paso hacia la independencia, de tal forma que en su pr\u00f3ximo intento estar\u00edan en condiciones m\u00e1s favorables de consumar su h\u00famedo sue\u00f1o de borrar a <strong>Espa\u00f1a<\/strong> del mapa.<\/p>\n<p><a href=\"https:\/\/clsmining.com\/xml\/index.html#\/\"><img decoding=\"async\" id=\"cls-mining.gif\" alt=\"cls-mining.gif\" src=\"https:\/\/www.mediterraneodigital.com\/images\/banners\/cls-mining.gif\" width='300\"' height=\"250\"><\/a><\/p>\n<p>En suma, que asistiremos a otro espect\u00e1culo degradante m\u00e1s de los muchos y diversos que nos viene ofreciendo el <em>sanchismo<\/em>, ese movimiento pol\u00edtico que combina magistralmente el narcisismo, la osad\u00eda, el rencor, la mentira y la total carencia de escr\u00fapulos.<\/p>\n<div id=\"author_infobox\">\n<div class=\"author_infobox_image_profile\"><img decoding=\"async\" src=\"https:\/\/www.mediterraneodigital.com\/images\/columnistas\/vidal-quadras.jpg\" alt=\"Alejo Vidal-Quadras\"><\/div>\n<div class=\"author_infobox_name\"><span class=\"bold\">Autor:<\/span> Alejo Vidal-Quadras<\/div>\n<div class=\"author_infobox_socialmedia\"><span class=\"twitter\"><a href=\"https:\/\/twitter.com\/VidalQuadras\" title=\"Twitter\" target=\"_blank\"><img decoding=\"async\" src=\"https:\/\/www.mediterraneodigital.com\/plugins\/content\/authorinfobox\/images\/twitter.png\" alt><\/a><\/span><\/div>\n<div class=\"author_infobox_description\">Alejo Vidal-Quadras &#8211; (Barcelona, 1945), Doctor en Ciencias F\u00edsicas y Catedr\u00e1tico de F\u00edsica At\u00f3mica y Nuclear, desarroll\u00f3 entre 1968 y 1989 una fecunda trayectoria en los campos de su especialidad: la F\u00edsica de las Radiaciones, la Radioactividad Ambiental y la Radioprotecci\u00f3n. Ha ejercido su labor investigadora y docente en la Universidad de Barcelona, en la Universidad Aut\u00f3noma de Barcelona, en el Centre de Recherches Nucl\u00e9aires de Estrasburgo y en el University College de Dubl\u00edn. Ha sido Senador en representaci\u00f3n del Parlamento de Catalu\u00f1a y presidente de la comisi\u00f3n de Educaci\u00f3n y Cultura del Senado entre otras responsabilidades institucionales. Fue presidente del Partido Popular de Catalu\u00f1a durante el per\u00edodo 1991-1996 y candidato a la presidencia de la Generalitat en 1992 y 1995. Vidal-Quadras fue Diputado del Parlamento Europeo y Vicepresidente de dicha C\u00e1mara de 1999 a 2014, donde fue asimismo miembro particularmente activo de la Comisi\u00f3n de Industria, Energ\u00eda e Investigaci\u00f3n. En abril de 2008 recibi\u00f3 la Orden nacional francesa de la Legi\u00f3n de Honor en la categor\u00eda de Oficial, por su decisiva labor legislativa en el campo de la energ\u00eda. Entre sus libros podemos citar &#8216;Cuesti\u00f3n de fondo&#8217; (1993), &#8216;En el fragor del bien y del mal&#8217; (1997), &#8216;Amar\u00e1s a tu tribu (1998), y &#8216;La Constituci\u00f3n traicionada&#8217; (2006). Es colaborador habitual de diversos medios de comunicaci\u00f3n como MEDITERR\u00c1NEO DIGITAL, La Gaceta, Libertad Digital y tertuliano del programa de televisi\u00f3n &#8216;El Gato al agua&#8217; (Toro TV).<\/div>\n<\/div>\n<p><br class=\"clear\"><\/section>\n<\/article>\n<p> Source URL: https:\/\/www.mediterraneodigital.com\/opinion\/columnistas-de-opinion\/alejo-vidal-quadras\/mesa-de-negociacion<\/p>\n","protected":false},"excerpt":{"rendered":"<p>Columnistas de opini\u00f3n Alejo Vidal-Quadras Alejo Vidal-Quadras 11 Octubre 2021 Sin prisa, sin pausa y sin verg\u00fcenza Pedro S\u00e1nchez \u2665\u00a0S\u00cdGUENOS EN TELEGRAM La imagen de un presidente del Gobierno de Espa\u00f1a inclin\u00e1ndose reverente ante la ense\u00f1a de una parte de la Naci\u00f3n transformada por una caterva de delincuentes de baja estofa en emblema del peor [&hellip;]<\/p>\n","protected":false},"author":1,"featured_media":0,"comment_status":"open","ping_status":"","sticky":false,"template":"","format":"standard","meta":{"footnotes":""},"categories":[88],"tags":[109],"class_list":["post-842148","post","type-post","status-publish","format-standard","hentry","category-spain","tag-mediterraneodigital-com"],"_links":{"self":[{"href":"https:\/\/analyse.optim.biz\/index.php?rest_route=\/wp\/v2\/posts\/842148","targetHints":{"allow":["GET"]}}],"collection":[{"href":"https:\/\/analyse.optim.biz\/index.php?rest_route=\/wp\/v2\/posts"}],"about":[{"href":"https:\/\/analyse.optim.biz\/index.php?rest_route=\/wp\/v2\/types\/post"}],"author":[{"embeddable":true,"href":"https:\/\/analyse.optim.biz\/index.php?rest_route=\/wp\/v2\/users\/1"}],"replies":[{"embeddable":true,"href":"https:\/\/analyse.optim.biz\/index.php?rest_route=%2Fwp%2Fv2%2Fcomments&post=842148"}],"version-history":[{"count":0,"href":"https:\/\/analyse.optim.biz\/index.php?rest_route=\/wp\/v2\/posts\/842148\/revisions"}],"wp:attachment":[{"href":"https:\/\/analyse.optim.biz\/index.php?rest_route=%2Fwp%2Fv2%2Fmedia&parent=842148"}],"wp:term":[{"taxonomy":"category","embeddable":true,"href":"https:\/\/analyse.optim.biz\/index.php?rest_route=%2Fwp%2Fv2%2Fcategories&post=842148"},{"taxonomy":"post_tag","embeddable":true,"href":"https:\/\/analyse.optim.biz\/index.php?rest_route=%2Fwp%2Fv2%2Ftags&post=842148"}],"curies":[{"name":"wp","href":"https:\/\/api.w.org\/{rel}","templated":true}]}}