{"id":842146,"date":"2025-12-04T10:10:24","date_gmt":"2025-12-04T07:10:24","guid":{"rendered":"https:\/\/analyse.optim.biz\/?p=842146"},"modified":"2025-12-04T10:10:24","modified_gmt":"2025-12-04T07:10:24","slug":"extremismos","status":"publish","type":"post","link":"https:\/\/analyse.optim.biz\/?p=842146","title":{"rendered":"Extremismos"},"content":{"rendered":"<article>\n<aside class=\"article-aside clearfix\">\n<dl class=\"article-info  muted\">\n<dd class=\"parent-category-name hasTooltip\" title=\"Categor\u00eda de nivel principal o ra\u00edz: \"><span>Columnistas de opini\u00f3n<\/span><\/dd>\n<dd class=\"category-name hasTooltip\" title=\"Categor\u00eda: \"><span>Alejo Vidal-Quadras<\/span><\/dd>\n<dd class=\"createdby hasTooltip\" title=\"Escrito por \"><span>Alejo Vidal-Quadras<\/span><span><span><img decoding=\"async\" src=\"https:\/\/www.mediterraneodigital.com\/\/templates\/ja_good\/images\/logo.png\" alt=\"logo\"><\/span><\/span><\/dd>\n<dd class=\"published hasTooltip\" title=\"Publicado: \"><time datetime=\"2022-02-12T12:53:49+01:00\"><br \/>\n\t\t\t\t\t12 Febrero 2022          <\/time><\/dd>\n<\/dl>\n<\/aside>\n<header class=\"article-header clearfix\">\n<h1 class=\"article-title\"><a href=\"https:\/\/www.mediterraneodigital.com\/opinion\/columnistas-de-opinion\/alejo-vidal-quadras\/extremismos\" title=\"Extremismos\"><br \/>\n\t\t\t\tExtremismos<\/a><\/h1>\n<\/header>\n<div class=\"pull-none item-image article-image article-image-full\"><span><img decoding=\"async\" src=\"https:\/\/www.mediterraneodigital.com\/images\/2022\/2\/extremismos.jpg\" alt><\/span><\/div>\n<section class=\"article-content clearfix\">\n<p>He seguido con divertido inter\u00e9s la pol\u00e9mica que iniciaron\u00a0<strong>Arcadi Espada<\/strong> y <strong>Federico Jim\u00e9nez Losantos<\/strong> sobre los extremismos patrios. Entrometerse en un choque argumental entre semejantes pesos pesados del panorama intelectual espa\u00f1ol equivale a intentar mediar en un combate entre un tigre de <strong>Bengala<\/strong> y un le\u00f3n del <strong>Serengueti<\/strong>, es decir, constituye a todas luces un ejercicio de alto riesgo, pero como los conozco muy bien a los dos desde hace muchos a\u00f1os y a ambos profeso un sincero y profundo afecto, al que ellos siempre muy amablemente han correspondido, me atrevo a echar mi cuarto a espadas en esta pol\u00e9mica. Hasta ahora, despu\u00e9s de que <strong>Arcadi<\/strong> abriera el fuego con una columna titulada<strong> \u201cPor el fin de la indecencia\u201d<\/strong>, sigui\u00f3 una r\u00e9plica de <strong>Federico<\/strong> en otra, situada en la misma p\u00e1gina y misma colocaci\u00f3n, de encabezamiento<strong> \u201cIndecencia sin fin\u201d<\/strong> a la que respondi\u00f3 <strong>Arcadi<\/strong> con una pieza denominada<strong> \u201cNo deber\u00eda perder guapeza\u201d<\/strong> y ha rematado hoy -escribo estas l\u00edneas el viernes- <strong>Federico<\/strong> con un texto al que ha bautizado con el ingenioso hallazgo <strong>\u201cCiudanader\u00edas\u201d<\/strong>. Veremos si el cruce de afiladas hojas dial\u00e9cticas sigue o si los contendientes tras dos en\u00e9rgicos mandobles cada uno dan el lance por zanjado.<\/p>\n<p><a href=\"https:\/\/fueradelimites.com\/resena\/\"><img decoding=\"async\" id=\"resenas-de-casinos-300x250\" alt=\"resenas-de-casinos\" src=\"https:\/\/www.mediterraneodigital.com\/images\/banners\/resenas-de-casinos-300x250.png\" width='300\"' height=\"250\"><\/a><\/p>\n<p>Se ha impuesto en nuestro decepcionante panorama pol\u00edtico un h\u00e1bito perverso, que es la sustituci\u00f3n de los razonamientos y los datos por las etiquetas. As\u00ed, muchos de los personajillos que pueblan parlamentos, ministerios, consejer\u00edas y consistorios, arremeten contra sus adversarios electorales con ep\u00edtetos del tipo \u201cultraderecha\u201d, \u201cultraizquierda\u201d, \u201cfranquista\u201d, \u201cfascista\u201d y lindezas reduccionistas de este tenor. Hay que decir que esta pr\u00e1ctica empobrecedora del debate p\u00fablico es netamente m\u00e1s abundante en los campos podemita, socialista y separatista que en la otra orilla del espectro ideol\u00f3gico, donde se intenta por lo menos de vez en cuando apelar al cerebro del votante y no a sus v\u00edsceras.<\/p>\n<p>Sorprendentemente en alguien tan despiadadamente racional como <strong>Arcadi<\/strong>, en su intercambio de perspectivas con <strong>Federico<\/strong> se deja llevar por el etiquetaje prescindiendo de la evidencia emp\u00edrica. Desde esta \u00f3ptica, los planteamientos de <strong>Federico<\/strong> son dif\u00edcilmente rebatibles. En efecto, \u00bfqui\u00e9nes son los extremistas, los que se al\u00edan con el separatismo, indultan a sediciosos, aceptan a los filoterroristas como mascota de compa\u00f1\u00eda, convierten nuestras fronteras en un coladero, abren viejas heridas ya cicatrizadas por la <strong>Transici\u00f3n<\/strong>, enfrentan aviesamente a hombres con mujeres, forman coalici\u00f3n con totalitarios comunistas y chavistas y pretenden vaciar los bolsillos de los sectores sociales que sostienen el pa\u00eds cruji\u00e9ndolos a impuestos, o los que act\u00faan en los tribunales para defender la <strong>Constituci\u00f3n<\/strong>, facilitan <strong>Ejecutivos<\/strong> sin entrar en el reparto del bot\u00edn, reclaman una fiscalidad no confiscatoria, abogan por la reconciliaci\u00f3n, afirman la unidad nacional, exigen medidas para el control de la inmigraci\u00f3n irregular y reclaman la igualdad ante la ley con independencia del sexo del justiciable?<\/p>\n<p><a href=\"https:\/\/www.webapuestas.com\/casas-apuestas?utm_source=300x300&amp;utm_medium=MediterraneoDigital&amp;utm_campaign=CasasdeApuestas\"><img decoding=\"async\" id=\"casas-de-apuestas-webapuestas-300x300\" alt=\"casas-de-apuestas-webapuestas-300x300\" src=\"https:\/\/www.mediterraneodigital.com\/images\/banners\/casas-apuestas-webapuestas.png\" width='300\"' height=\"300\"><\/a><\/p>\n<p>Estos y otros hechos escasamente discutibles trituran la caricatura de <strong>Vox<\/strong> como una fuerza de radicalidad equiparable, aunque en el lado opuesto, a la de <strong>Podemos, Bildu<\/strong> y los golpistas catalanes. Con la serenidad de juicio que me da el llevar ya siete a\u00f1os sin militar en ningunas siglas y haberme dado de baja en dos partidos, en un caso por discrepancias conceptuales y morales y en el otro por decepci\u00f3n en el plano personal, me veo obligado a alinearme con las tesis de <strong>Federico<\/strong> en esta ocasi\u00f3n frente a las de <strong>Arcadi<\/strong>.<\/p>\n<p>El paralelismo que sit\u00faa a <strong>Vox<\/strong> y al bloque que sustenta parlamentariamente a <strong>Pedro S\u00e1nchez<\/strong> en una misma categor\u00eda de desbordamiento del orden constitucional no resiste un an\u00e1lisis someramente imparcial. Mi interpretaci\u00f3n es que el rechazo a <strong>Vox<\/strong> sin paliativos de <strong>Arcadi<\/strong> obedece m\u00e1s a criterios est\u00e9ticos y formales en los planos crom\u00e1tico, l\u00e9xico, simb\u00f3lico y gestual que estrictamente sustantivos. Al fin y al cabo, el se\u00f1alamiento de que el <strong>Estado de las Autonom\u00edas<\/strong> ha fracasado estrepitosamente en su principal objetivo, que siempre ha sido la pacificaci\u00f3n de los secesionistas, y lamentar el coste desorbitado de su disfuncional estructura, as\u00ed como su fragmentaci\u00f3n del mercado interior por las numerosas barreras ling\u00fc\u00edsticas y regulatorias que nos inflige, no revela extremismo, sino lucidez. Asimismo, promover pol\u00edticas p\u00fablicas que, lejos de cualquier penalizaci\u00f3n, en lugar de arrastrar a las mujeres hacia el quir\u00f3fano les aseguren el derecho a elegir ser madres superando los obst\u00e1culos de car\u00e1cter econ\u00f3mico, familiar o laboral de un embarazo problem\u00e1tico, no parece una opci\u00f3n desde\u00f1able bajo el prisma de un humanitarismo sin apellidos. En cuanto a la resistencia a la imposici\u00f3n de una visi\u00f3n hemipl\u00e9jica de la <strong>Historia<\/strong> que yugule el saludable debate sobre el significado y efectos sobre el presente de acontecimientos pasados, a ning\u00fan partidario del rigor y la objetividad en el cultivo de las disciplinas sociales le puede ser ajena.<\/p>\n<p><a href=\"https:\/\/estacerca.com\/casinos-con-retirada-instantanea\/\"><img decoding=\"async\" id=\"Casinos con retiro inmediato\" alt=\"Casinos con retiro inmediato\" src=\"https:\/\/www.mediterraneodigital.com\/images\/banners\/casinos-con-retiro-inmediato.png\" width='300\"' height=\"250\"><\/a><\/p>\n<p>No es cierto que sobre la democracia espa\u00f1ola actual graviten dos amenazas similarmente peligrosas, una en su amura de babor y otra en la de estribor. M\u00e1s all\u00e1 de gustos y preferencias leg\u00edtimos en la dimensi\u00f3n pol\u00edtica que nos define como ciudadanos, las consecuencias de un eventual \u00e9xito de la amalgama forjada por el comunismo, el populismo caribe\u00f1o, el supremacismo racista y los legitimadores de la violencia asesina como instrumento de acci\u00f3n pol\u00edtica, sobre nuestra calidad de vida, nuestra seguridad jur\u00eddica y f\u00edsica y nuestra libertad, no son en absoluto comparables en t\u00e9rminos de letalidad a las que tendr\u00eda una mayor\u00eda de la derecha nacionalista, cat\u00f3lica, conservadora y euroesc\u00e9ptica (que no eur\u00f3foba). La presentaci\u00f3n de estas dos posibilidades como igualmente sobrecogedoras surge de un desenfoque pol\u00edtico, intelectual y \u00e9tico impropio de mentes situadas en el rigor cient\u00edfico, a saber, observaci\u00f3n, experimentaci\u00f3n y concordancia de la teor\u00eda con la experiencia verificada.<\/p>\n<p>Es un lugar com\u00fan la c\u00ednica m\u00e1xima atribuida a un cierto periodismo que establece que la realidad no debe estropear un buen titular. Pues bien, tampoco la brillantez, sobre todo si es prisionera de prejuicios, debe, por deslumbrante que luzca, distorsionar la verdad.<\/p>\n<p><a href=\"https:\/\/clsmining.com\/xml\/index.html#\/\"><img decoding=\"async\" id=\"cls-mining.gif\" alt=\"cls-mining.gif\" src=\"https:\/\/www.mediterraneodigital.com\/images\/banners\/cls-mining.gif\" width='300\"' height=\"250\"><\/a><\/p>\n<div id=\"author_infobox\">\n<div class=\"author_infobox_image_profile\"><img decoding=\"async\" src=\"https:\/\/www.mediterraneodigital.com\/images\/columnistas\/vidal-quadras.jpg\" alt=\"Alejo Vidal-Quadras\"><\/div>\n<div class=\"author_infobox_name\"><span class=\"bold\">Autor:<\/span> Alejo Vidal-Quadras<\/div>\n<div class=\"author_infobox_socialmedia\"><span class=\"twitter\"><a href=\"https:\/\/twitter.com\/VidalQuadras\" title=\"Twitter\" target=\"_blank\"><img decoding=\"async\" src=\"https:\/\/www.mediterraneodigital.com\/plugins\/content\/authorinfobox\/images\/twitter.png\" alt><\/a><\/span><\/div>\n<div class=\"author_infobox_description\">Alejo Vidal-Quadras &#8211; (Barcelona, 1945), Doctor en Ciencias F\u00edsicas y Catedr\u00e1tico de F\u00edsica At\u00f3mica y Nuclear, desarroll\u00f3 entre 1968 y 1989 una fecunda trayectoria en los campos de su especialidad: la F\u00edsica de las Radiaciones, la Radioactividad Ambiental y la Radioprotecci\u00f3n. Ha ejercido su labor investigadora y docente en la Universidad de Barcelona, en la Universidad Aut\u00f3noma de Barcelona, en el Centre de Recherches Nucl\u00e9aires de Estrasburgo y en el University College de Dubl\u00edn. Ha sido Senador en representaci\u00f3n del Parlamento de Catalu\u00f1a y presidente de la comisi\u00f3n de Educaci\u00f3n y Cultura del Senado entre otras responsabilidades institucionales. Fue presidente del Partido Popular de Catalu\u00f1a durante el per\u00edodo 1991-1996 y candidato a la presidencia de la Generalitat en 1992 y 1995. Vidal-Quadras fue Diputado del Parlamento Europeo y Vicepresidente de dicha C\u00e1mara de 1999 a 2014, donde fue asimismo miembro particularmente activo de la Comisi\u00f3n de Industria, Energ\u00eda e Investigaci\u00f3n. En abril de 2008 recibi\u00f3 la Orden nacional francesa de la Legi\u00f3n de Honor en la categor\u00eda de Oficial, por su decisiva labor legislativa en el campo de la energ\u00eda. Entre sus libros podemos citar &#8216;Cuesti\u00f3n de fondo&#8217; (1993), &#8216;En el fragor del bien y del mal&#8217; (1997), &#8216;Amar\u00e1s a tu tribu (1998), y &#8216;La Constituci\u00f3n traicionada&#8217; (2006). Es colaborador habitual de diversos medios de comunicaci\u00f3n como MEDITERR\u00c1NEO DIGITAL, La Gaceta, Libertad Digital y tertuliano del programa de televisi\u00f3n &#8216;El Gato al agua&#8217; (Toro TV).<\/div>\n<\/div>\n<p><br class=\"clear\"><\/section>\n<\/article>\n<p> Source URL: https:\/\/www.mediterraneodigital.com\/opinion\/columnistas-de-opinion\/alejo-vidal-quadras\/extremismos<\/p>\n","protected":false},"excerpt":{"rendered":"<p>Columnistas de opini\u00f3n Alejo Vidal-Quadras Alejo Vidal-Quadras 12 Febrero 2022 Extremismos He seguido con divertido inter\u00e9s la pol\u00e9mica que iniciaron\u00a0Arcadi Espada y Federico Jim\u00e9nez Losantos sobre los extremismos patrios. Entrometerse en un choque argumental entre semejantes pesos pesados del panorama intelectual espa\u00f1ol equivale a intentar mediar en un combate entre un tigre de Bengala y [&hellip;]<\/p>\n","protected":false},"author":1,"featured_media":0,"comment_status":"open","ping_status":"","sticky":false,"template":"","format":"standard","meta":{"footnotes":""},"categories":[88],"tags":[109],"class_list":["post-842146","post","type-post","status-publish","format-standard","hentry","category-spain","tag-mediterraneodigital-com"],"_links":{"self":[{"href":"https:\/\/analyse.optim.biz\/index.php?rest_route=\/wp\/v2\/posts\/842146","targetHints":{"allow":["GET"]}}],"collection":[{"href":"https:\/\/analyse.optim.biz\/index.php?rest_route=\/wp\/v2\/posts"}],"about":[{"href":"https:\/\/analyse.optim.biz\/index.php?rest_route=\/wp\/v2\/types\/post"}],"author":[{"embeddable":true,"href":"https:\/\/analyse.optim.biz\/index.php?rest_route=\/wp\/v2\/users\/1"}],"replies":[{"embeddable":true,"href":"https:\/\/analyse.optim.biz\/index.php?rest_route=%2Fwp%2Fv2%2Fcomments&post=842146"}],"version-history":[{"count":0,"href":"https:\/\/analyse.optim.biz\/index.php?rest_route=\/wp\/v2\/posts\/842146\/revisions"}],"wp:attachment":[{"href":"https:\/\/analyse.optim.biz\/index.php?rest_route=%2Fwp%2Fv2%2Fmedia&parent=842146"}],"wp:term":[{"taxonomy":"category","embeddable":true,"href":"https:\/\/analyse.optim.biz\/index.php?rest_route=%2Fwp%2Fv2%2Fcategories&post=842146"},{"taxonomy":"post_tag","embeddable":true,"href":"https:\/\/analyse.optim.biz\/index.php?rest_route=%2Fwp%2Fv2%2Ftags&post=842146"}],"curies":[{"name":"wp","href":"https:\/\/api.w.org\/{rel}","templated":true}]}}