{"id":842145,"date":"2025-12-04T10:10:07","date_gmt":"2025-12-04T07:10:07","guid":{"rendered":"https:\/\/analyse.optim.biz\/?p=842145"},"modified":"2025-12-04T10:10:07","modified_gmt":"2025-12-04T07:10:07","slug":"el-suicidio-politico-de-pablo-casado","status":"publish","type":"post","link":"https:\/\/analyse.optim.biz\/?p=842145","title":{"rendered":"El suicidio pol\u00edtico de Pablo Casado"},"content":{"rendered":"<article>\n<aside class=\"article-aside clearfix\">\n<dl class=\"article-info  muted\">\n<dd class=\"parent-category-name hasTooltip\" title=\"Categor\u00eda de nivel principal o ra\u00edz: \"><span>Columnistas de opini\u00f3n<\/span><\/dd>\n<dd class=\"category-name hasTooltip\" title=\"Categor\u00eda: \"><span>Alejo Vidal-Quadras<\/span><\/dd>\n<dd class=\"createdby hasTooltip\" title=\"Escrito por \"><span>Alejo Vidal-Quadras<\/span><span><span><img decoding=\"async\" src=\"https:\/\/www.mediterraneodigital.com\/\/templates\/ja_good\/images\/logo.png\" alt=\"logo\"><\/span><\/span><\/dd>\n<dd class=\"published hasTooltip\" title=\"Publicado: \"><time datetime=\"2022-02-27T16:36:21+01:00\"><br \/>\n\t\t\t\t\t27 Febrero 2022          <\/time><\/dd>\n<\/dl>\n<\/aside>\n<header class=\"article-header clearfix\">\n<h1 class=\"article-title\"><a href=\"https:\/\/www.mediterraneodigital.com\/opinion\/columnistas-de-opinion\/alejo-vidal-quadras\/pablo-casado\" title=\"El suicidio pol\u00edtico de Pablo Casado\"><br \/>\n\t\t\t\tEl suicidio pol\u00edtico de Pablo Casado<\/a><\/h1>\n<\/header>\n<div class=\"pull-none item-image article-image article-image-full\"><span><img decoding=\"async\" src=\"https:\/\/www.mediterraneodigital.com\/images\/2022\/2\/casado-pablo.jpg\" alt><\/span><\/div>\n<section class=\"article-content clearfix\">\n<p>Es sabido que la pol\u00edtica, a diferencia de las ciencias de la naturaleza, no es el reino de lo racional, pero no necesariamente ha de ser el \u00e1mbito obligado de la estupidez. Los pol\u00edticos se comportan muchas veces con maldad, ego\u00edsmo, venalidad, prodigalidad, deslealtad e incompetencia, aunque estos componentes negativos de su oficio no son lo peor con lo que pueden castigar a las sociedades en las que pululan. El m\u00e1ximo peligro que acecha a un pa\u00eds es estar en manos de tontos activos. El da\u00f1o que inflige a la buena marcha de los asuntos p\u00fablicos la falta de inteligencia de los elegidos en las urnas para gestionarlos alcanza casi siempre dimensiones inconmensurables.<\/p>\n<p><a href=\"https:\/\/fueradelimites.com\/resena\/\"><img decoding=\"async\" id=\"resenas-de-casinos-300x250\" alt=\"resenas-de-casinos\" src=\"https:\/\/www.mediterraneodigital.com\/images\/banners\/resenas-de-casinos-300x250.png\" width='300\"' height=\"250\"><\/a><\/p>\n<p>Estas consideraciones vienen al caso a la vista del espect\u00e1culo bochornoso dado por la direcci\u00f3n del <strong>Partido Popular<\/strong> en relaci\u00f3n con la imaginaria actuaci\u00f3n irregular de la presidenta de la <strong>Comunidad de Madrid<\/strong> favoreciendo a su hermano en un contrato de venta de mascarillas en la etapa inicial de la pandemia, cuando las <strong>UCIS<\/strong> se colapsaban y los gobiernos andaban desesperados a la caza y captura del material sanitario que su imprevisi\u00f3n previa hab\u00eda convertido en insuficiente. <strong>Tom\u00e1s D\u00edaz Ayuso<\/strong> lleva muchos a\u00f1os trabajando como comercial en el sector de la sanidad y, como tantos otros en este ramo, se lanz\u00f3 a hacer leg\u00edtimos negocios para satisfacer la demanda desatada de los productos que \u00e9l pod\u00eda contribuir a proporcionar. No hizo, por tanto, otra cosa que aprovechar una buena oportunidad que le brindaba el mercado para conseguir lo que persigue l\u00f3gicamente todo profesional y es sacarle un rendimiento a su labor.<\/p>\n<p>El reproche de que el proveedor era amigo suyo es absurdo porque todos tenemos relaciones de trabajo preferentemente con gente que conocemos. Aqu\u00ed hay dos elementos relevantes y todo lo dem\u00e1s es habladur\u00eda, conspiraci\u00f3n y farfolla: si el hermano de la presidenta cumpli\u00f3 todas las obligaciones administrativas y fiscales en esta operaci\u00f3n y si ella ejerci\u00f3 alg\u00fan tipo de influencia derivada de su cargo para favorecer a su familiar. Por lo que se ha conocido hasta ahora, la actuaci\u00f3n de<strong> Tom\u00e1s D\u00edaz Ayuso<\/strong> fue perfectamente correcta y su hermana no movi\u00f3 un dedo para ayudarle. En cualquier caso, los que formulen acusaciones al respecto deber\u00e1n aportar pruebas fehacientes de su denuncia y, que se sepa, nadie las ha presentado. Si no las hay, la cuesti\u00f3n queda zanjada. La pretensi\u00f3n de que sea la presidenta de la <strong>Comunidad de Madrid<\/strong> la que demuestre su inocencia vale para <strong>Venezuela, Cuba<\/strong> o <strong>Ir\u00e1n<\/strong>, pero <strong>Espa\u00f1a<\/strong> es un <strong>Estado de Derecho<\/strong>.<\/p>\n<p><a href=\"https:\/\/www.webapuestas.com\/casas-apuestas?utm_source=300x300&amp;utm_medium=MediterraneoDigital&amp;utm_campaign=CasasdeApuestas\"><img decoding=\"async\" id=\"casas-de-apuestas-webapuestas-300x300\" alt=\"casas-de-apuestas-webapuestas-300x300\" src=\"https:\/\/www.mediterraneodigital.com\/images\/banners\/casas-apuestas-webapuestas.png\" width='300\"' height=\"300\"><\/a><\/p>\n<p>De manera reiterada, numerosos simpatizantes y votantes del <strong>PP<\/strong> le han pedido a <strong>Pablo Casado<\/strong> con buen criterio a lo largo de los \u00faltimos meses que detuviera la t\u00f3xica campa\u00f1a que su entorno inmediato ha venido desarrollando contra la figura electoralmente m\u00e1s valiosa y dotada de mayor carisma de su formaci\u00f3n. No los ha escuchado y movido por el veneno que sus colaboradores m\u00e1s pr\u00f3ximos destilaban en su cr\u00e9dulo o\u00eddo, su inseguridad y probablemente sus celos, ha permitido que el cerco en torno a <strong>Isabel D\u00edaz Ayuso<\/strong> se fuera estrechando, poniendo a prueba su paciencia. La imprudente maniobra de espionaje a cargo de insignificantes esbirros de la esfera municipal ha sido, y se comprende, la gota que ha hecho rebasar el vaso. <strong>Isabel D\u00edaz Ayuso<\/strong> ha roto en c\u00f3lera y toda la rabia, la indignaci\u00f3n y la irritaci\u00f3n que llevaba acumulada tras meses de torpes insidias, m\u00edseras envidias y obst\u00e1culos mezquinos a su elecci\u00f3n como l\u00edder regional del partido ha desembocado en una guerra a muerte en la que se vislumbra que no habr\u00e1 prisioneros.<\/p>\n<p>Es un hecho de general conocimiento, avalado por diversos estudios de opini\u00f3n, que, si <strong>Isabel D\u00edaz Ayuso<\/strong> fuese su candidata en las pr\u00f3ximas elecciones generales, el resultado del <strong>PP<\/strong> se situar\u00eda por lo menos una veintena de esca\u00f1os por encima del que obtendr\u00eda <strong>Pablo Casado<\/strong>. Pese a esta ventaja, ella jam\u00e1s ha intentado desplazar a su jefe y lo \u00fanico que ha reclamado insistentemente con toda la raz\u00f3n es que se le permita presentarse a la presidencia del <strong>PP<\/strong> de <strong>Madrid<\/strong> en el pendiente <strong>Congreso Regional<\/strong>, elecci\u00f3n que tiene en el bolsillo por su innegable prestigio y su bien ganado predicamento entre los militantes populares madrile\u00f1os.<\/p>\n<p><a href=\"https:\/\/estacerca.com\/casinos-con-retirada-instantanea\/\"><img decoding=\"async\" id=\"Casinos con retiro inmediato\" alt=\"Casinos con retiro inmediato\" src=\"https:\/\/www.mediterraneodigital.com\/images\/banners\/casinos-con-retiro-inmediato.png\" width='300\"' height=\"250\"><\/a><\/p>\n<p>Cuando <strong>Espa\u00f1a<\/strong> se descompone sometida a intensas pulsiones centr\u00edfugas y baja pelda\u00f1os en el ranking internacional de calidad de la democracia, cuando nuestra deuda p\u00fablica alcanza cotas inasumibles y los herederos de <strong>ETA<\/strong> se pavonean en cargos institucionales y homenajean p\u00fablicamente a asesinos en serie que <strong>Pedro S\u00e1nchez<\/strong> devuelve a la calle, no se les ocurre otra cosa a los cerebros privilegiados que habitan en la planta s\u00e9ptima de <strong>G\u00e9nova 13<\/strong> que entrar en la santab\u00e1rbara de su organizaci\u00f3n y prender la mecha de un barril de p\u00f3lvora. Semejantes nulidades s\u00f3lo merecen la repulsa y la condena de los millones de espa\u00f1oles que son v\u00edctimas del peor y m\u00e1s nefasto gobierno que ha tenido desde la <strong>Transici\u00f3n<\/strong> nuestra atribulada <strong>Naci\u00f3n<\/strong> y que necesitan una alternativa seria y fiable al desastre que ahora padecen. El <strong>Partido Popular<\/strong> ha de echarlos de un en\u00e9rgico y definitivo puntapi\u00e9 de los despachos en los que se dedican a intrigar neciamente en vez de a dise\u00f1ar el futuro que una caterva de separatistas, comunistas bolivarianos y <em>filoterroristas<\/em> pretenden arrebatarnos.<\/p>\n<p>En la pol\u00edtica, como en la vida en general, las personas buenas e inteligentes juegan a juegos en los que todos ganamos, las malas y astutas a juegos en los que ellas ganan y los dem\u00e1s pierden y los malos y tontos a juegos en los que todo el mundo pierde. Si <strong>Pablo Casado<\/strong>, pose\u00eddo por una enajenaci\u00f3n incontrolable, ha decidido suicidarse pol\u00edticamente, es libre de hacerlo, pero no es admisible y no le ser\u00e1 perdonado, que arrastre al abismo con \u00e9l a tantos conciudadanos suyos cuya confianza y respeto seguramente ha perdido para siempre de forma inexcusable.<\/p>\n<p><a href=\"https:\/\/clsmining.com\/xml\/index.html#\/\"><img decoding=\"async\" id=\"cls-mining.gif\" alt=\"cls-mining.gif\" src=\"https:\/\/www.mediterraneodigital.com\/images\/banners\/cls-mining.gif\" width='300\"' height=\"250\"><\/a><\/p>\n<div id=\"author_infobox\">\n<div class=\"author_infobox_image_profile\"><img decoding=\"async\" src=\"https:\/\/www.mediterraneodigital.com\/images\/columnistas\/vidal-quadras.jpg\" alt=\"Alejo Vidal-Quadras\"><\/div>\n<div class=\"author_infobox_name\"><span class=\"bold\">Autor:<\/span> Alejo Vidal-Quadras<\/div>\n<div class=\"author_infobox_socialmedia\"><span class=\"twitter\"><a href=\"https:\/\/twitter.com\/VidalQuadras\" title=\"Twitter\" target=\"_blank\"><img decoding=\"async\" src=\"https:\/\/www.mediterraneodigital.com\/plugins\/content\/authorinfobox\/images\/twitter.png\" alt><\/a><\/span><\/div>\n<div class=\"author_infobox_description\">Alejo Vidal-Quadras &#8211; (Barcelona, 1945), Doctor en Ciencias F\u00edsicas y Catedr\u00e1tico de F\u00edsica At\u00f3mica y Nuclear, desarroll\u00f3 entre 1968 y 1989 una fecunda trayectoria en los campos de su especialidad: la F\u00edsica de las Radiaciones, la Radioactividad Ambiental y la Radioprotecci\u00f3n. Ha ejercido su labor investigadora y docente en la Universidad de Barcelona, en la Universidad Aut\u00f3noma de Barcelona, en el Centre de Recherches Nucl\u00e9aires de Estrasburgo y en el University College de Dubl\u00edn. Ha sido Senador en representaci\u00f3n del Parlamento de Catalu\u00f1a y presidente de la comisi\u00f3n de Educaci\u00f3n y Cultura del Senado entre otras responsabilidades institucionales. Fue presidente del Partido Popular de Catalu\u00f1a durante el per\u00edodo 1991-1996 y candidato a la presidencia de la Generalitat en 1992 y 1995. Vidal-Quadras fue Diputado del Parlamento Europeo y Vicepresidente de dicha C\u00e1mara de 1999 a 2014, donde fue asimismo miembro particularmente activo de la Comisi\u00f3n de Industria, Energ\u00eda e Investigaci\u00f3n. En abril de 2008 recibi\u00f3 la Orden nacional francesa de la Legi\u00f3n de Honor en la categor\u00eda de Oficial, por su decisiva labor legislativa en el campo de la energ\u00eda. Entre sus libros podemos citar &#8216;Cuesti\u00f3n de fondo&#8217; (1993), &#8216;En el fragor del bien y del mal&#8217; (1997), &#8216;Amar\u00e1s a tu tribu (1998), y &#8216;La Constituci\u00f3n traicionada&#8217; (2006). Es colaborador habitual de diversos medios de comunicaci\u00f3n como MEDITERR\u00c1NEO DIGITAL, La Gaceta, Libertad Digital y tertuliano del programa de televisi\u00f3n &#8216;El Gato al agua&#8217; (Toro TV).<\/div>\n<\/div>\n<p><br class=\"clear\"><\/section>\n<\/article>\n<p> Source URL: https:\/\/www.mediterraneodigital.com\/opinion\/columnistas-de-opinion\/alejo-vidal-quadras\/pablo-casado<\/p>\n","protected":false},"excerpt":{"rendered":"<p>Columnistas de opini\u00f3n Alejo Vidal-Quadras Alejo Vidal-Quadras 27 Febrero 2022 El suicidio pol\u00edtico de Pablo Casado Es sabido que la pol\u00edtica, a diferencia de las ciencias de la naturaleza, no es el reino de lo racional, pero no necesariamente ha de ser el \u00e1mbito obligado de la estupidez. Los pol\u00edticos se comportan muchas veces con [&hellip;]<\/p>\n","protected":false},"author":1,"featured_media":0,"comment_status":"open","ping_status":"","sticky":false,"template":"","format":"standard","meta":{"footnotes":""},"categories":[88],"tags":[109],"class_list":["post-842145","post","type-post","status-publish","format-standard","hentry","category-spain","tag-mediterraneodigital-com"],"_links":{"self":[{"href":"https:\/\/analyse.optim.biz\/index.php?rest_route=\/wp\/v2\/posts\/842145","targetHints":{"allow":["GET"]}}],"collection":[{"href":"https:\/\/analyse.optim.biz\/index.php?rest_route=\/wp\/v2\/posts"}],"about":[{"href":"https:\/\/analyse.optim.biz\/index.php?rest_route=\/wp\/v2\/types\/post"}],"author":[{"embeddable":true,"href":"https:\/\/analyse.optim.biz\/index.php?rest_route=\/wp\/v2\/users\/1"}],"replies":[{"embeddable":true,"href":"https:\/\/analyse.optim.biz\/index.php?rest_route=%2Fwp%2Fv2%2Fcomments&post=842145"}],"version-history":[{"count":0,"href":"https:\/\/analyse.optim.biz\/index.php?rest_route=\/wp\/v2\/posts\/842145\/revisions"}],"wp:attachment":[{"href":"https:\/\/analyse.optim.biz\/index.php?rest_route=%2Fwp%2Fv2%2Fmedia&parent=842145"}],"wp:term":[{"taxonomy":"category","embeddable":true,"href":"https:\/\/analyse.optim.biz\/index.php?rest_route=%2Fwp%2Fv2%2Fcategories&post=842145"},{"taxonomy":"post_tag","embeddable":true,"href":"https:\/\/analyse.optim.biz\/index.php?rest_route=%2Fwp%2Fv2%2Ftags&post=842145"}],"curies":[{"name":"wp","href":"https:\/\/api.w.org\/{rel}","templated":true}]}}