{"id":842056,"date":"2014-06-18T15:26:00","date_gmt":"2014-06-18T12:26:00","guid":{"rendered":"https:\/\/analyse.optim.biz\/?p=842056"},"modified":"2014-06-18T15:26:00","modified_gmt":"2014-06-18T12:26:00","slug":"oftica-maxima-la-ani-horia-georgescu-a-dat-in-judecata-autoritatea-electorala-permanenta-biroul-electoral-central-si-pe-mircea-diaconu-cerand-cab-anularea-mandatului-de-europarlamentar","status":"publish","type":"post","link":"https:\/\/analyse.optim.biz\/?p=842056","title":{"rendered":"OFTICA MAXIMA LA ANI \u2013 Horia Georgescu a dat in judecata Autoritatea Electorala Permanenta, Biroul Electoral Central si pe Mircea Diaconu, cerand CAB anularea mandatului de europarlamentar: &#8220;Solicitam sa dispuneti prin sentinta ce urmeaza sa o pronuntati obligarea Autoritatii Electorale Permanente la neacceptarea domnului Mircea Diaconu pentru reprezentarea Romaniei in functia de membru in Parlamentul European&#8221; (Cererea)"},"content":{"rendered":"<article id=\"article-content\">\n<h1>OFTICA MAXIMA LA ANI \u2013 Horia Georgescu a dat in judecata Autoritatea Electorala Permanenta, Biroul Electoral Central si pe Mircea Diaconu, cerand CAB anularea mandatului de europarlamentar: &#8220;Solicitam sa dispuneti prin sentinta ce urmeaza sa o pronuntati obligarea Autoritatii Electorale Permanente la neacceptarea domnului Mircea Diaconu pentru reprezentarea Romaniei in functia de membru in Parlamentul European&#8221; (Cererea)<\/h1>\n<section id=\"article-info\">\n<p class=\"author\">Scris de: Alex PUIU | <a href=\"https:\/\/www.luju.ro\/oftica-maxima-la-ani-horia-georgescu-a-dat-in-judecata-autoritatea-electorala-permanenta-biroul-electoral-central-si-pe-mircea-diaconu-cerand-cab-anularea-mandatului-de-europarlamentar-solicitam-sa-dispuneti-prin-sentinta-ce-urmeaza-sa-o-pronuntati-obliga?pdf\" title=\"PDF\"><img decoding=\"async\" src=\"https:\/\/www.luju.ro\/static\/images\/pdf.png\" alt=\"pdf\"><\/a> | <a href=\"https:\/\/www.luju.ro\/oftica-maxima-la-ani-horia-georgescu-a-dat-in-judecata-autoritatea-electorala-permanenta-biroul-electoral-central-si-pe-mircea-diaconu-cerand-cab-anularea-mandatului-de-europarlamentar-solicitam-sa-dispuneti-prin-sentinta-ce-urmeaza-sa-o-pronuntati-obliga?print=1\" class=\"external\" title=\"Imprimare\"><img decoding=\"async\" src=\"https:\/\/www.luju.ro\/static\/images\/print.png\" alt=\"print\"><\/a><\/p>\n<div class=\"info flex-container\">\n<div class=\"date\">18 June 2014 15:26<\/div>\n<div>Vizualizari: 13478<\/div>\n<\/div>\n<\/section>\n<section id=\"article-body\">\n<section id=\"page\" class=\"cf\">\n<div>\n<p align=\"JUSTIFY\"><span><img loading=\"lazy\" decoding=\"async\" src=\"https:\/\/www.luju.ro\/static\/images\/2014\/iunie_2014\/18\/horia_georgescu.jpg\" alt width=\"400\" height=\"225\">Agentia Nationala de Integritate, condusa de <\/span><span><strong>Horia Georgescu <\/strong><\/span><span><span><strong>(foto)<\/strong><\/span><\/span><span>, continua sicanele la adresa lui <\/span><span><strong>Mircea Diaconu<\/strong><\/span><span><span>,<\/span><\/span><span><span>dupa ce actorul a fost m<\/span><\/span><span>andatat de sute de mii de cetateni sa reprezinte Romania in Parlamentul European. Presedintele ANI l-a chemat in judecata pe europarlamentar, miercuri 18 iunie 2014, solicitand Sectiei a VIII-a de contencios administrativ si fiscal a Curtii de Apel Bucuresti sa anuleze actele procedurale prin care Mircea Diaconu a fost ales membru in Parlamentul European. Este vorba despre referirile la numele lui Mircea Diaconu din cele doua procese-verbale incheiate de Biroul Electoral Central si despre adresa Autoritatii Electorale Permanente, inscrisuri emise, la 29 mai 2014, in urma centralizarii rezultatelor alegerilor si a atribuirii mandatelor.<\/span><\/p>\n<hr>\n<p align=\"JUSTIFY\"><span>Chemarea in judecata a lui Mircea Diaconu este doar ultima dintr-un lung sir de actiuni prin care ANI a incercat sa blocheze accesul actorului in Parlamentul European. Pana acum, instantele care au avut pe rol sesizari formulate de ANI impotriva lui Diaconu \u2013 Tribunalul Bucuresti si Curtea de Apel Bucuresti \u2013 au pronuntat, fara exceptie, solutii favorabile actorului. <\/span><\/p>\n<p align=\"JUSTIFY\"><span>Asa cum ne amintim, presedintele ANI, Horia Georgescu, i-a avertizat pe cetatenii care au semnat pentru sustinerea candidaturii lui Mircea Diaconu la alegerile europarlamentare ca incalca legea, actiune condamnata public de mai multi reprezentanti ai societatii civile, care l-au acuzat pe seful ANI ca incearca in mod ilegal sa influenteze procesul electoral.<\/span><\/p>\n<p align=\"JUSTIFY\"><span><strong>Prezentm cererea de chemare in judecata depusa de ANI la CAB:<\/strong><\/span><\/p>\n<p align=\"JUSTIFY\"><span><span>&#8220;<\/span><\/span><span><em><strong>Subscrisa Agentia Nationala de Integritate<\/strong><\/em><\/span><span><em> (&#8230;),<\/em><\/span><span><em><strong> prin reprezentant legal,<\/strong><\/em><\/span><span><em><strong>Horia Georgescu, presedinte<\/strong><\/em><\/span><span><em>, in conformitate cu dispozitiile art. 194 din Legea nr. 134\/2010 privind Codul de procedura civila, Legea nr. 554\/2004, <\/em><\/span><span><em><strong>formulam<\/strong><\/em><\/span><span><em>:<\/em><\/span><\/p>\n<p align=\"JUSTIFY\"><span><span><em><strong>CERERE DE CHEMARE IN JUDECATA<\/strong><\/em><\/span><\/span><\/p>\n<p align=\"JUSTIFY\"><span><em>In contradictoriu cu: <\/em><\/span><span><em><strong>Autoritatea Electorala Permanenta<\/strong><\/em><\/span><span><em> (&#8230;), <\/em><\/span><span><em><strong>Biroul Electoral Central<\/strong><\/em><\/span><span><em> (&#8230;) si <\/em><\/span><span><em><strong>Mircea Diaconu<\/strong><\/em><\/span><span><em> (&#8230;), solicitand ca prin hotararea ce o veti pronunta sa dispuneti:<\/em><\/span><\/p>\n<p align=\"JUSTIFY\"><span><em>&#8211;<\/em><\/span><span><span><em><strong>Anularea<\/strong><\/em><\/span><\/span><span><em><strong> &#8220;pct. K \u2013 Numarul mandatelor atribuite fiecarei liste de candidati sau fiecarui candidat independent, nr. crt. 6 \u2013 Diaconu Mircea (pag. 12)&#8221; din procesul-verbal al Biroului Electoral Central din 29.05.2014<\/strong><\/em><\/span><span><em> privind centralizarea voturilor si atribuirea mandatelor la alegerile pentru Parlamentul European 25 mai 2014, publicat in Monitorul Oficial nr. 399 din 29.05.2014<\/em><\/span><\/p>\n<p align=\"JUSTIFY\"><span><em>&#8211;<\/em><\/span><span><span><em><strong>Anularea<\/strong><\/em><\/span><\/span><span><em><strong> &#8220;pct. I \u2013 Lista membrilor alesi pentru Parlamentul European, nr. crt. 28, Diaconu Mircea \u2013 candidat independent (pag. 14)&#8221; din procesul-verbal al Biroului Electoral Central din 29.05.2014 <\/strong><\/em><\/span><span><em>privind centralizarea voturilor si atribuirea mandatelor la alegerile pentru Parlamentul European 25 mai 2014, publicat in Monitorul Oficial nr. 399 din 29.05.2014<\/em><\/span><\/p>\n<p align=\"JUSTIFY\"><span><em>&#8211;<\/em><\/span><span><span><em><strong>Anularea<\/strong><\/em><\/span><\/span><span><em><strong> adresei Autoritatii Electorale Permanente nr. 7520\/29.05.2014<\/strong><\/em><\/span><span><em> si <\/em><\/span><span><em><strong>sa dispuneti prin sentinta ce urmeaza sa o pronuntati obligarea Autoritatii Electorale Permanente la neacceptarea domnului Mircea Diaconu pentru reprezentarea Romaniei in functia de membru in Parlamentul European<\/strong><\/em><\/span><span>.&#8221;<\/span><\/p>\n<p align=\"JUSTIFY\"><a href=\"https:\/\/www.luju.ro\/static\/files\/2014\/iunie\/18\/cerere_ani.pdf\"><span><span><strong>*Cititi aici cererea de chemare in judecata prin care ANI solicita CAB sa anuleze actele prin care Mircea Diaconu a ajuns in PE<\/strong><\/span><\/span><\/a><\/p>\n<\/div>\n<\/section>\n<\/section>\n<section id=\"comments-boxes\">\n<div class=\"heading\">\n<h2>Comentarii<\/h2>\n<\/div>\n<div class=\"comment\" id=\"comentariu-128978\">\n<div class=\"commentBody\">\n<div class=\"commentDate\">\n<p class=\"comment-details cf\"><span class=\"comment-id\"><br \/>\n\t\t\t\t\t\t\t\t#<br \/>\n\t\t\t\t\t\t\t\t<strong>Papulici<\/strong><img decoding=\"async\" src=\"https:\/\/www.luju.ro\/staticnew\/images\/calendar.png\" alt=\"date\"><br \/>\n\t\t\t\t\t\t\t\t18 June 2014 17:14<br \/>\n\t\t\t\t\t\t\t<\/span><span class=\"comment-quality cf\"><span class=\"green\">+31<\/span><\/span><\/p>\n<\/div>\n<div class=\"commentContent\">Adic\u0103 \u0103sta se joac\u0103 \u00een instan\u021be pe banii contribualilor pentru o cauz\u0103 amoral\u0103? \u0218i de ce mai ocup\u0103 aceast\u0103 func\u021bie? Parlamentarii s\u0103-l elibereze din func\u021bie. URGENT!!! S\u0103-\u0219i vad\u0103 de b\u0103sisme pe banii lui sau ai lui b\u0103sescu.<\/div>\n<ul class=\"cf cactions\">\n<li><a class=\"comment-128978\" href rel=\"raspunde\" title=\"Raspunde\">Raspunde<\/a><\/li>\n<li>|<\/li>\n<li><a href class=\"comment-128978\" rel=\"raspunde-citeaza\" title=\"Raspunde cu citat\">Raspunde cu citat<\/a><\/li>\n<li>|<\/li>\n<li><a href class=\"comment-128978\" title=\"Citat\" rel=\"citeaza\">Citat<\/a><\/li>\n<\/ul>\n<\/div>\n<div class=\"sub-comment\" id=\"comentariu-128987\">\n<div class=\"commentBody\">\n<div class=\"commentDate\">\n<p class=\"comment-details cf\"><span class=\"comment-id\"><br \/>\n\t\t\t\t\t\t\t\t#<br \/>\n\t\t\t\t\t\t\t\t<strong>Papulici<\/strong><img decoding=\"async\" src=\"https:\/\/www.luju.ro\/staticnew\/images\/calendar.png\" alt=\"date\"><br \/>\n\t\t\t\t\t\t\t\t18 June 2014 17:30<br \/>\n\t\t\t\t\t\t\t<\/span><span class=\"comment-quality cf\"><span class=\"green\">+17<\/span><\/span><\/p>\n<\/div>\n<div class=\"commentContent\">&#8220;Dorel love\u0219te din nou. At\u00e2t am de zis. Mai multe voi spune dup\u0103 ce voi vorbi cu avoca\u021bii mei. M\u0103 a\u0219teptam la ceva, dar nu la ceva at\u00e2t de gros. Nu mai cred nimic \u0219i nici nu am crezut vreodat\u0103. Am datoria s\u0103 nu m\u0103 opresc pentru oamenii care m-au votat. Este o datorie fa\u021b\u0103 de mine, dar \u0219i fa\u021b\u0103 de 7% dintre rom\u00e2ni. Nimeni nu m\u0103 poate \u00eenlocui \u00een Parlamentul European. Repet: DOREL LOVE\u0218TE DIN NOU&#8221; &#8211; Mircea Diaconu  <img decoding=\"async\" src=\"https:\/\/www.luju.ro\/staticnew\/smiles\/whistling.gif\" alt=\":-*\"> Dorele, ce-o fi \u00een dosarul \u0103la al t\u0103u cu care te controleaz\u0103 B\u0103sescu?  <img decoding=\"async\" src=\"https:\/\/www.luju.ro\/staticnew\/smiles\/whistling.gif\" alt=\":-*\"><\/div>\n<ul class=\"cf cactions\">\n<li><a class=\"comment-128987\" href rel=\"raspunde\" title=\"Raspunde\">Raspunde<\/a><\/li>\n<li>|<\/li>\n<li><a href class=\"comment-128987\" rel=\"raspunde-citeaza\" title=\"Raspunde cu citat\">Raspunde cu citat<\/a><\/li>\n<li>|<\/li>\n<li><a href class=\"comment-128987\" title=\"Citat\" rel=\"citeaza\">Citat<\/a><\/li>\n<\/ul>\n<\/div>\n<div class=\"sub-comment\" id=\"comentariu-139327\">\n<div class=\"commentBody\">\n<div class=\"commentDate\">\n<p class=\"comment-details cf\"><span class=\"comment-id\"><br \/>\n\t\t\t\t\t\t\t\t#<br \/>\n\t\t\t\t\t\t\t\t<strong>ANI&#8217;S CONTROL &#8211; NOBODY<\/strong><img decoding=\"async\" src=\"https:\/\/www.luju.ro\/staticnew\/images\/calendar.png\" alt=\"date\"><br \/>\n\t\t\t\t\t\t\t\t13 August 2014 10:30<br \/>\n\t\t\t\t\t\t\t<\/span><span class=\"comment-quality cf\"><span class=\"gray\">0<\/span><\/span><\/p>\n<\/div>\n<div class=\"commentContent\">R\u0103spuns: Mandatul lui Mircea Diaconu nu poate fi anulat. Este r\u0103spunsul tran\u015fant al Comisiei Juridice a Parlamentului European la solicitarea Agen\u0163iei Na\u0163ionale de Integritate. Cum e \u0219i NORMAL,  ANI nu poate fi controlat\u0103 de nimeni, vor \u00eenghi\u021bi salahorii s\u0103i g\u0103lu\u0219ca \u0219i vor merge mai departe cu mizeriile!<\/div>\n<ul class=\"cf cactions\">\n<li><a class=\"comment-139327\" href rel=\"raspunde\" title=\"Raspunde\">Raspunde<\/a><\/li>\n<li>|<\/li>\n<li><a href class=\"comment-139327\" rel=\"raspunde-citeaza\" title=\"Raspunde cu citat\">Raspunde cu citat<\/a><\/li>\n<li>|<\/li>\n<li><a href class=\"comment-139327\" title=\"Citat\" rel=\"citeaza\">Citat<\/a><\/li>\n<\/ul>\n<\/div>\n<\/div>\n<\/div>\n<div class=\"sub-comment\" id=\"comentariu-129029\">\n<div class=\"commentBody\">\n<div class=\"commentDate\">\n<p class=\"comment-details cf\"><span class=\"comment-id\"><br \/>\n\t\t\t\t\t\t\t\t#<br \/>\n\t\t\t\t\t\t\t\t<strong>mircea<\/strong><img decoding=\"async\" src=\"https:\/\/www.luju.ro\/staticnew\/images\/calendar.png\" alt=\"date\"><br \/>\n\t\t\t\t\t\t\t\t18 June 2014 20:47<br \/>\n\t\t\t\t\t\t\t<\/span><span class=\"comment-quality cf\"><span class=\"red\">-22<\/span><\/span><\/p>\n<\/div>\n<div class=\"commentContent\">Vreau doar sa subliniez ca in continuare, pe speta lui Diaconu, nu se face absolut nici o referire la conflictul de interese care a atras implicarea ANI ( o agentie respectata la nivel european, alaturi de DNA , DIICOT ) . Se exploateaza exclusiv acest aspect, imoral si abject de altfel, si mai ales populist, al lui Diaconu &#8211; taurasul fantastic care a mers inainte indiferent de &#8220;obstacolele basiste &#8220;, castigand astfel simpatia po******ra. Diacone, fara A3, erai zero. Si o sa fii in continuare zero, pentru nici Merkel, nici Zvoboda, nici macar Nigel nu se uita la A3. Asa a sfatul meu, stai cuminte in banca ta si fa macar act de prezenta, si abtine-te macar de data asta sa iti bagi sotia pe acolo pe undeva. Dar poate totusi exista parghii legale ca PE sa ii invalideze mandatul.<\/div>\n<ul class=\"cf cactions\">\n<li><a class=\"comment-129029\" href rel=\"raspunde\" title=\"Raspunde\">Raspunde<\/a><\/li>\n<li>|<\/li>\n<li><a href class=\"comment-129029\" rel=\"raspunde-citeaza\" title=\"Raspunde cu citat\">Raspunde cu citat<\/a><\/li>\n<li>|<\/li>\n<li><a href class=\"comment-129029\" title=\"Citat\" rel=\"citeaza\">Citat<\/a><\/li>\n<\/ul>\n<\/div>\n<div class=\"sub-comment\" id=\"comentariu-129035\">\n<div class=\"commentBody\">\n<div class=\"commentDate\">\n<p class=\"comment-details cf\"><span class=\"comment-id\"><br \/>\n\t\t\t\t\t\t\t\t#<br \/>\n\t\t\t\t\t\t\t\t<strong>Papulici<\/strong><img decoding=\"async\" src=\"https:\/\/www.luju.ro\/staticnew\/images\/calendar.png\" alt=\"date\"><br \/>\n\t\t\t\t\t\t\t\t18 June 2014 20:56<br \/>\n\t\t\t\t\t\t\t<\/span><span class=\"comment-quality cf\"><span class=\"green\">+18<\/span><\/span><\/p>\n<\/div>\n<div class=\"commentContent\">Pupinb\u0103sism penibil. Aplica\u021bi \u0219abloane pe situa\u021bii care n-au nicio treab\u0103 cu spiritul legilor pe care le interpreta\u021bi cu rectul. Nu exist\u0103 p\u00e2rghii legale s\u0103 sc\u0103p\u0103m de securi\u0219ti. Singura solu\u021bie este utilizarea for\u021bei.<\/div>\n<ul class=\"cf cactions\">\n<li><a class=\"comment-129035\" href rel=\"raspunde\" title=\"Raspunde\">Raspunde<\/a><\/li>\n<li>|<\/li>\n<li><a href class=\"comment-129035\" rel=\"raspunde-citeaza\" title=\"Raspunde cu citat\">Raspunde cu citat<\/a><\/li>\n<li>|<\/li>\n<li><a href class=\"comment-129035\" title=\"Citat\" rel=\"citeaza\">Citat<\/a><\/li>\n<\/ul>\n<\/div>\n<div class=\"sub-comment\" id=\"comentariu-129044\">\n<div class=\"commentBody\">\n<div class=\"commentDate\">\n<p class=\"comment-details cf\"><span class=\"comment-id\"><br \/>\n\t\t\t\t\t\t\t\t#<br \/>\n\t\t\t\t\t\t\t\t<strong>mircea<\/strong><img decoding=\"async\" src=\"https:\/\/www.luju.ro\/staticnew\/images\/calendar.png\" alt=\"date\"><br \/>\n\t\t\t\t\t\t\t\t18 June 2014 21:30<br \/>\n\t\t\t\t\t\t\t<\/span><span class=\"comment-quality cf\"><span class=\"red\">-17<\/span><\/span><\/p>\n<\/div>\n<div class=\"commentContent\">cand ti am zis mai demult ca jumatate din vocabularul tau consta in cuvinte din familia lexicala a numelui lui basescu, m-ai contrazis.<\/div>\n<ul class=\"cf cactions\">\n<li><a class=\"comment-129044\" href rel=\"raspunde\" title=\"Raspunde\">Raspunde<\/a><\/li>\n<li>|<\/li>\n<li><a href class=\"comment-129044\" rel=\"raspunde-citeaza\" title=\"Raspunde cu citat\">Raspunde cu citat<\/a><\/li>\n<li>|<\/li>\n<li><a href class=\"comment-129044\" title=\"Citat\" rel=\"citeaza\">Citat<\/a><\/li>\n<\/ul>\n<\/div>\n<div class=\"sub-comment\" id=\"comentariu-129047\">\n<div class=\"commentBody\">\n<div class=\"commentDate\">\n<p class=\"comment-details cf\"><span class=\"comment-id\"><br \/>\n\t\t\t\t\t\t\t\t#<br \/>\n\t\t\t\t\t\t\t\t<strong>Papulici<\/strong><img decoding=\"async\" src=\"https:\/\/www.luju.ro\/staticnew\/images\/calendar.png\" alt=\"date\"><br \/>\n\t\t\t\t\t\t\t\t18 June 2014 21:38<br \/>\n\t\t\t\t\t\t\t<\/span><span class=\"comment-quality cf\"><span class=\"green\">+15<\/span><\/span><\/p>\n<\/div>\n<div class=\"commentContent\">A\u0219a e. \u0218i ai mai spus c\u0103 nu e\u0219ti pupinb\u0103sist.  <img decoding=\"async\" src=\"https:\/\/www.luju.ro\/staticnew\/smiles\/whistling.gif\" alt=\":-*\"><\/div>\n<ul class=\"cf cactions\">\n<li><a class=\"comment-129047\" href rel=\"raspunde\" title=\"Raspunde\">Raspunde<\/a><\/li>\n<li>|<\/li>\n<li><a href class=\"comment-129047\" rel=\"raspunde-citeaza\" title=\"Raspunde cu citat\">Raspunde cu citat<\/a><\/li>\n<li>|<\/li>\n<li><a href class=\"comment-129047\" title=\"Citat\" rel=\"citeaza\">Citat<\/a><\/li>\n<\/ul>\n<\/div>\n<div class=\"sub-comment\" id=\"comentariu-129050\">\n<div class=\"commentBody\">\n<div class=\"commentDate\">\n<p class=\"comment-details cf\"><span class=\"comment-id\"><br \/>\n\t\t\t\t\t\t\t\t#<br \/>\n\t\t\t\t\t\t\t\t<strong>mircea<\/strong><img decoding=\"async\" src=\"https:\/\/www.luju.ro\/staticnew\/images\/calendar.png\" alt=\"date\"><br \/>\n\t\t\t\t\t\t\t\t18 June 2014 21:59<br \/>\n\t\t\t\t\t\t\t<\/span><span class=\"comment-quality cf\"><span class=\"red\">-14<\/span><\/span><\/p>\n<\/div>\n<div class=\"commentContent\">din punctul meu de vedere n-am zis nimic pro sau contra lui Basescu, dar sunt constient ca auzindu-l pe Badea de 100 ori \/ zi cu basisme in gura, ti se poate netezi materia.<\/div>\n<ul class=\"cf cactions\">\n<li><a class=\"comment-129050\" href rel=\"raspunde\" title=\"Raspunde\">Raspunde<\/a><\/li>\n<li>|<\/li>\n<li><a href class=\"comment-129050\" rel=\"raspunde-citeaza\" title=\"Raspunde cu citat\">Raspunde cu citat<\/a><\/li>\n<li>|<\/li>\n<li><a href class=\"comment-129050\" title=\"Citat\" rel=\"citeaza\">Citat<\/a><\/li>\n<\/ul>\n<\/div>\n<div class=\"sub-comment\" id=\"comentariu-129052\">\n<div class=\"commentBody\">\n<div class=\"commentDate\">\n<p class=\"comment-details cf\"><span class=\"comment-id\"><br \/>\n\t\t\t\t\t\t\t\t#<br \/>\n\t\t\t\t\t\t\t\t<strong>Papulici<\/strong><img decoding=\"async\" src=\"https:\/\/www.luju.ro\/staticnew\/images\/calendar.png\" alt=\"date\"><br \/>\n\t\t\t\t\t\t\t\t18 June 2014 22:07<br \/>\n\t\t\t\t\t\t\t<\/span><span class=\"comment-quality cf\"><span class=\"green\">+11<\/span><\/span><\/p>\n<\/div>\n<div class=\"commentContent\">Ce om \u00eentreg la minte ar avea de zis ceva contra lui B\u0103sescu? \u0218i toat\u0103 propaganda securist\u0103 f\u0103cut\u0103 rezumat zilnic, cu un vocabular extins p\u00e2n\u0103 la 33 de cuvinte, o virgul\u0103 \u0219i dou\u0103 puncte, totul \u00eempachetat \u00een staniol de gemiu. B\u0103iete, \u00ee\u021bi curge din gur\u0103 pe tastatur\u0103.<\/div>\n<ul class=\"cf cactions\">\n<li><a class=\"comment-129052\" href rel=\"raspunde\" title=\"Raspunde\">Raspunde<\/a><\/li>\n<li>|<\/li>\n<li><a href class=\"comment-129052\" rel=\"raspunde-citeaza\" title=\"Raspunde cu citat\">Raspunde cu citat<\/a><\/li>\n<li>|<\/li>\n<li><a href class=\"comment-129052\" title=\"Citat\" rel=\"citeaza\">Citat<\/a><\/li>\n<\/ul>\n<\/div>\n<\/div>\n<div class=\"sub-comment\" id=\"comentariu-129324\">\n<div class=\"commentBody\">\n<div class=\"commentDate\">\n<p class=\"comment-details cf\"><span class=\"comment-id\"><br \/>\n\t\t\t\t\t\t\t\t#<br \/>\n\t\t\t\t\t\t\t\t<strong>MITRU<\/strong><img decoding=\"async\" src=\"https:\/\/www.luju.ro\/staticnew\/images\/calendar.png\" alt=\"date\"><br \/>\n\t\t\t\t\t\t\t\t19 June 2014 16:51<br \/>\n\t\t\t\t\t\t\t<\/span><span class=\"comment-quality cf\"><span class=\"green\">+4<\/span><\/span><\/p>\n<\/div>\n<div class=\"commentContent\">Mirciulica, inteleg, din proprie-ti-le spuse, ca Badea iti produce greata, asta este si nu este condamnabil. Sa inteleg faptul ca nu te ajuta intelectul in a utiliza telecomanda sau, asa cum mai spunea alt imbecil basist, &#8220;il urmaresc pe Badea ca sa-l combat verbal si oral&#8221; &#8211; bravos natiune si cretinoidul se lauda ca este hiper scolarizat. Cam avea dreptate, repetase cam jumatate din anii de liceu si facultatea de drept terminata dar fara licenta.<\/div>\n<ul class=\"cf cactions\">\n<li><a class=\"comment-129324\" href rel=\"raspunde\" title=\"Raspunde\">Raspunde<\/a><\/li>\n<li>|<\/li>\n<li><a href class=\"comment-129324\" rel=\"raspunde-citeaza\" title=\"Raspunde cu citat\">Raspunde cu citat<\/a><\/li>\n<li>|<\/li>\n<li><a href class=\"comment-129324\" title=\"Citat\" rel=\"citeaza\">Citat<\/a><\/li>\n<\/ul>\n<\/div>\n<\/div>\n<\/div>\n<\/div>\n<\/div>\n<\/div>\n<div class=\"sub-comment\" id=\"comentariu-129053\">\n<div class=\"commentBody\">\n<div class=\"commentDate\">\n<p class=\"comment-details cf\"><span class=\"comment-id\"><br \/>\n\t\t\t\t\t\t\t\t#<br \/>\n\t\t\t\t\t\t\t\t<strong>avocat traditional<\/strong><img decoding=\"async\" src=\"https:\/\/www.luju.ro\/staticnew\/images\/calendar.png\" alt=\"date\"><br \/>\n\t\t\t\t\t\t\t\t18 June 2014 22:07<br \/>\n\t\t\t\t\t\t\t<\/span><span class=\"comment-quality cf\"><span class=\"green\">+8<\/span><\/span><\/p>\n<\/div>\n<div class=\"commentContent\">mai mircea procurorule,tu nu ai nici un pic de rusine?Chiar in haklulk asta te-au educqat aia de la INM si de la parchet?Sa n u vezi altceva decat infractori ,infractiouni si pe de algta parte icoane sfinte la DNA?Adresarea aia ca tre maestru Diaconu pute tare a amenintare deneaista.Nu realizezi situatia in care te afli?In locul lui Nitu,as face verificari,te-as dibui si te-as da afara.dar nu te speria cu Nitu,Luluta,basescu nu vei pati nimic.Totusi,e rusinos din partea ta.macar aia de la DNA o fac pe fata nu \u00a0sub plapuma anonimatului.<\/div>\n<ul class=\"cf cactions\">\n<li><a class=\"comment-129053\" href rel=\"raspunde\" title=\"Raspunde\">Raspunde<\/a><\/li>\n<li>|<\/li>\n<li><a href class=\"comment-129053\" rel=\"raspunde-citeaza\" title=\"Raspunde cu citat\">Raspunde cu citat<\/a><\/li>\n<li>|<\/li>\n<li><a href class=\"comment-129053\" title=\"Citat\" rel=\"citeaza\">Citat<\/a><\/li>\n<\/ul>\n<\/div>\n<\/div>\n<div class=\"sub-comment\" id=\"comentariu-129161\">\n<div class=\"commentBody\">\n<div class=\"commentDate\">\n<p class=\"comment-details cf\"><span class=\"comment-id\"><br \/>\n\t\t\t\t\t\t\t\t#<br \/>\n\t\t\t\t\t\t\t\t<strong>o pensionara<\/strong><img decoding=\"async\" src=\"https:\/\/www.luju.ro\/staticnew\/images\/calendar.png\" alt=\"date\"><br \/>\n\t\t\t\t\t\t\t\t19 June 2014 10:39<br \/>\n\t\t\t\t\t\t\t<\/span><span class=\"comment-quality cf\"><span class=\"green\">+5<\/span><\/span><\/p>\n<\/div>\n<div class=\"commentContent\">eu pana acum o asemenea cerere \u00a0in instanta nu am mai vazut.nu inteleg,daca individul asta stalinist (care apropo&#8230;..nu este deloc usor de data afara,ptr ca asa si-au facut grofii astia legile)tot \u00a0merge inainte \u00a0cu acet razboi personal,dar pe banii nostri impotriva lui diaconu,de ce mama naibii nu angajeaza un avocat,sau macar un student la drept ca sa-l reprezinte si macar sa-i faca o cerere de asa maniera in care sa nu se faca de rahat in fata tuturor?Dar ma rog,basistii nu mai au de mult bun simt,le-a fost castata glanda&#8230;..\n<\/div>\n<ul class=\"cf cactions\">\n<li><a class=\"comment-129161\" href rel=\"raspunde\" title=\"Raspunde\">Raspunde<\/a><\/li>\n<li>|<\/li>\n<li><a href class=\"comment-129161\" rel=\"raspunde-citeaza\" title=\"Raspunde cu citat\">Raspunde cu citat<\/a><\/li>\n<li>|<\/li>\n<li><a href class=\"comment-129161\" title=\"Citat\" rel=\"citeaza\">Citat<\/a><\/li>\n<\/ul>\n<\/div>\n<\/div>\n<\/div>\n<\/div>\n<div class=\"comment\" id=\"comentariu-128980\">\n<div class=\"commentBody\">\n<div class=\"commentDate\">\n<p class=\"comment-details cf\"><span class=\"comment-id\"><br \/>\n\t\t\t\t\t\t\t\t#<br \/>\n\t\t\t\t\t\t\t\t<strong>unul din lumea cea mare<\/strong><img decoding=\"async\" src=\"https:\/\/www.luju.ro\/staticnew\/images\/calendar.png\" alt=\"date\"><br \/>\n\t\t\t\t\t\t\t\t18 June 2014 17:19<br \/>\n\t\t\t\t\t\t\t<\/span><span class=\"comment-quality cf\"><span class=\"green\">+14<\/span><\/span><\/p>\n<\/div>\n<div class=\"commentContent\">mai horica cu aia mica(si mintea) eu as vrea sa\/ti vad declaratia de avere ca sa vad ,,CIT DE COMPATIBIL CU ANI ,, esti!!!!!!oare esti???dintre toate figurile ,,ilustre si triste,,ale asa zisei justitii romanesti esti al 2 lea care seamana cu un LIMBRIC.la dracu trebuie sa va departajez cumva LIMBRICUL 1 VASILICA,LIMBRICUL 2 HORICA , siu tu ca si vasilica ati iesit din mediul anaerob pe un scaun si un jilt,deci o sa MURITI DIN CAUZA OXIGENULUI SI A LUMINII(o sa se intimple destul de repede)<\/div>\n<ul class=\"cf cactions\">\n<li><a class=\"comment-128980\" href rel=\"raspunde\" title=\"Raspunde\">Raspunde<\/a><\/li>\n<li>|<\/li>\n<li><a href class=\"comment-128980\" rel=\"raspunde-citeaza\" title=\"Raspunde cu citat\">Raspunde cu citat<\/a><\/li>\n<li>|<\/li>\n<li><a href class=\"comment-128980\" title=\"Citat\" rel=\"citeaza\">Citat<\/a><\/li>\n<\/ul>\n<\/div>\n<\/div>\n<div class=\"comment\" id=\"comentariu-128982\">\n<div class=\"commentBody\">\n<div class=\"commentDate\">\n<p class=\"comment-details cf\"><span class=\"comment-id\"><br \/>\n\t\t\t\t\t\t\t\t#<br \/>\n\t\t\t\t\t\t\t\t<strong>IDEE FIXA<\/strong><img decoding=\"async\" src=\"https:\/\/www.luju.ro\/staticnew\/images\/calendar.png\" alt=\"date\"><br \/>\n\t\t\t\t\t\t\t\t18 June 2014 17:23<br \/>\n\t\t\t\t\t\t\t<\/span><span class=\"comment-quality cf\"><span class=\"green\">+13<\/span><\/span><\/p>\n<\/div>\n<div class=\"commentContent\">Bietul om are o idee si aia fixa ca anticul ala cu Cartagina trebuie distrusa&#8230;<\/div>\n<ul class=\"cf cactions\">\n<li><a class=\"comment-128982\" href rel=\"raspunde\" title=\"Raspunde\">Raspunde<\/a><\/li>\n<li>|<\/li>\n<li><a href class=\"comment-128982\" rel=\"raspunde-citeaza\" title=\"Raspunde cu citat\">Raspunde cu citat<\/a><\/li>\n<li>|<\/li>\n<li><a href class=\"comment-128982\" title=\"Citat\" rel=\"citeaza\">Citat<\/a><\/li>\n<\/ul>\n<\/div>\n<div class=\"sub-comment\" id=\"comentariu-129142\">\n<div class=\"commentBody\">\n<div class=\"commentDate\">\n<p class=\"comment-details cf\"><span class=\"comment-id\"><br \/>\n\t\t\t\t\t\t\t\t#<br \/>\n\t\t\t\t\t\t\t\t<strong>CUI PRODEST<\/strong><img decoding=\"async\" src=\"https:\/\/www.luju.ro\/staticnew\/images\/calendar.png\" alt=\"date\"><br \/>\n\t\t\t\t\t\t\t\t19 June 2014 10:18<br \/>\n\t\t\t\t\t\t\t<\/span><span class=\"comment-quality cf\"><span class=\"green\">+5<\/span><\/span><\/p>\n<\/div>\n<div class=\"commentContent\">Circul\u0103 ideea c\u0103 o fost\u0103 coleg\u0103 de-a lui Mircea Diaconu din PNL se afl\u0103 \u00een spatele acestui r\u0103zboi. De c\u00eend s-au emancipat purt\u0103toarele de fuste vor s\u0103 ias\u0103 \u00een fa\u021b\u0103, chiar c\u0103lc\u00eend pe cadavre&#8230;<\/div>\n<ul class=\"cf cactions\">\n<li><a class=\"comment-129142\" href rel=\"raspunde\" title=\"Raspunde\">Raspunde<\/a><\/li>\n<li>|<\/li>\n<li><a href class=\"comment-129142\" rel=\"raspunde-citeaza\" title=\"Raspunde cu citat\">Raspunde cu citat<\/a><\/li>\n<li>|<\/li>\n<li><a href class=\"comment-129142\" title=\"Citat\" rel=\"citeaza\">Citat<\/a><\/li>\n<\/ul>\n<\/div>\n<div class=\"sub-comment\" id=\"comentariu-129146\">\n<div class=\"commentBody\">\n<div class=\"commentDate\">\n<p class=\"comment-details cf\"><span class=\"comment-id\"><br \/>\n\t\t\t\t\t\t\t\t#<br \/>\n\t\t\t\t\t\t\t\t<strong>Papulici<\/strong><img decoding=\"async\" src=\"https:\/\/www.luju.ro\/staticnew\/images\/calendar.png\" alt=\"date\"><br \/>\n\t\t\t\t\t\t\t\t19 June 2014 10:28<br \/>\n\t\t\t\t\t\t\t<\/span><span class=\"comment-quality cf\"><span class=\"green\">+5<\/span><\/span><\/p>\n<\/div>\n<div class=\"commentContent\">Din moment ce respectiva a fost acceptat\u0103 s\u0103 patroneze mafia transporturilor \u00eenseamn\u0103 c\u0103 face parte din familia securist\u0103.<\/div>\n<ul class=\"cf cactions\">\n<li><a class=\"comment-129146\" href rel=\"raspunde\" title=\"Raspunde\">Raspunde<\/a><\/li>\n<li>|<\/li>\n<li><a href class=\"comment-129146\" rel=\"raspunde-citeaza\" title=\"Raspunde cu citat\">Raspunde cu citat<\/a><\/li>\n<li>|<\/li>\n<li><a href class=\"comment-129146\" title=\"Citat\" rel=\"citeaza\">Citat<\/a><\/li>\n<\/ul>\n<\/div>\n<\/div>\n<\/div>\n<\/div>\n<div class=\"comment\" id=\"comentariu-128995\">\n<div class=\"commentBody\">\n<div class=\"commentDate\">\n<p class=\"comment-details cf\"><span class=\"comment-id\"><br \/>\n\t\t\t\t\t\t\t\t#<br \/>\n\t\t\t\t\t\t\t\t<strong>Avo<\/strong><img decoding=\"async\" src=\"https:\/\/www.luju.ro\/staticnew\/images\/calendar.png\" alt=\"date\"><br \/>\n\t\t\t\t\t\t\t\t18 June 2014 17:48<br \/>\n\t\t\t\t\t\t\t<\/span><span class=\"comment-quality cf\"><span class=\"green\">+10<\/span><\/span><\/p>\n<\/div>\n<div class=\"commentContent\">A\u015fa este, necesit\u0103 tratament, antidepresive, antianxiolitice puternice \u015fi cu avizul medicului poate \u015fi o c\u0103ma\u015f\u0103 cu m\u00e2neci lungi.  Bietul om are o idee si aia fix\u0103, cu care va muri sup\u0103rat. <\/div>\n<ul class=\"cf cactions\">\n<li><a class=\"comment-128995\" href rel=\"raspunde\" title=\"Raspunde\">Raspunde<\/a><\/li>\n<li>|<\/li>\n<li><a href class=\"comment-128995\" rel=\"raspunde-citeaza\" title=\"Raspunde cu citat\">Raspunde cu citat<\/a><\/li>\n<li>|<\/li>\n<li><a href class=\"comment-128995\" title=\"Citat\" rel=\"citeaza\">Citat<\/a><\/li>\n<\/ul>\n<\/div>\n<\/div>\n<div class=\"comment\" id=\"comentariu-128996\">\n<div class=\"commentBody\">\n<div class=\"commentDate\">\n<p class=\"comment-details cf\"><span class=\"comment-id\"><br \/>\n\t\t\t\t\t\t\t\t#<br \/>\n\t\t\t\t\t\t\t\t<strong>livia<\/strong><img decoding=\"async\" src=\"https:\/\/www.luju.ro\/staticnew\/images\/calendar.png\" alt=\"date\"><br \/>\n\t\t\t\t\t\t\t\t18 June 2014 17:49<br \/>\n\t\t\t\t\t\t\t<\/span><span class=\"comment-quality cf\"><span class=\"green\">+13<\/span><\/span><\/p>\n<\/div>\n<div class=\"commentContent\">Internati-l pe nebun!<\/div>\n<ul class=\"cf cactions\">\n<li><a class=\"comment-128996\" href rel=\"raspunde\" title=\"Raspunde\">Raspunde<\/a><\/li>\n<li>|<\/li>\n<li><a href class=\"comment-128996\" rel=\"raspunde-citeaza\" title=\"Raspunde cu citat\">Raspunde cu citat<\/a><\/li>\n<li>|<\/li>\n<li><a href class=\"comment-128996\" title=\"Citat\" rel=\"citeaza\">Citat<\/a><\/li>\n<\/ul>\n<\/div>\n<\/div>\n<div class=\"comment\" id=\"comentariu-129015\">\n<div class=\"commentBody\">\n<div class=\"commentDate\">\n<p class=\"comment-details cf\"><span class=\"comment-id\"><br \/>\n\t\t\t\t\t\t\t\t#<br \/>\n\t\t\t\t\t\t\t\t<strong>basicuta<\/strong><img decoding=\"async\" src=\"https:\/\/www.luju.ro\/staticnew\/images\/calendar.png\" alt=\"date\"><br \/>\n\t\t\t\t\t\t\t\t18 June 2014 19:20<br \/>\n\t\t\t\t\t\t\t<\/span><span class=\"comment-quality cf\"><span class=\"green\">+8<\/span><\/span><\/p>\n<\/div>\n<div class=\"commentContent\">afara, afara cu Horica din tara !!!<\/div>\n<ul class=\"cf cactions\">\n<li><a class=\"comment-129015\" href rel=\"raspunde\" title=\"Raspunde\">Raspunde<\/a><\/li>\n<li>|<\/li>\n<li><a href class=\"comment-129015\" rel=\"raspunde-citeaza\" title=\"Raspunde cu citat\">Raspunde cu citat<\/a><\/li>\n<li>|<\/li>\n<li><a href class=\"comment-129015\" title=\"Citat\" rel=\"citeaza\">Citat<\/a><\/li>\n<\/ul>\n<\/div>\n<\/div>\n<div class=\"comment\" id=\"comentariu-129069\">\n<div class=\"commentBody\">\n<div class=\"commentDate\">\n<p class=\"comment-details cf\"><span class=\"comment-id\"><br \/>\n\t\t\t\t\t\t\t\t#<br \/>\n\t\t\t\t\t\t\t\t<strong>madalin<\/strong><img decoding=\"async\" src=\"https:\/\/www.luju.ro\/staticnew\/images\/calendar.png\" alt=\"date\"><br \/>\n\t\t\t\t\t\t\t\t18 June 2014 23:56<br \/>\n\t\t\t\t\t\t\t<\/span><span class=\"comment-quality cf\"><span class=\"green\">+9<\/span><\/span><\/p>\n<\/div>\n<div class=\"commentContent\">Penibil. Mai are putin si ii cheama in judecata si pe cei peste 300.000 de romani care l-au votat pe Diaconu.<\/div>\n<ul class=\"cf cactions\">\n<li><a class=\"comment-129069\" href rel=\"raspunde\" title=\"Raspunde\">Raspunde<\/a><\/li>\n<li>|<\/li>\n<li><a href class=\"comment-129069\" rel=\"raspunde-citeaza\" title=\"Raspunde cu citat\">Raspunde cu citat<\/a><\/li>\n<li>|<\/li>\n<li><a href class=\"comment-129069\" title=\"Citat\" rel=\"citeaza\">Citat<\/a><\/li>\n<\/ul>\n<\/div>\n<div class=\"sub-comment\" id=\"comentariu-129132\">\n<div class=\"commentBody\">\n<div class=\"commentDate\">\n<p class=\"comment-details cf\"><span class=\"comment-id\"><br \/>\n\t\t\t\t\t\t\t\t#<br \/>\n\t\t\t\t\t\t\t\t<strong>mircea<\/strong><img decoding=\"async\" src=\"https:\/\/www.luju.ro\/staticnew\/images\/calendar.png\" alt=\"date\"><br \/>\n\t\t\t\t\t\t\t\t19 June 2014 09:47<br \/>\n\t\t\t\t\t\t\t<\/span><span class=\"comment-quality cf\"><span class=\"red\">-7<\/span><\/span><\/p>\n<\/div>\n<div class=\"commentContent\">hai sa lasam tatismele lamentabile. Diaconu nu trebuia sa candideze, nu trebuia lasat sa candideze si nu trebuia incurajat un trust media,.<\/div>\n<ul class=\"cf cactions\">\n<li><a class=\"comment-129132\" href rel=\"raspunde\" title=\"Raspunde\">Raspunde<\/a><\/li>\n<li>|<\/li>\n<li><a href class=\"comment-129132\" rel=\"raspunde-citeaza\" title=\"Raspunde cu citat\">Raspunde cu citat<\/a><\/li>\n<li>|<\/li>\n<li><a href class=\"comment-129132\" title=\"Citat\" rel=\"citeaza\">Citat<\/a><\/li>\n<\/ul>\n<\/div>\n<div class=\"sub-comment\" id=\"comentariu-129148\">\n<div class=\"commentBody\">\n<div class=\"commentDate\">\n<p class=\"comment-details cf\"><span class=\"comment-id\"><br \/>\n\t\t\t\t\t\t\t\t#<br \/>\n\t\t\t\t\t\t\t\t<strong>Papulici<\/strong><img decoding=\"async\" src=\"https:\/\/www.luju.ro\/staticnew\/images\/calendar.png\" alt=\"date\"><br \/>\n\t\t\t\t\t\t\t\t19 June 2014 10:29<br \/>\n\t\t\t\t\t\t\t<\/span><span class=\"comment-quality cf\"><span class=\"green\">+6<\/span><\/span><\/p>\n<\/div>\n<div class=\"commentContent\">S\u0103 l\u0103s\u0103m securismele pentru prostovani. A candidat dup\u0103 ce a c\u00e2\u0219tigat \u00een instan\u021b\u0103 toate procesele \u00eencepute de sluga lui B\u0103sescu. A fost votat masiv, ob\u021bin\u00e2nd mai multe voturi dec\u00e2t mafia securist\u0103, iar \u00eentr-o democra\u021bie nu fac securi\u0219tii ce doresc erec\u021biile lor pentru c\u0103 for fi scurta\u021bi de cucuri.<\/div>\n<ul class=\"cf cactions\">\n<li><a class=\"comment-129148\" href rel=\"raspunde\" title=\"Raspunde\">Raspunde<\/a><\/li>\n<li>|<\/li>\n<li><a href class=\"comment-129148\" rel=\"raspunde-citeaza\" title=\"Raspunde cu citat\">Raspunde cu citat<\/a><\/li>\n<li>|<\/li>\n<li><a href class=\"comment-129148\" title=\"Citat\" rel=\"citeaza\">Citat<\/a><\/li>\n<\/ul>\n<\/div>\n<\/div>\n<\/div>\n<\/div>\n<div class=\"comment\" id=\"comentariu-129138\">\n<div class=\"commentBody\">\n<div class=\"commentDate\">\n<p class=\"comment-details cf\"><span class=\"comment-id\"><br \/>\n\t\t\t\t\t\t\t\t#<br \/>\n\t\t\t\t\t\t\t\t<strong>martorul<\/strong><img decoding=\"async\" src=\"https:\/\/www.luju.ro\/staticnew\/images\/calendar.png\" alt=\"date\"><br \/>\n\t\t\t\t\t\t\t\t19 June 2014 10:06<br \/>\n\t\t\t\t\t\t\t<\/span><span class=\"comment-quality cf\"><span class=\"green\">+5<\/span><\/span><\/p>\n<\/div>\n<div class=\"commentContent\">Nu a aderat la grupul po******rilor, nu este de folos! Trebuie pedepsit pentru dreptul la opinie, dreptul la exercitarea profesiei, dreptul la talent! Cei fara talent vor urmari pe cei fara! E si biblic, cand Iosif a avut un vis fratii lui au cautat sa-l oamoare, pentru visul acela. Parca a scris si Tomas Mann despre asta&#8230; In fine, nu aveti visuri, veti plati cu moartea!\n<\/div>\n<ul class=\"cf cactions\">\n<li><a class=\"comment-129138\" href rel=\"raspunde\" title=\"Raspunde\">Raspunde<\/a><\/li>\n<li>|<\/li>\n<li><a href class=\"comment-129138\" rel=\"raspunde-citeaza\" title=\"Raspunde cu citat\">Raspunde cu citat<\/a><\/li>\n<li>|<\/li>\n<li><a href class=\"comment-129138\" title=\"Citat\" rel=\"citeaza\">Citat<\/a><\/li>\n<\/ul>\n<\/div>\n<div class=\"sub-comment\" id=\"comentariu-129152\">\n<div class=\"commentBody\">\n<div class=\"commentDate\">\n<p class=\"comment-details cf\"><span class=\"comment-id\"><br \/>\n\t\t\t\t\t\t\t\t#<br \/>\n\t\t\t\t\t\t\t\t<strong>Papulici<\/strong><img decoding=\"async\" src=\"https:\/\/www.luju.ro\/staticnew\/images\/calendar.png\" alt=\"date\"><br \/>\n\t\t\t\t\t\t\t\t19 June 2014 10:31<br \/>\n\t\t\t\t\t\t\t<\/span><span class=\"comment-quality cf\"><span class=\"green\">+5<\/span><\/span><\/p>\n<\/div>\n<div class=\"commentContent\">Securi\u0219tii sunt incredibili de pro\u0219ti. Au \u00eencercat s\u0103 fac\u0103 din cazul o perdea de fum \u00eempotriva filmelor cu \u0219eful mafiei securiste, dar toate se combin\u0103 perfect. Mafia securist\u0103 din Rom\u00e2nia trebuie destructurat\u0103.<\/div>\n<ul class=\"cf cactions\">\n<li><a class=\"comment-129152\" href rel=\"raspunde\" title=\"Raspunde\">Raspunde<\/a><\/li>\n<li>|<\/li>\n<li><a href class=\"comment-129152\" rel=\"raspunde-citeaza\" title=\"Raspunde cu citat\">Raspunde cu citat<\/a><\/li>\n<li>|<\/li>\n<li><a href class=\"comment-129152\" title=\"Citat\" rel=\"citeaza\">Citat<\/a><\/li>\n<\/ul>\n<\/div>\n<\/div>\n<\/div>\n<\/section>\n<section id=\"comments\">\n<div class=\"heading\">\n<h2>Adauga comentariu<\/h2>\n<\/div>\n<div>\n<div id=\"emoticons-container\">\n<div id=\"comments-form-smilespanel\"><img decoding=\"async\" src=\"https:\/\/www.luju.ro\/static\/smiles\/laugh.gif\" alt=\":D\" class=\"smile\"><img decoding=\"async\" src=\"https:\/\/www.luju.ro\/static\/smiles\/lol.gif\" alt=\":lol:\" class=\"smile\"><img decoding=\"async\" src=\"https:\/\/www.luju.ro\/static\/smiles\/smile.gif\" alt=\":-)\" class=\"smile\"><img decoding=\"async\" src=\"https:\/\/www.luju.ro\/static\/smiles\/wink.gif\" alt=\";-)\" class=\"smile\"><img decoding=\"async\" src=\"https:\/\/www.luju.ro\/static\/smiles\/cool.gif\" alt=\"8)\" class=\"smile\"><img decoding=\"async\" src=\"https:\/\/www.luju.ro\/static\/smiles\/normal.gif\" alt=\":-|\" class=\"smile\"><img decoding=\"async\" src=\"https:\/\/www.luju.ro\/static\/smiles\/whistling.gif\" alt=\":-*\" class=\"smile\"><img decoding=\"async\" src=\"https:\/\/www.luju.ro\/static\/smiles\/redface.gif\" alt=\":oops:\" class=\"smile\"><img decoding=\"async\" src=\"https:\/\/www.luju.ro\/static\/smiles\/sad.gif\" alt=\":sad:\" class=\"smile\"><img decoding=\"async\" src=\"https:\/\/www.luju.ro\/static\/smiles\/cry.gif\" alt=\":cry:\" class=\"smile\"><img decoding=\"async\" src=\"https:\/\/www.luju.ro\/static\/smiles\/surprised.gif\" alt=\":o\" class=\"smile\"><img decoding=\"async\" src=\"https:\/\/www.luju.ro\/static\/smiles\/confused.gif\" alt=\":-?\" class=\"smile\"><img decoding=\"async\" src=\"https:\/\/www.luju.ro\/static\/smiles\/sick.gif\" alt=\":-x\" class=\"smile\"><img decoding=\"async\" src=\"https:\/\/www.luju.ro\/static\/smiles\/shocked.gif\" alt=\":eek:\" class=\"smile\"><img decoding=\"async\" src=\"https:\/\/www.luju.ro\/static\/smiles\/sleeping.gif\" alt=\":zzz\" class=\"smile\"><img decoding=\"async\" src=\"https:\/\/www.luju.ro\/static\/smiles\/tongue.gif\" alt=\":P\" class=\"smile\"><img decoding=\"async\" src=\"https:\/\/www.luju.ro\/static\/smiles\/rolleyes.gif\" alt=\":roll:\" class=\"smile\"><img decoding=\"async\" src=\"https:\/\/www.luju.ro\/static\/smiles\/unsure.gif\" alt=\":sigh:\" class=\"smile\"><\/div>\n<\/div>\n<\/div>\n<div class=\"text-center\">\n<p>DISCLAIMER<\/p>\n<p>Atentie! Postati pe propria raspundere!<br \/> Inainte de a posta, cititi aici regulamentul: <a href=\"https:\/\/www.luju.ro\/termeni-legali-si-conditii\" title=\"Termeni legali si conditii\">Termeni legali si Conditii<\/a><\/p>\n<\/div>\n<\/section>\n<\/article>\n<p> Source URL: https:\/\/www.luju.ro\/oftica-maxima-la-ani-horia-georgescu-a-dat-in-judecata-autoritatea-electorala-permanenta-biroul-electoral-central-si-pe-mircea-diaconu-cerand-cab-anularea-mandatului-de-europarlamentar-solicitam-sa-dispuneti-prin-sentinta-ce-urmeaza-sa-o-pronuntati-obliga<\/p>\n","protected":false},"excerpt":{"rendered":"<p>OFTICA MAXIMA LA ANI \u2013 Horia Georgescu a dat in judecata Autoritatea Electorala Permanenta, Biroul Electoral Central si pe Mircea Diaconu, cerand CAB anularea mandatului de europarlamentar: &#8220;Solicitam sa dispuneti prin sentinta ce urmeaza sa o pronuntati obligarea Autoritatii Electorale Permanente la neacceptarea domnului Mircea Diaconu pentru reprezentarea Romaniei in functia de membru in Parlamentul [&hellip;]<\/p>\n","protected":false},"author":1,"featured_media":0,"comment_status":"open","ping_status":"","sticky":false,"template":"","format":"standard","meta":{"footnotes":""},"categories":[89],"tags":[114],"class_list":["post-842056","post","type-post","status-publish","format-standard","hentry","category-romania","tag-luju-ro"],"_links":{"self":[{"href":"https:\/\/analyse.optim.biz\/index.php?rest_route=\/wp\/v2\/posts\/842056","targetHints":{"allow":["GET"]}}],"collection":[{"href":"https:\/\/analyse.optim.biz\/index.php?rest_route=\/wp\/v2\/posts"}],"about":[{"href":"https:\/\/analyse.optim.biz\/index.php?rest_route=\/wp\/v2\/types\/post"}],"author":[{"embeddable":true,"href":"https:\/\/analyse.optim.biz\/index.php?rest_route=\/wp\/v2\/users\/1"}],"replies":[{"embeddable":true,"href":"https:\/\/analyse.optim.biz\/index.php?rest_route=%2Fwp%2Fv2%2Fcomments&post=842056"}],"version-history":[{"count":0,"href":"https:\/\/analyse.optim.biz\/index.php?rest_route=\/wp\/v2\/posts\/842056\/revisions"}],"wp:attachment":[{"href":"https:\/\/analyse.optim.biz\/index.php?rest_route=%2Fwp%2Fv2%2Fmedia&parent=842056"}],"wp:term":[{"taxonomy":"category","embeddable":true,"href":"https:\/\/analyse.optim.biz\/index.php?rest_route=%2Fwp%2Fv2%2Fcategories&post=842056"},{"taxonomy":"post_tag","embeddable":true,"href":"https:\/\/analyse.optim.biz\/index.php?rest_route=%2Fwp%2Fv2%2Ftags&post=842056"}],"curies":[{"name":"wp","href":"https:\/\/api.w.org\/{rel}","templated":true}]}}