{"id":841860,"date":"2025-12-04T07:44:40","date_gmt":"2025-12-04T04:44:40","guid":{"rendered":"https:\/\/analyse.optim.biz\/?p=841860"},"modified":"2025-12-04T07:44:40","modified_gmt":"2025-12-04T04:44:40","slug":"20n25-la-fuerza-de-la-nostalgia","status":"publish","type":"post","link":"https:\/\/analyse.optim.biz\/?p=841860","title":{"rendered":"20N25: la fuerza de la nostalgia"},"content":{"rendered":"<article>\n<aside class=\"article-aside clearfix\">\n<dl class=\"article-info  muted\">\n<dd class=\"parent-category-name hasTooltip\" title=\"Categor\u00eda de nivel principal o ra\u00edz: \"><span>Columnistas de opini\u00f3n<\/span><\/dd>\n<dd class=\"category-name hasTooltip\" title=\"Categor\u00eda: \"><span>Jordi Garriga<\/span><\/dd>\n<dd class=\"createdby hasTooltip\" title=\"Escrito por \"><span>Jordi Garriga<\/span><span><span><img decoding=\"async\" src=\"https:\/\/www.mediterraneodigital.com\/\/templates\/ja_good\/images\/logo.png\" alt=\"logo\"><\/span><\/span><\/dd>\n<dd class=\"published hasTooltip\" title=\"Publicado: \"><time datetime=\"2025-11-20T12:54:30+01:00\"><br \/>\n\t\t\t\t\t20 Noviembre 2025          <\/time><\/dd>\n<\/dl>\n<\/aside>\n<header class=\"article-header clearfix\">\n<h1 class=\"article-title\"><a href=\"https:\/\/www.mediterraneodigital.com\/opinion\/columnistas-de-opinion\/jordi-garriga\/20m\" title=\"20N25: la fuerza de la nostalgia\"><br \/>\n\t\t\t\t20N25: la fuerza de la nostalgia<\/a><\/h1>\n<\/header>\n<div class=\"pull-none item-image article-image article-image-full\"><span><img decoding=\"async\" src=\"https:\/\/www.mediterraneodigital.com\/images\/2025\/11\/francisco-franco-espana.jpg\" alt><\/span><\/div>\n<section class=\"article-content clearfix\">\n<p>Hace ya 50 a\u00f1os de la muerte de <strong>Francisco Franco<\/strong> y con ello la extinci\u00f3n de su r\u00e9gimen pol\u00edtico. Y sin embargo, a d\u00eda de hoy sigue siendo motivo de debates, disputas, interpretaciones, etc.<\/p>\n<p><a href=\"https:\/\/fueradelimites.com\/resena\/\"><img decoding=\"async\" id=\"resenas-de-casinos-300x250\" alt=\"resenas-de-casinos\" src=\"https:\/\/www.mediterraneodigital.com\/images\/banners\/resenas-de-casinos-300x250.png\" width='300\"' height=\"250\"><\/a><\/p>\n<p>A d\u00eda de hoy sigue habiendo franquistas y antifranquistas. Las medias tintas y las equidistancias caen mal y son sospechosas.<\/p>\n<p>Es la fuerza de la nostalgia. Lo que sucede en este caso es que no es una actitud pol\u00edtica, sino sentimental. Se ama o se odia algo idealizado en positivo o en negativo.<\/p>\n<p><a href=\"https:\/\/www.webapuestas.com\/casas-apuestas?utm_source=300x300&amp;utm_medium=MediterraneoDigital&amp;utm_campaign=CasasdeApuestas\"><img decoding=\"async\" id=\"casas-de-apuestas-webapuestas-300x300\" alt=\"casas-de-apuestas-webapuestas-300x300\" src=\"https:\/\/www.mediterraneodigital.com\/images\/banners\/casas-apuestas-webapuestas.png\" width='300\"' height=\"300\"><\/a><\/p>\n<p>El <strong>R\u00e9gimen del 78<\/strong> usa esta nostalgia a su favor, por supuesto. En psicolog\u00eda dir\u00edamos que significa acabar simb\u00f3licamente con el padre. Necesita marcar una gran diferencia, ya que es su sucesor.<\/p>\n<p>Entonces, el argumento para legitimar su existencia es que qui\u00e9n se opone al<strong> R\u00e9gimen del 78<\/strong> es porque desea un retorno al franquismo. Toda dificultad u obst\u00e1culo se mete en la cuenta de un presunto franquismo residual que todav\u00eda pervivir\u00eda como cad\u00e1ver que sale de su tumba.<\/p>\n<p><a href=\"https:\/\/estacerca.com\/casinos-con-retirada-instantanea\/\"><img decoding=\"async\" id=\"Casinos con retiro inmediato\" alt=\"Casinos con retiro inmediato\" src=\"https:\/\/www.mediterraneodigital.com\/images\/banners\/casinos-con-retiro-inmediato.png\" width='300\"' height=\"250\"><\/a><\/p>\n<p>Ese cad\u00e1ver estar\u00eda tomando cuerpo en muchos j\u00f3venes, transformados en nost\u00e1lgicos de un r\u00e9gimen que vivieron sus abuelos. Son tildados por ello de ignorantes y descerebrados. Siguiendo esa l\u00f3gica, los j\u00f3venes que a su vez sienten nostalgia de la <strong>II Rep\u00fablica<\/strong> de sus tatarabuelos, deben ser doblemente ignorantes y descerebrados&#8230;<\/p>\n<p>De todas formas, ambas actitudes son leg\u00edtimas, porque se corresponden con un sentimiento, ya que nostalgia significa <em>&#8220;dolor de no poder regresar a casa&#8221;<\/em>. Y es que es un reflejo del mundo actual: los espa\u00f1oles hace mucho tiempo que no tenemos patria.<\/p>\n<p><a href=\"https:\/\/clsmining.com\/xml\/index.html#\/\"><img decoding=\"async\" id=\"cls-mining.gif\" alt=\"cls-mining.gif\" src=\"https:\/\/www.mediterraneodigital.com\/images\/banners\/cls-mining.gif\" width='300\"' height=\"250\"><\/a><\/p>\n<p>La nostalgia alrededor del franquismo es ante todo un sentimiento de movilizaci\u00f3n, manipulaci\u00f3n y sobre todo legitimaci\u00f3n o deslegitimaci\u00f3n del actual y real <strong>R\u00e9gimen del 78<\/strong>.<\/p>\n<p>Para los franquistas los males actuales se relacionan con el final del r\u00e9gimen franquista y la reanudaci\u00f3n bajo otra forma de la <strong>II Rep\u00fablica<\/strong>.<\/p>\n<p>Los antifranquistas achacan los males actuales a la supervivencia del franquismo bajo otras formas en el <strong>R\u00e9gimen del 78<\/strong> y suspiran por otra <strong>Rep\u00fablica<\/strong> como la de 1931.<\/p>\n<p>Ambas actitudes no son pol\u00edticas, sino sentimentales y m\u00edticas. Tienen mucha fuerza y expresan algo que s\u00ed es real: que las cosas no van bien.<\/p>\n<p>Lo que no significa autom\u00e1ticamente que antes fueran mejor, ni peor. Hablamos de una fuga irracional.<\/p>\n<p>Los j\u00f3venes que idealizan tanto al franquismo como a la <strong>II Rep\u00fablica<\/strong> no son ignorantes ni descerebrados. Buscan, donde les dejan, modelos, mitos y soluciones. <strong>Espa\u00f1a<\/strong> les duele y que ese dolor lo sientan siempre es una buena noticia, porque todav\u00eda hay patria. Dejad que se equivoquen por tener sangre en las venas.<\/p>\n<p>El franquismo y el antifranquismo, al no ser actitudes pol\u00edticas, sino sentimentales, son posturas realmente pr\u00e1cticas para el statu quo actual, ya que no representan ning\u00fan peligro para los verdaderos due\u00f1os del tinglado.<\/p>\n<p>Las monarqu\u00eda y las familias poderosas que fueron franquistas hoy son socialistas, <em>peperas<\/em>, <em>podemitas<\/em> o <em>voxeras<\/em>. A los datos me remito. Sus descendientes contin\u00faan en 2025 con la misma ideolog\u00eda de sus ancestros, la misma de 1975, 1945 o 1925: <em>&#8220;T\u00fa cuenta historias, que yo contar\u00e9 billetes&#8221;.<\/em><\/p>\n<div id=\"author_infobox\">\n<div class=\"author_infobox_image_profile\"><img decoding=\"async\" src=\"https:\/\/www.mediterraneodigital.com\/images\/columnistas\/jordi-garriga-clave.jpg\" alt=\"Jordi Garriga\"><\/div>\n<div class=\"author_infobox_name\"><span class=\"bold\">Autor:<\/span> Jordi Garriga<\/div>\n<div class=\"author_infobox_socialmedia\"><span class=\"facebook\"><a href=\"https:\/\/www.facebook.com\/jordi.garrigaclave\" title=\"Facebook\" target=\"_blank\"><img decoding=\"async\" src=\"https:\/\/www.mediterraneodigital.com\/plugins\/content\/authorinfobox\/images\/facebook.png\" alt><\/a><\/span><span class=\"twitter\"><a href=\"https:\/\/twitter.com\/Jordigave\" title=\"Twitter\" target=\"_blank\"><img decoding=\"async\" src=\"https:\/\/www.mediterraneodigital.com\/plugins\/content\/authorinfobox\/images\/twitter.png\" alt><\/a><\/span><\/div>\n<div class=\"author_infobox_description\">T\u00e9cnico industrial especializado en direcci\u00f3n de CNC. Colaborador en diversos medios espa\u00f1oles y del extranjero como autor, traductor y organizador. Ensayista, ha publicado varios libros sobre temas hist\u00f3ricos, pol\u00edticos y filos\u00f3ficos. Ha sido militante y cuadro pol\u00edtico en Juntas Espa\u00f1olas y el Movimiento Social Republicano.<\/div>\n<\/div>\n<p><br class=\"clear\"><\/section>\n<\/article>\n<p> Source URL: https:\/\/www.mediterraneodigital.com\/opinion\/columnistas-de-opinion\/jordi-garriga\/20m<\/p>\n","protected":false},"excerpt":{"rendered":"<p>Columnistas de opini\u00f3n Jordi Garriga Jordi Garriga 20 Noviembre 2025 20N25: la fuerza de la nostalgia Hace ya 50 a\u00f1os de la muerte de Francisco Franco y con ello la extinci\u00f3n de su r\u00e9gimen pol\u00edtico. Y sin embargo, a d\u00eda de hoy sigue siendo motivo de debates, disputas, interpretaciones, etc. A d\u00eda de hoy sigue [&hellip;]<\/p>\n","protected":false},"author":1,"featured_media":0,"comment_status":"open","ping_status":"","sticky":false,"template":"","format":"standard","meta":{"footnotes":""},"categories":[88],"tags":[109],"class_list":["post-841860","post","type-post","status-publish","format-standard","hentry","category-spain","tag-mediterraneodigital-com"],"_links":{"self":[{"href":"https:\/\/analyse.optim.biz\/index.php?rest_route=\/wp\/v2\/posts\/841860","targetHints":{"allow":["GET"]}}],"collection":[{"href":"https:\/\/analyse.optim.biz\/index.php?rest_route=\/wp\/v2\/posts"}],"about":[{"href":"https:\/\/analyse.optim.biz\/index.php?rest_route=\/wp\/v2\/types\/post"}],"author":[{"embeddable":true,"href":"https:\/\/analyse.optim.biz\/index.php?rest_route=\/wp\/v2\/users\/1"}],"replies":[{"embeddable":true,"href":"https:\/\/analyse.optim.biz\/index.php?rest_route=%2Fwp%2Fv2%2Fcomments&post=841860"}],"version-history":[{"count":0,"href":"https:\/\/analyse.optim.biz\/index.php?rest_route=\/wp\/v2\/posts\/841860\/revisions"}],"wp:attachment":[{"href":"https:\/\/analyse.optim.biz\/index.php?rest_route=%2Fwp%2Fv2%2Fmedia&parent=841860"}],"wp:term":[{"taxonomy":"category","embeddable":true,"href":"https:\/\/analyse.optim.biz\/index.php?rest_route=%2Fwp%2Fv2%2Fcategories&post=841860"},{"taxonomy":"post_tag","embeddable":true,"href":"https:\/\/analyse.optim.biz\/index.php?rest_route=%2Fwp%2Fv2%2Ftags&post=841860"}],"curies":[{"name":"wp","href":"https:\/\/api.w.org\/{rel}","templated":true}]}}