{"id":841859,"date":"2025-12-04T07:44:23","date_gmt":"2025-12-04T04:44:23","guid":{"rendered":"https:\/\/analyse.optim.biz\/?p=841859"},"modified":"2025-12-04T07:44:23","modified_gmt":"2025-12-04T04:44:23","slug":"verguenza-fiscal","status":"publish","type":"post","link":"https:\/\/analyse.optim.biz\/?p=841859","title":{"rendered":"Verg\u00fcenza fiscal"},"content":{"rendered":"<article>\n<aside class=\"article-aside clearfix\">\n<dl class=\"article-info  muted\">\n<dd class=\"parent-category-name hasTooltip\" title=\"Categor\u00eda de nivel principal o ra\u00edz: \"><span>Columnistas de opini\u00f3n<\/span><\/dd>\n<dd class=\"category-name hasTooltip\" title=\"Categor\u00eda: \"><span>Ramiro Grau<\/span><\/dd>\n<dd class=\"createdby hasTooltip\" title=\"Escrito por \"><span>Ramiro Grau<\/span><span><span><img decoding=\"async\" src=\"https:\/\/www.mediterraneodigital.com\/\/templates\/ja_good\/images\/logo.png\" alt=\"logo\"><\/span><\/span><\/dd>\n<dd class=\"published hasTooltip\" title=\"Publicado: \"><time datetime=\"2025-11-21T11:33:07+01:00\"><br \/>\n\t\t\t\t\t21 Noviembre 2025          <\/time><\/dd>\n<\/dl>\n<\/aside>\n<header class=\"article-header clearfix\">\n<h1 class=\"article-title\"><a href=\"https:\/\/www.mediterraneodigital.com\/opinion\/columnistas-de-opinion\/ramiro-grau\/fiscal-general-estado\" title=\"Verg\u00fcenza fiscal\"><br \/>\n\t\t\t\tVerg\u00fcenza fiscal<\/a><\/h1>\n<\/header>\n<div class=\"pull-none item-image article-image article-image-full\"><span><img decoding=\"async\" src=\"https:\/\/www.mediterraneodigital.com\/images\/2025\/11\/alvaro-garcia-ortiz.jpg\" alt><\/span><\/div>\n<section class=\"article-content clearfix\">\n<p><strong>No me refiero a la merecida condena al fiscal general del r\u00e9gimen comunista sanchista, sino a la actuaci\u00f3n de un nutrido grupo de \u00bffiscales?, aplaudiendo al presunto delincuente (ahora, ya delincuente), en d\u00edas pasados, como si fuera una estrella del rock.<\/strong><\/p>\n<p><a href=\"https:\/\/fueradelimites.com\/resena\/\"><img decoding=\"async\" id=\"resenas-de-casinos-300x250\" alt=\"resenas-de-casinos\" src=\"https:\/\/www.mediterraneodigital.com\/images\/banners\/resenas-de-casinos-300x250.png\" width='300\"' height=\"250\"><\/a><\/p>\n<p>Por supuesto, siempre he pensado, como dec\u00eda do\u00f1a Concepci\u00f3n Arenal, que hay que perseguir al delito, y compadecer al \u00a0criminal, aunque en algunos casos es francamente dif\u00edcil.<\/p>\n<p>Y este es uno de esos casos, en que un alto servidor p\u00fablico ha preferido servir de alfombra roja de aquella persona a la que le debe el cargo, Pedro S\u00e1nchez.<\/p>\n<p><a href=\"https:\/\/www.webapuestas.com\/casas-apuestas?utm_source=300x300&amp;utm_medium=MediterraneoDigital&amp;utm_campaign=CasasdeApuestas\"><img decoding=\"async\" id=\"casas-de-apuestas-webapuestas-300x300\" alt=\"casas-de-apuestas-webapuestas-300x300\" src=\"https:\/\/www.mediterraneodigital.com\/images\/banners\/casas-apuestas-webapuestas.png\" width='300\"' height=\"300\"><\/a><\/p>\n<p><strong>Como ex miembro de la profesi\u00f3n fiscal, me produjo verg\u00fcenza ajena los comentarios jocosos, fuera de lugar, de algunas \u00bffiscales? en el acto del juicio, ri\u00e9ndose de las declaraciones de todo un ilustre Teniente Coronel de la UCO, de la Guardia Civil y, por consiguiente, de ese Benem\u00e9rito Cuerpo, que se est\u00e1 dejando la piel persiguiendo a los delincuentes con mando en plaza.<\/strong><\/p>\n<p>\u00bfDe verdad estas verduleras son conscientes de que, por imperativo constituci\u00f3n, ex art. 124 de la Constituci\u00f3n, los fiscales deben actuar siempre con legalidad e imparcialidad, en defensa de \u201clos derechos de los ciudadanos y del inter\u00e9s p\u00fablico tutelado por la ley\u201d\u2026?<\/p>\n<p><a href=\"https:\/\/estacerca.com\/casinos-con-retirada-instantanea\/\"><img decoding=\"async\" id=\"Casinos con retiro inmediato\" alt=\"Casinos con retiro inmediato\" src=\"https:\/\/www.mediterraneodigital.com\/images\/banners\/casinos-con-retiro-inmediato.png\" width='300\"' height=\"250\"><\/a><\/p>\n<p><strong>Parece que lo \u00fanico que han entendido es el principio de dependencia jer\u00e1rquica, como si fueran el \u00a0ej\u00e9rcito togado de un caudillo bananero, llamado Pedro S\u00e1nchez.<\/strong><\/p>\n<p>Faltando al respeto al Tribunal Supremo, que \u201ces el \u00f3rgano jurisdiccional superior en todos los \u00f3rdenes\u2026\u201d, tal y como dice el art. 123 de la Constituci\u00f3n.<\/p>\n<p><a href=\"https:\/\/clsmining.com\/xml\/index.html#\/\"><img decoding=\"async\" id=\"cls-mining.gif\" alt=\"cls-mining.gif\" src=\"https:\/\/www.mediterraneodigital.com\/images\/banners\/cls-mining.gif\" width='300\"' height=\"250\"><\/a><\/p>\n<p>Luego nos hemos enterado de que tanto esos aplausos, como esas manifestaciones desabridas de algunos fiscales, fueron debidamente orquestados por el ahora delincuente, a quien le deben la canonj\u00eda correspondiente, pues en la fiscal\u00eda actual, hay ya m\u00e1s caciques que indios, es decir, jefes que fiscales de a pie\u2026<\/p>\n<p>Solo puedo decir \u00a1que Dios nos libre de caer en manos de semejantes \u201cfiscales\u201d!<\/p>\n<blockquote class=\"twitter-tweet\" data-width=\"500\" data-dnt=\"true\">\n<p lang=\"es\" dir=\"ltr\">\ud83d\udd34 \u00a1Ni Maduro en Venezuela!<\/p>\n<p>\u00c1lvaro Garc\u00eda Ortiz, primer fiscal general condenado de la historia de Espa\u00f1a, sale ovacionado del Tribunal Supremo. <a href=\"https:\/\/t.co\/4dDZALMoVr\">pic.twitter.com\/4dDZALMoVr<\/a><\/p>\n<p>&mdash; MEDITERR\u00c1NEO DIGITAL (@MediterraneoDGT) <a href=\"https:\/\/twitter.com\/MediterraneoDGT\/status\/1991502648097513978?ref_src=twsrc%5Etfw\">November 20, 2025<\/a><\/p><\/blockquote>\n<p><script async src=\"https:\/\/platform.twitter.com\/widgets.js\" charset=\"utf-8\"><\/script> <\/p>\n<div id=\"author_infobox\">\n<div class=\"author_infobox_image_profile\"><img decoding=\"async\" src=\"https:\/\/www.mediterraneodigital.com\/images\/columnistas\/grau-ramiro.jpg\" alt=\"Ramiro Grau\"><\/div>\n<div class=\"author_infobox_name\"><span class=\"bold\">Autor:<\/span> Ramiro Grau<span class=\"bold marginleft\">Website:<\/span><a href=\"https:\/\/www.ramirograumorancho.com\/\" title=\"Website: https:\/\/www.ramirograumorancho.com\/\">https:\/\/www.ramirograumorancho.com\/<\/a><\/div>\n<div class=\"author_infobox_description\">Ramiro Grau Morancho naci\u00f3 en Laguarres (Huesca), en 1957.<\/p>\n<p>Graduado Social con Premio Extraordinario Final de Carrera y Licenciado en Derecho, por la Universidad de Zaragoza.<\/p>\n<p>Titulado Superior en Relaciones Industriales por la Universidad de Alcal\u00e1.<\/p>\n<p>Licenciado en Ciencias del Trabajo por la Universidad Internacional de Catalu\u00f1a.<\/p>\n<p>Diploma de Estudios Avanzados, DEA, en Derecho, por la Universidad Abad Oliba, de Barcelona.<\/p>\n<p>Acad\u00e9mico Correspondiente de la Real Academia de Jurisprudencia y Legislaci\u00f3n de Espa\u00f1a.<\/p>\n<p>Abogado.<\/p>\n<p>Autor de m\u00e1s de cuarenta libros, algunos con varias ediciones.<\/p>\n<p>Escritor y colaborador de varios diarios digitales, medios de comunicaci\u00f3n social y revistas jur\u00eddicas especializadas, con miles de art\u00edculos publicados.<\/p><\/div>\n<\/div>\n<p><br class=\"clear\"><\/section>\n<\/article>\n<p> Source URL: https:\/\/www.mediterraneodigital.com\/opinion\/columnistas-de-opinion\/ramiro-grau\/fiscal-general-estado<\/p>\n","protected":false},"excerpt":{"rendered":"<p>Columnistas de opini\u00f3n Ramiro Grau Ramiro Grau 21 Noviembre 2025 Verg\u00fcenza fiscal No me refiero a la merecida condena al fiscal general del r\u00e9gimen comunista sanchista, sino a la actuaci\u00f3n de un nutrido grupo de \u00bffiscales?, aplaudiendo al presunto delincuente (ahora, ya delincuente), en d\u00edas pasados, como si fuera una estrella del rock. Por supuesto, [&hellip;]<\/p>\n","protected":false},"author":1,"featured_media":0,"comment_status":"open","ping_status":"","sticky":false,"template":"","format":"standard","meta":{"footnotes":""},"categories":[88],"tags":[109],"class_list":["post-841859","post","type-post","status-publish","format-standard","hentry","category-spain","tag-mediterraneodigital-com"],"_links":{"self":[{"href":"https:\/\/analyse.optim.biz\/index.php?rest_route=\/wp\/v2\/posts\/841859","targetHints":{"allow":["GET"]}}],"collection":[{"href":"https:\/\/analyse.optim.biz\/index.php?rest_route=\/wp\/v2\/posts"}],"about":[{"href":"https:\/\/analyse.optim.biz\/index.php?rest_route=\/wp\/v2\/types\/post"}],"author":[{"embeddable":true,"href":"https:\/\/analyse.optim.biz\/index.php?rest_route=\/wp\/v2\/users\/1"}],"replies":[{"embeddable":true,"href":"https:\/\/analyse.optim.biz\/index.php?rest_route=%2Fwp%2Fv2%2Fcomments&post=841859"}],"version-history":[{"count":0,"href":"https:\/\/analyse.optim.biz\/index.php?rest_route=\/wp\/v2\/posts\/841859\/revisions"}],"wp:attachment":[{"href":"https:\/\/analyse.optim.biz\/index.php?rest_route=%2Fwp%2Fv2%2Fmedia&parent=841859"}],"wp:term":[{"taxonomy":"category","embeddable":true,"href":"https:\/\/analyse.optim.biz\/index.php?rest_route=%2Fwp%2Fv2%2Fcategories&post=841859"},{"taxonomy":"post_tag","embeddable":true,"href":"https:\/\/analyse.optim.biz\/index.php?rest_route=%2Fwp%2Fv2%2Ftags&post=841859"}],"curies":[{"name":"wp","href":"https:\/\/api.w.org\/{rel}","templated":true}]}}