{"id":841797,"date":"2025-12-04T07:17:17","date_gmt":"2025-12-04T04:17:17","guid":{"rendered":"https:\/\/analyse.optim.biz\/?p=841797"},"modified":"2025-12-04T07:17:17","modified_gmt":"2025-12-04T04:17:17","slug":"la-condena-al-fiscal-general-espanol-es-historica-y-sienta-un-precedente","status":"publish","type":"post","link":"https:\/\/analyse.optim.biz\/?p=841797","title":{"rendered":"La condena al fiscal general espa\u00f1ol es hist\u00f3rica y sienta un precedente"},"content":{"rendered":"<article>\n<aside class=\"article-aside clearfix\">\n<dl class=\"article-info  muted\">\n<dd class=\"parent-category-name hasTooltip\" title=\"Categor\u00eda de nivel principal o ra\u00edz: \"><span>Columnistas de opini\u00f3n<\/span><\/dd>\n<dd class=\"category-name hasTooltip\" title=\"Categor\u00eda: \"><span>Erik Encinas<\/span><\/dd>\n<dd class=\"createdby hasTooltip\" title=\"Escrito por \"><span>Erik Encinas<\/span><span><span><img decoding=\"async\" src=\"https:\/\/www.mediterraneodigital.com\/\/templates\/ja_good\/images\/logo.png\" alt=\"logo\"><\/span><\/span><\/dd>\n<dd class=\"published hasTooltip\" title=\"Publicado: \"><time datetime=\"2025-11-24T11:31:17+01:00\"><br \/>\n\t\t\t\t\t24 Noviembre 2025          <\/time><\/dd>\n<\/dl>\n<\/aside>\n<header class=\"article-header clearfix\">\n<h1 class=\"article-title\"><a href=\"https:\/\/www.mediterraneodigital.com\/opinion\/columnistas-de-opinion\/erik-encinas\/fiscal-general-estado\" title=\"La condena al fiscal general espa\u00f1ol es hist\u00f3rica y sienta un precedente\"><br \/>\n\t\t\t\tLa condena al fiscal general espa\u00f1ol es hist\u00f3rica y sienta un precedente<\/a><\/h1>\n<\/header>\n<div class=\"pull-none item-image article-image article-image-full\"><span><img decoding=\"async\" src=\"https:\/\/www.mediterraneodigital.com\/images\/2025\/11\/pedro-sanchez-garcia-ortiz.jpg\" alt><\/span><\/div>\n<section class=\"article-content clearfix\">\n<p>La condena del <strong>Tribunal Supremo<\/strong> contra el fiscal general no es s\u00f3lo una condena contra <strong>\u00c1lvaro Garc\u00eda Ortiz<\/strong>. Lo es tambi\u00e9n para el <strong>Gobierno radical de izquierdas<\/strong> de <strong>Pedro S\u00e1nchez<\/strong> y sus intentos de manipular la justicia espa\u00f1ola a su antojo al m\u00e1s puro estilo autoritario.<\/p>\n<p><a href=\"https:\/\/fueradelimites.com\/resena\/\"><img decoding=\"async\" id=\"resenas-de-casinos-300x250\" alt=\"resenas-de-casinos\" src=\"https:\/\/www.mediterraneodigital.com\/images\/banners\/resenas-de-casinos-300x250.png\" width='300\"' height=\"250\"><\/a><\/p>\n<p>Este pasado 20 de noviembre de 2025, se cumpl\u00edan 50 a\u00f1os de la muerte en la cama del dictador <strong>Francisco Franco<\/strong>, qui\u00e9n es a menudo utilizado como comod\u00edn por la izquierda espa\u00f1ola para desviar la atenci\u00f3n de los verdaderos problemas que atormentan a la sociedad espa\u00f1ola. Pero ni por esas pudieron tapar todos los esc\u00e1ndalos que rodean al <strong>Gobierno de extrema izquierda<\/strong> de <strong>Pedro S\u00e1nchez<\/strong>, porque justamente cuando se recordaba esta fecha, salt\u00f3 a la luz la hist\u00f3rica condena del <strong>Tribunal Supremo<\/strong> contra el fiscal general del <strong>Estado \u00c1lvaro Garc\u00eda Ortiz<\/strong>. Una condena que sin la menor duda es un duro golpe para el <strong>Gobierno<\/strong>, ya que resuena a nivel internacional y se prueban los manoseos autoritarios que ejerce el ejecutivo social comunista en la justicia espa\u00f1ola.<\/p>\n<p>Las acciones radicales del ejecutivo y sus esc\u00e1ndalos de corrupci\u00f3n han machado de manera muy significativa la imagen de <strong>Espa\u00f1a<\/strong>, suponiendo tambi\u00e9n un retroceso muy evidente en materia de derechos y libertades fundamentales, adem\u00e1s de la violaci\u00f3n sistem\u00e1tica de la <strong>Constituci\u00f3n Espa\u00f1ola de 1978<\/strong>. Por lo tanto, el tema en s\u00ed no es s\u00f3lo que el <strong>Tribunal Supremo<\/strong> haya condenado al fiscal general <strong>Garc\u00eda Ortiz<\/strong> por un delito de revelaci\u00f3n de secretos a pena de multa y dos a\u00f1os de inhabilitaci\u00f3n para este alto cargo judicial, sino que es algo mucho m\u00e1s profundo que pone de relieve los tent\u00e1culos pol\u00edticos sobre el poder judicial y medi\u00e1tico para atacar a una rival pol\u00edtica, que en este caso es la popular <strong>Isabel D\u00edaz Ayuso<\/strong>. Unas situaciones m\u00e1s propias de reg\u00edmenes bananeros y dictatoriales como <strong>Venezuela, Nicaragua<\/strong> o <strong>Cuba<\/strong>, que no de la <strong>Uni\u00f3n Europea<\/strong>.<\/p>\n<p><a href=\"https:\/\/www.webapuestas.com\/casas-apuestas?utm_source=300x300&amp;utm_medium=MediterraneoDigital&amp;utm_campaign=CasasdeApuestas\"><img decoding=\"async\" id=\"casas-de-apuestas-webapuestas-300x300\" alt=\"casas-de-apuestas-webapuestas-300x300\" src=\"https:\/\/www.mediterraneodigital.com\/images\/banners\/casas-apuestas-webapuestas.png\" width='300\"' height=\"300\"><\/a><\/p>\n<p>Pero como si fuera poco, el <strong>Gobierno<\/strong> de <strong>Pedro S\u00e1nchez<\/strong> ha atacado a los jueces por tomar esta decisi\u00f3n mostrando su disconformidad, tanto el propio ejecutivo como sus socios separatistas y proetarras. Un nuevo ataque al poder judicial que se une ya a un largo listado de ataques contra un poder judicial que debe mantenerse independiente y sin grandes presiones pol\u00edticas en un pa\u00eds que te\u00f3ricamente es una democracia, como es el caso de <strong>Espa\u00f1a<\/strong>.<\/p>\n<p>Sin embargo, es incuestionable que los datos alarmantes sobre el gran incremento de la corrupci\u00f3n en <strong>Espa\u00f1a<\/strong> y las pol\u00edticas cada vez m\u00e1s radicales del ejecutivo de <strong>S\u00e1nchez<\/strong> est\u00e1n generando cada vez m\u00e1s preocupaci\u00f3n en muchos pa\u00edses europeos y tambi\u00e9n en <strong>Estados Unidos<\/strong>, sobre todo porque <strong>S\u00e1nchez<\/strong> se niega a claudicar y pretende aguantar hasta 2027 con los esc\u00e1ndalos de corrupci\u00f3n, sin prepuestos generales y sin poder aprobar apenas leyes. En definitiva, todo un caos.<\/p>\n<p><a href=\"https:\/\/estacerca.com\/casinos-con-retirada-instantanea\/\"><img decoding=\"async\" id=\"Casinos con retiro inmediato\" alt=\"Casinos con retiro inmediato\" src=\"https:\/\/www.mediterraneodigital.com\/images\/banners\/casinos-con-retiro-inmediato.png\" width='300\"' height=\"250\"><\/a><\/p>\n<div id=\"author_infobox\">\n<div class=\"author_infobox_image_profile\"><img decoding=\"async\" src=\"https:\/\/www.mediterraneodigital.com\/images\/columnistas\/encinas-erik.jpg\" alt=\"Erik Encinas\"><\/div>\n<div class=\"author_infobox_name\"><span class=\"bold\">Autor:<\/span> Erik Encinas<\/div>\n<div class=\"author_infobox_socialmedia\"><span class=\"facebook\"><a href=\"https:\/\/www.facebook.com\/erik.encinasortega\" title=\"Facebook\" target=\"_blank\"><img decoding=\"async\" src=\"https:\/\/www.mediterraneodigital.com\/plugins\/content\/authorinfobox\/images\/facebook.png\" alt><\/a><\/span><span class=\"twitter\"><a href=\"https:\/\/twitter.com\/ERIKEO5555\" title=\"Twitter\" target=\"_blank\"><img decoding=\"async\" src=\"https:\/\/www.mediterraneodigital.com\/plugins\/content\/authorinfobox\/images\/twitter.png\" alt><\/a><\/span><\/div>\n<div class=\"author_infobox_description\">Graduado en Periodismo por la Universidad Pompeu Fabra. Miembro del Colegio de Periodistas de Catalu\u00f1a. Colaborador en diferentes medios de comunicaci\u00f3n, entre ellos MEDITERR\u00c1NEO DIGITAL, Radio Rub\u00ed, VAVEL deportes, Radio Las Palmas o Report.cat. Asesor de comunicaci\u00f3n en JPC Comunicaci\u00f3n.\n<\/div>\n<\/div>\n<p><br class=\"clear\"><\/section>\n<\/article>\n<p> Source URL: https:\/\/www.mediterraneodigital.com\/opinion\/columnistas-de-opinion\/erik-encinas\/fiscal-general-estado<\/p>\n","protected":false},"excerpt":{"rendered":"<p>Columnistas de opini\u00f3n Erik Encinas Erik Encinas 24 Noviembre 2025 La condena al fiscal general espa\u00f1ol es hist\u00f3rica y sienta un precedente La condena del Tribunal Supremo contra el fiscal general no es s\u00f3lo una condena contra \u00c1lvaro Garc\u00eda Ortiz. Lo es tambi\u00e9n para el Gobierno radical de izquierdas de Pedro S\u00e1nchez y sus intentos [&hellip;]<\/p>\n","protected":false},"author":1,"featured_media":0,"comment_status":"open","ping_status":"","sticky":false,"template":"","format":"standard","meta":{"footnotes":""},"categories":[88],"tags":[109],"class_list":["post-841797","post","type-post","status-publish","format-standard","hentry","category-spain","tag-mediterraneodigital-com"],"_links":{"self":[{"href":"https:\/\/analyse.optim.biz\/index.php?rest_route=\/wp\/v2\/posts\/841797","targetHints":{"allow":["GET"]}}],"collection":[{"href":"https:\/\/analyse.optim.biz\/index.php?rest_route=\/wp\/v2\/posts"}],"about":[{"href":"https:\/\/analyse.optim.biz\/index.php?rest_route=\/wp\/v2\/types\/post"}],"author":[{"embeddable":true,"href":"https:\/\/analyse.optim.biz\/index.php?rest_route=\/wp\/v2\/users\/1"}],"replies":[{"embeddable":true,"href":"https:\/\/analyse.optim.biz\/index.php?rest_route=%2Fwp%2Fv2%2Fcomments&post=841797"}],"version-history":[{"count":0,"href":"https:\/\/analyse.optim.biz\/index.php?rest_route=\/wp\/v2\/posts\/841797\/revisions"}],"wp:attachment":[{"href":"https:\/\/analyse.optim.biz\/index.php?rest_route=%2Fwp%2Fv2%2Fmedia&parent=841797"}],"wp:term":[{"taxonomy":"category","embeddable":true,"href":"https:\/\/analyse.optim.biz\/index.php?rest_route=%2Fwp%2Fv2%2Fcategories&post=841797"},{"taxonomy":"post_tag","embeddable":true,"href":"https:\/\/analyse.optim.biz\/index.php?rest_route=%2Fwp%2Fv2%2Ftags&post=841797"}],"curies":[{"name":"wp","href":"https:\/\/api.w.org\/{rel}","templated":true}]}}