{"id":841796,"date":"2025-12-04T07:17:00","date_gmt":"2025-12-04T04:17:00","guid":{"rendered":"https:\/\/analyse.optim.biz\/?p=841796"},"modified":"2025-12-04T07:17:00","modified_gmt":"2025-12-04T04:17:00","slug":"su-sanchidad-tirano-banderas-pedro","status":"publish","type":"post","link":"https:\/\/analyse.optim.biz\/?p=841796","title":{"rendered":"Su Sanchidad, Tirano Banderas Pedro"},"content":{"rendered":"<article>\n<aside class=\"article-aside clearfix\">\n<dl class=\"article-info  muted\">\n<dd class=\"parent-category-name hasTooltip\" title=\"Categor\u00eda de nivel principal o ra\u00edz: \"><span>Columnistas de opini\u00f3n<\/span><\/dd>\n<dd class=\"category-name hasTooltip\" title=\"Categor\u00eda: \"><span>Ramiro Grau<\/span><\/dd>\n<dd class=\"createdby hasTooltip\" title=\"Escrito por \"><span>Ramiro Grau<\/span><span><span><img decoding=\"async\" src=\"https:\/\/www.mediterraneodigital.com\/\/templates\/ja_good\/images\/logo.png\" alt=\"logo\"><\/span><\/span><\/dd>\n<dd class=\"published hasTooltip\" title=\"Publicado: \"><time datetime=\"2025-11-24T12:58:49+01:00\"><br \/>\n\t\t\t\t\t24 Noviembre 2025          <\/time><\/dd>\n<\/dl>\n<\/aside>\n<header class=\"article-header clearfix\">\n<h1 class=\"article-title\"><a href=\"https:\/\/www.mediterraneodigital.com\/opinion\/columnistas-de-opinion\/ramiro-grau\/pedro-sanchez-corrupto\" title=\"Su Sanchidad, Tirano Banderas Pedro\"><br \/>\n\t\t\t\tSu Sanchidad, Tirano Banderas Pedro<\/a><\/h1>\n<\/header>\n<div class=\"pull-none item-image article-image article-image-full\"><span><img decoding=\"async\" src=\"https:\/\/www.mediterraneodigital.com\/images\/2025\/11\/pedro-sanchez-dictador.jpg\" alt><\/span><\/div>\n<section class=\"article-content clearfix\">\n<p><strong>Soy jurista, y como tal me es imposible no alzar la voz en defensa de la separaci\u00f3n de poderes, y del Tribunal Supremo de Espa\u00f1a, m\u00e1xima instancia judicial independiente de nuestra Patria.<\/strong><\/p>\n<p><a href=\"https:\/\/fueradelimites.com\/resena\/\"><img decoding=\"async\" id=\"resenas-de-casinos-300x250\" alt=\"resenas-de-casinos\" src=\"https:\/\/www.mediterraneodigital.com\/images\/banners\/resenas-de-casinos-300x250.png\" width='300\"' height=\"250\"><\/a><\/p>\n<p>El Tribunal Constitucional es otra cosa\u2026, y pronto lo comprobaremos.<\/p>\n<p><strong>Los muy dignos Magistrados del Tribunal Supremo son el Generalato de La Justicia, y tienen la \u00faltima palabra en toda clase de asuntos ordinarios, pues as\u00ed lo quiere la Constituci\u00f3n del 78, y un sistema democr\u00e1tico, digno de tal nombre.<\/strong><\/p>\n<p><a href=\"https:\/\/www.webapuestas.com\/casas-apuestas?utm_source=300x300&amp;utm_medium=MediterraneoDigital&amp;utm_campaign=CasasdeApuestas\"><img decoding=\"async\" id=\"casas-de-apuestas-webapuestas-300x300\" alt=\"casas-de-apuestas-webapuestas-300x300\" src=\"https:\/\/www.mediterraneodigital.com\/images\/banners\/casas-apuestas-webapuestas.png\" width='300\"' height=\"300\"><\/a><\/p>\n<p>Dec\u00eda Montesquieu que hab\u00eda tres poderes, el ejecutivo, el legislativo y el judicial, pero la realidad es que el legislativo conforma el ejecutivo, de tal forma que la mayor\u00eda pol\u00edtica domina esos dos poderes.<\/p>\n<p>Aunque esa fr\u00e1gil mayor\u00eda est\u00e9 formada, en el caso de la Espa\u00f1a actual, por partidos separatistas y proetarras, partidarios de la separaci\u00f3n del \u00a0Estado, o la imposici\u00f3n de su poder por la fuerza del terrorismo\u2026, si les \u201cfallan\u201d las elecciones.<\/p>\n<p><a href=\"https:\/\/estacerca.com\/casinos-con-retirada-instantanea\/\"><img decoding=\"async\" id=\"Casinos con retiro inmediato\" alt=\"Casinos con retiro inmediato\" src=\"https:\/\/www.mediterraneodigital.com\/images\/banners\/casinos-con-retiro-inmediato.png\" width='300\"' height=\"250\"><\/a><\/p>\n<p>Una Fiscal\u00eda General del Estado que lleva d\u00e9cadas si\u00e9ndolo solo del gobierno de turno, y hoy en d\u00eda, del r\u00e9gimen comunista sanchista, y cuyo fiscal general ha sido recientemente condenado.<\/p>\n<p><strong>Frente a esa condena, impuesta con todas las de la ley, instrucci\u00f3n, juicio oral, pruebas documentales, testificales, periciales, etc., se alza la voz de Tirano Banderas Pedro S\u00e1nchez, que antes de dictarse sentencia ya proclam\u00f3 \u201cla inocencia\u201d de \u201csu\u201d fiscal general.<\/strong><\/p>\n<p><a href=\"https:\/\/clsmining.com\/xml\/index.html#\/\"><img decoding=\"async\" id=\"cls-mining.gif\" alt=\"cls-mining.gif\" src=\"https:\/\/www.mediterraneodigital.com\/images\/banners\/cls-mining.gif\" width='300\"' height=\"250\"><\/a><\/p>\n<p>Para S\u00e1nchez, ni que decir tiene, su esposa, Bego\u00f1a G\u00f3mez, es inocente, su hermano tambi\u00e9n es inocente, la financiaci\u00f3n a base de mordidas de su partido \u00a0(m\u00e1s bien partida), la PSOE, tampoco existe, etc.<\/p>\n<p><strong>Y los jueces, exactamente todos los jueces que le lleven la contraria, \u00a1son unos fachas recalcitrantes, a los que hay que expulsar de la carrera judicial y, en su caso, encarcelar!<\/strong><\/p>\n<p>Pero, \u00bfen qu\u00e9 pa\u00eds vivimos\u2026?<\/p>\n<p>\u00bfDe verdad las nuevas generaciones consideran \u201cnormales\u201d estos desaforados ataques al Poder Judicial, \u00fanico poder que no est\u00e1 controlado y sometido por el r\u00e9gimen comunista sanchista\u2026?<\/p>\n<p>Las sentencias firmes, como sucede en este caso, se acatan, cumplen y ejecutan.<\/p>\n<p>Y no hay m\u00e1s.<\/p>\n<p>Se podr\u00e1 discrepar de ellas, desde un punto de vista intelectual, incluso jur\u00eddico, pero la fuerza del Derecho, y de un sistema democr\u00e1tico como Dios manda, exige que se respeten, pues son la expresi\u00f3n de la voluntad popular.<\/p>\n<p>Llevamos medio siglo de lucha y trabajo en pro de un sistema democr\u00e1tico y un Estado de Derecho, y no es en absoluto admisible que un tarambana, un corrupto, un inepto y un traidor se cisque en todo lo conseguido, que ha costado tanto esfuerzo.<\/p>\n<p>O que se \u201ctrabaje\u201d denodadamente para la destrucci\u00f3n de nuestra Patria, primera naci\u00f3n unificada de Europa, desde hace m\u00e1s de cinco siglos.<\/p>\n<p>Espero que S\u00e1nchez acabe pronto donde tiene que estar, en el banquillo de los acusados, para responder de sus m\u00faltiples fechor\u00edas, como procede en un Estado de Derecho, digno de tal nombre.<\/p>\n<div id=\"author_infobox\">\n<div class=\"author_infobox_image_profile\"><img decoding=\"async\" src=\"https:\/\/www.mediterraneodigital.com\/images\/columnistas\/grau-ramiro.jpg\" alt=\"Ramiro Grau\"><\/div>\n<div class=\"author_infobox_name\"><span class=\"bold\">Autor:<\/span> Ramiro Grau<span class=\"bold marginleft\">Website:<\/span><a href=\"https:\/\/www.ramirograumorancho.com\/\" title=\"Website: https:\/\/www.ramirograumorancho.com\/\">https:\/\/www.ramirograumorancho.com\/<\/a><\/div>\n<div class=\"author_infobox_description\">Ramiro Grau Morancho naci\u00f3 en Laguarres (Huesca), en 1957.<\/p>\n<p>Graduado Social con Premio Extraordinario Final de Carrera y Licenciado en Derecho, por la Universidad de Zaragoza.<\/p>\n<p>Titulado Superior en Relaciones Industriales por la Universidad de Alcal\u00e1.<\/p>\n<p>Licenciado en Ciencias del Trabajo por la Universidad Internacional de Catalu\u00f1a.<\/p>\n<p>Diploma de Estudios Avanzados, DEA, en Derecho, por la Universidad Abad Oliba, de Barcelona.<\/p>\n<p>Acad\u00e9mico Correspondiente de la Real Academia de Jurisprudencia y Legislaci\u00f3n de Espa\u00f1a.<\/p>\n<p>Abogado.<\/p>\n<p>Autor de m\u00e1s de cuarenta libros, algunos con varias ediciones.<\/p>\n<p>Escritor y colaborador de varios diarios digitales, medios de comunicaci\u00f3n social y revistas jur\u00eddicas especializadas, con miles de art\u00edculos publicados.<\/p><\/div>\n<\/div>\n<p><br class=\"clear\"><\/section>\n<\/article>\n<p> Source URL: https:\/\/www.mediterraneodigital.com\/opinion\/columnistas-de-opinion\/ramiro-grau\/pedro-sanchez-corrupto<\/p>\n","protected":false},"excerpt":{"rendered":"<p>Columnistas de opini\u00f3n Ramiro Grau Ramiro Grau 24 Noviembre 2025 Su Sanchidad, Tirano Banderas Pedro Soy jurista, y como tal me es imposible no alzar la voz en defensa de la separaci\u00f3n de poderes, y del Tribunal Supremo de Espa\u00f1a, m\u00e1xima instancia judicial independiente de nuestra Patria. El Tribunal Constitucional es otra cosa\u2026, y pronto [&hellip;]<\/p>\n","protected":false},"author":1,"featured_media":0,"comment_status":"open","ping_status":"","sticky":false,"template":"","format":"standard","meta":{"footnotes":""},"categories":[88],"tags":[109],"class_list":["post-841796","post","type-post","status-publish","format-standard","hentry","category-spain","tag-mediterraneodigital-com"],"_links":{"self":[{"href":"https:\/\/analyse.optim.biz\/index.php?rest_route=\/wp\/v2\/posts\/841796","targetHints":{"allow":["GET"]}}],"collection":[{"href":"https:\/\/analyse.optim.biz\/index.php?rest_route=\/wp\/v2\/posts"}],"about":[{"href":"https:\/\/analyse.optim.biz\/index.php?rest_route=\/wp\/v2\/types\/post"}],"author":[{"embeddable":true,"href":"https:\/\/analyse.optim.biz\/index.php?rest_route=\/wp\/v2\/users\/1"}],"replies":[{"embeddable":true,"href":"https:\/\/analyse.optim.biz\/index.php?rest_route=%2Fwp%2Fv2%2Fcomments&post=841796"}],"version-history":[{"count":0,"href":"https:\/\/analyse.optim.biz\/index.php?rest_route=\/wp\/v2\/posts\/841796\/revisions"}],"wp:attachment":[{"href":"https:\/\/analyse.optim.biz\/index.php?rest_route=%2Fwp%2Fv2%2Fmedia&parent=841796"}],"wp:term":[{"taxonomy":"category","embeddable":true,"href":"https:\/\/analyse.optim.biz\/index.php?rest_route=%2Fwp%2Fv2%2Fcategories&post=841796"},{"taxonomy":"post_tag","embeddable":true,"href":"https:\/\/analyse.optim.biz\/index.php?rest_route=%2Fwp%2Fv2%2Ftags&post=841796"}],"curies":[{"name":"wp","href":"https:\/\/api.w.org\/{rel}","templated":true}]}}