{"id":841575,"date":"2025-12-04T05:29:26","date_gmt":"2025-12-04T02:29:26","guid":{"rendered":"https:\/\/analyse.optim.biz\/?p=841575"},"modified":"2025-12-04T05:29:26","modified_gmt":"2025-12-04T02:29:26","slug":"muere-james-watson-premio-nobel-que-fue-cancelado-tras-decir-que-los-negros-son-geneticamente-inferiores","status":"publish","type":"post","link":"https:\/\/analyse.optim.biz\/?p=841575","title":{"rendered":"Muere James Watson, premio Nobel que fue cancelado tras decir que los negros son gen\u00e9ticamente inferiores"},"content":{"rendered":"<article>\n<aside class=\"article-aside clearfix\">\n<dl class=\"article-info  muted\">\n<dd class=\"category-name hasTooltip\" title=\"Categor\u00eda: \"><span>Historia<\/span><\/dd>\n<dd class=\"createdby hasTooltip\" title=\"Escrito por \"><span>Irene Franco<\/span><span><span><img decoding=\"async\" src=\"https:\/\/www.mediterraneodigital.com\/\/templates\/ja_good\/images\/logo.png\" alt=\"logo\"><\/span><\/span><\/dd>\n<dd class=\"published hasTooltip\" title=\"Publicado: \"><time datetime=\"2025-11-09T19:56:47+01:00\"><br \/>\n\t\t\t\t\t09 Noviembre 2025          <\/time><\/dd>\n<\/dl>\n<\/aside>\n<header class=\"article-header clearfix\">\n<h1 class=\"article-title\"><a href=\"https:\/\/www.mediterraneodigital.com\/historia\/james-watson\" title=\"Muere James Watson, premio Nobel que fue cancelado tras decir que los negros son gen\u00e9ticamente inferiores\"><br \/>\n\t\t\t\tMuere James Watson, premio Nobel que fue cancelado tras decir que los negros son gen\u00e9ticamente inferiores<\/a><\/h1>\n<\/header>\n<div class=\"pull-none item-image article-image article-image-full\"><span><img decoding=\"async\" src=\"https:\/\/www.mediterraneodigital.com\/images\/2025\/11\/james-watson.jpg\" alt><\/span><\/div>\n<section class=\"article-content clearfix\">\n<p data-start=\"317\" data-end=\"774\">El cient\u00edfico estadounidense <strong data-start=\"346\" data-end=\"368\">James Dewey Watson<\/strong>, codescubridor de la estructura del <strong>ADN<\/strong> y uno de los nombres m\u00e1s influyentes de la biolog\u00eda moderna, ha fallecido a los <strong data-start=\"489\" data-end=\"500\">97 a\u00f1os<\/strong> en su residencia de <strong>Long Island (Nueva York). Watson<\/strong> fue galardonado con el <strong data-start=\"577\" data-end=\"613\">Premio Nobel de Medicina en 1962<\/strong>, junto a <strong>Francis Crick <\/strong>y<strong> Maurice Wilkins<\/strong>, por su trabajo pionero sobre la doble h\u00e9lice del <strong>ADN<\/strong>, considerado uno de los mayores hitos cient\u00edficos del siglo XX.<\/p>\n<p><a href=\"https:\/\/fueradelimites.com\/resena\/\"><img decoding=\"async\" id=\"resenas-de-casinos-300x250\" alt=\"resenas-de-casinos\" src=\"https:\/\/www.mediterraneodigital.com\/images\/banners\/resenas-de-casinos-300x250.png\" width='300\"' height=\"250\"><\/a><\/p>\n<p data-start=\"776\" data-end=\"1161\">Sin embargo, su legado qued\u00f3 profundamente marcado por la <strong data-start=\"834\" data-end=\"850\">controversia<\/strong>. En los \u00faltimos a\u00f1os fue <strong data-start=\"876\" data-end=\"936\">despojado de sus t\u00edtulos honor\u00edficos y cargos acad\u00e9micos<\/strong> tras reiterar sus pol\u00e9micas opiniones sobre las diferencias raciales en la inteligencia humana, afirmando en repetidas ocasiones que<em> \u201clas personas de raza negra son gen\u00e9ticamente menos inteligentes que las de raza blanca\u201d.<\/em><\/p>\n<h2 data-start=\"1163\" data-end=\"1226\">Un genio de la ciencia y un hombre rodeado de pol\u00e9mica<\/h2>\n<p data-start=\"1227\" data-end=\"1607\"><strong>Watson<\/strong>, que dirigi\u00f3 durante d\u00e9cadas el prestigioso <strong data-start=\"1278\" data-end=\"1311\">Cold Spring Harbor Laboratory<\/strong> de <strong>Nueva York<\/strong>, cay\u00f3 en desgracia en 2007 tras sus primeras declaraciones raciales al diario <strong><em data-start=\"1404\" data-end=\"1422\">The Sunday Times<\/em><\/strong>. Pese a las cr\u00edticas y a la p\u00e9rdida de sus cargos, volvi\u00f3 a defender sus afirmaciones en 2019 durante una entrevista con la cadena <strong>PBS<\/strong>, asegurando que su <em>\u201copini\u00f3n no hab\u00eda cambiado\u201d.<\/em><\/p>\n<p><a href=\"https:\/\/www.webapuestas.com\/casas-apuestas?utm_source=300x300&amp;utm_medium=MediterraneoDigital&amp;utm_campaign=CasasdeApuestas\"><img decoding=\"async\" id=\"casas-de-apuestas-webapuestas-300x300\" alt=\"casas-de-apuestas-webapuestas-300x300\" src=\"https:\/\/www.mediterraneodigital.com\/images\/banners\/casas-apuestas-webapuestas.png\" width='300\"' height=\"300\"><\/a><\/p>\n<p data-start=\"1609\" data-end=\"1927\">Estas palabras llevaron al centro de investigaci\u00f3n que \u00e9l mismo ayud\u00f3 a fundar a <strong data-start=\"1690\" data-end=\"1753\">retirarle definitivamente todos los honores institucionales<\/strong> y a romper p\u00fablicamente con \u00e9l. Desde entonces, <strong>Watson<\/strong> vivi\u00f3 pr\u00e1cticamente retirado de la vida p\u00fablica, centrado en la escritura y en proyectos cient\u00edficos de bajo perfil.<\/p>\n<h2 data-start=\"1929\" data-end=\"1970\">Entre el genio y la controversia<\/h2>\n<p data-start=\"1971\" data-end=\"2232\">Nacido en 1928 en <strong>Chicago, James Watson<\/strong> fue una figura clave en la biolog\u00eda molecular y en el desarrollo del <strong data-start=\"2080\" data-end=\"2106\">Proyecto Genoma Humano<\/strong>. Su trabajo cambi\u00f3 para siempre la medicina moderna al revelar c\u00f3mo se transmite la informaci\u00f3n gen\u00e9tica entre las c\u00e9lulas.<\/p>\n<p><a href=\"https:\/\/estacerca.com\/casinos-con-retirada-instantanea\/\"><img decoding=\"async\" id=\"Casinos con retiro inmediato\" alt=\"Casinos con retiro inmediato\" src=\"https:\/\/www.mediterraneodigital.com\/images\/banners\/casinos-con-retiro-inmediato.png\" width='300\"' height=\"250\"><\/a><\/p>\n<p data-start=\"2234\" data-end=\"2489\">Aun as\u00ed, su figura simboliza tambi\u00e9n <strong data-start=\"2271\" data-end=\"2324\">el choque entre ciencia, \u00e9tica y discurso p\u00fablico<\/strong>. Mientras algunos cient\u00edficos reconocen su innegable contribuci\u00f3n a la gen\u00e9tica, otros consideran que sus posturas raciales y sexistas <em>\u201censombrecieron su legado\u201d.<\/em><\/p>\n<h2 data-start=\"2491\" data-end=\"2533\">Un debate que divide a la ciencia<\/h2>\n<p data-start=\"2534\" data-end=\"2960\">Las declaraciones de <strong>Watson<\/strong> reavivaron en su momento un debate sobre <strong data-start=\"2603\" data-end=\"2692\">los l\u00edmites del discurso cient\u00edfico y la responsabilidad social de los investigadores<\/strong>.<br data-start=\"2693\" data-end=\"2696\"><\/p>\n<p><a href=\"https:\/\/clsmining.com\/xml\/index.html#\/\"><img decoding=\"async\" id=\"cls-mining.gif\" alt=\"cls-mining.gif\" src=\"https:\/\/www.mediterraneodigital.com\/images\/banners\/cls-mining.gif\" width='300\"' height=\"250\"><\/a><\/p>\n<p data-start=\"2534\" data-end=\"2960\">Aunque sus teor\u00edas sobre las diferencias gen\u00e9ticas entre razas fueron rechazadas por la comunidad cient\u00edfica internacional, el caso sigue siendo un ejemplo de c\u00f3mo los grandes descubrimientos no siempre vienen acompa\u00f1ados de un pensamiento humanista a la altura.<\/p>\n<p data-start=\"2962\" data-end=\"3183\"><strong>James Watson<\/strong> deja tras de s\u00ed una figura compleja: <strong data-start=\"3012\" data-end=\"3080\">el hombre que descifr\u00f3 el ADN y cambi\u00f3 la historia de la ciencia<\/strong>, pero tambi\u00e9n el cient\u00edfico que muri\u00f3 apartado del mundo acad\u00e9mico por sus ideas m\u00e1s controvertidas.<\/p>\n<p><a href=\"https:\/\/www.mediterraneodigital.com\/espana\/nacional-4\/racismo-blancos-negros\"><strong>El informe que CENSURAN los medios: el 88&#8217;8% de los negros son asesinados por negros <\/strong><\/a><\/p>\n<div id=\"author_infobox\">\n<div class=\"author_infobox_image_profile\"><img decoding=\"async\" src=\"https:\/\/www.mediterraneodigital.com\/images\/columnistas\/franco-irene.jpg\" alt=\"Irene Franco\"><\/div>\n<div class=\"author_infobox_name\"><span class=\"bold\">Autor:<\/span> Irene Franco<\/div>\n<div class=\"author_infobox_description\">Nacida en Madrid en 1990. Licenciada en Periodismo y Comunicaci\u00f3n Audiovisual. Ha trabajado en prensa escrita y radio, especializ\u00e1ndose en temas sociales, cultura urbana y actualidad pol\u00edtica. Con un estilo directo, cr\u00edtico y sin concesiones, aporta su visi\u00f3n pol\u00edticamente incorrecta en las p\u00e1ginas de MEDITERR\u00c1NEO DIGITAL.<\/div>\n<\/div>\n<p><br class=\"clear\"><\/section>\n<\/article>\n<p> Source URL: https:\/\/www.mediterraneodigital.com\/historia\/james-watson<\/p>\n","protected":false},"excerpt":{"rendered":"<p>Historia Irene Franco 09 Noviembre 2025 Muere James Watson, premio Nobel que fue cancelado tras decir que los negros son gen\u00e9ticamente inferiores El cient\u00edfico estadounidense James Dewey Watson, codescubridor de la estructura del ADN y uno de los nombres m\u00e1s influyentes de la biolog\u00eda moderna, ha fallecido a los 97 a\u00f1os en su residencia de [&hellip;]<\/p>\n","protected":false},"author":1,"featured_media":0,"comment_status":"open","ping_status":"","sticky":false,"template":"","format":"standard","meta":{"footnotes":""},"categories":[88],"tags":[109],"class_list":["post-841575","post","type-post","status-publish","format-standard","hentry","category-spain","tag-mediterraneodigital-com"],"_links":{"self":[{"href":"https:\/\/analyse.optim.biz\/index.php?rest_route=\/wp\/v2\/posts\/841575","targetHints":{"allow":["GET"]}}],"collection":[{"href":"https:\/\/analyse.optim.biz\/index.php?rest_route=\/wp\/v2\/posts"}],"about":[{"href":"https:\/\/analyse.optim.biz\/index.php?rest_route=\/wp\/v2\/types\/post"}],"author":[{"embeddable":true,"href":"https:\/\/analyse.optim.biz\/index.php?rest_route=\/wp\/v2\/users\/1"}],"replies":[{"embeddable":true,"href":"https:\/\/analyse.optim.biz\/index.php?rest_route=%2Fwp%2Fv2%2Fcomments&post=841575"}],"version-history":[{"count":0,"href":"https:\/\/analyse.optim.biz\/index.php?rest_route=\/wp\/v2\/posts\/841575\/revisions"}],"wp:attachment":[{"href":"https:\/\/analyse.optim.biz\/index.php?rest_route=%2Fwp%2Fv2%2Fmedia&parent=841575"}],"wp:term":[{"taxonomy":"category","embeddable":true,"href":"https:\/\/analyse.optim.biz\/index.php?rest_route=%2Fwp%2Fv2%2Fcategories&post=841575"},{"taxonomy":"post_tag","embeddable":true,"href":"https:\/\/analyse.optim.biz\/index.php?rest_route=%2Fwp%2Fv2%2Ftags&post=841575"}],"curies":[{"name":"wp","href":"https:\/\/api.w.org\/{rel}","templated":true}]}}