{"id":841501,"date":"2025-12-04T04:52:56","date_gmt":"2025-12-04T01:52:56","guid":{"rendered":"https:\/\/analyse.optim.biz\/?p=841501"},"modified":"2025-12-04T04:52:56","modified_gmt":"2025-12-04T01:52:56","slug":"toledo-y-cuenca-celebraran-misas-en-memoria-de-franco","status":"publish","type":"post","link":"https:\/\/analyse.optim.biz\/?p=841501","title":{"rendered":"Toledo y Cuenca celebrar\u00e1n misas en memoria de Franco"},"content":{"rendered":"<article>\n<aside class=\"article-aside clearfix\">\n<dl class=\"article-info  muted\">\n<dd class=\"category-name hasTooltip\" title=\"Categor\u00eda: \"><span>Historia<\/span><\/dd>\n<dd class=\"createdby hasTooltip\" title=\"Escrito por \"><span>Irene Franco<\/span><span><span><img decoding=\"async\" src=\"https:\/\/www.mediterraneodigital.com\/\/templates\/ja_good\/images\/logo.png\" alt=\"logo\"><\/span><\/span><\/dd>\n<dd class=\"published hasTooltip\" title=\"Publicado: \"><time datetime=\"2025-11-19T20:37:43+01:00\"><br \/>\n\t\t\t\t\t19 Noviembre 2025          <\/time><\/dd>\n<\/dl>\n<\/aside>\n<header class=\"article-header clearfix\">\n<h1 class=\"article-title\"><a href=\"https:\/\/www.mediterraneodigital.com\/historia\/franco-misas\" title=\"Toledo y Cuenca celebrar\u00e1n misas en memoria de Franco\"><br \/>\n\t\t\t\tToledo y Cuenca celebrar\u00e1n misas en memoria de Franco<\/a><\/h1>\n<\/header>\n<div class=\"pull-none item-image article-image article-image-full\"><span><img decoding=\"async\" src=\"https:\/\/www.mediterraneodigital.com\/images\/2025\/11\/franco-homenaje.jpg\" alt><\/span><\/div>\n<section class=\"article-content clearfix\">\n<p data-start=\"186\" data-end=\"286\">La familia y la <strong>Fundaci\u00f3n Francisco Franco<\/strong> convocan exequias en una docena de ciudades espa\u00f1olas.<\/p>\n<p><a href=\"https:\/\/fueradelimites.com\/resena\/\"><img decoding=\"async\" id=\"resenas-de-casinos-300x250\" alt=\"resenas-de-casinos\" src=\"https:\/\/www.mediterraneodigital.com\/images\/banners\/resenas-de-casinos-300x250.png\" width='300\"' height=\"250\"><\/a><\/p>\n<p data-start=\"288\" data-end=\"708\">Cuando muchos pensaban que la figura de <strong data-start=\"328\" data-end=\"348\">Francisco Franco<\/strong> hab\u00eda quedado enterrada entre leyes de memoria, resignificaciones de calles y traslados nocturnos de tumbas, llega el 50 aniversario de su muerte\u2026 y con \u00e9l, misas. S\u00ed, <strong data-start=\"517\" data-end=\"526\">misas<\/strong>. Y no en cualquier sitio: <strong data-start=\"553\" data-end=\"583\">templos de Toledo y Cuenca<\/strong> estar\u00e1n entre los que celebren exequias en honor al dictador, organizadas por su familia y la fundaci\u00f3n que lleva su nombre.<\/p>\n<p data-start=\"710\" data-end=\"1063\">Las eucarist\u00edas formar\u00e1n parte de una convocatoria nacional que incluye <strong data-start=\"782\" data-end=\"818\">una docena de ciudades espa\u00f1olas<\/strong>, como <strong>Madrid, Valencia, Zaragoza<\/strong> y <strong>Sevilla<\/strong>, demostrando que, medio siglo despu\u00e9s, <strong data-start=\"901\" data-end=\"971\">ning\u00fan decreto consigue borrar del todo un cap\u00edtulo de la historia<\/strong>. Ni siquiera con iniciativas legislativas que pretenden decidir qu\u00e9 recordar y qu\u00e9 olvidar.<\/p>\n<p><a href=\"https:\/\/www.webapuestas.com\/casas-apuestas?utm_source=300x300&amp;utm_medium=MediterraneoDigital&amp;utm_campaign=CasasdeApuestas\"><img decoding=\"async\" id=\"casas-de-apuestas-webapuestas-300x300\" alt=\"casas-de-apuestas-webapuestas-300x300\" src=\"https:\/\/www.mediterraneodigital.com\/images\/banners\/casas-apuestas-webapuestas.png\" width='300\"' height=\"300\"><\/a><\/p>\n<h2 data-start=\"1065\" data-end=\"1116\">50 a\u00f1os despu\u00e9s, la pol\u00e9mica vuelve al altar<\/h2>\n<p data-start=\"1118\" data-end=\"1516\">Los oficios religiosos, seg\u00fan fuentes de la<strong> Fundaci\u00f3n Francisco Franco<\/strong>, ser\u00e1n actos<em> \u201c<strong data-start=\"1203\" data-end=\"1241\">de oraci\u00f3n por el alma del difunto<\/strong>\u201d,<\/em> un discurso que choca de frente con el clima pol\u00edtico actual, donde la memoria hist\u00f3rica se ha convertido en arma arrojadiza, con gobiernos auton\u00f3micos y estatales debatiendo si se debe condenar, homenajear o simplemente prohibir hablar de determinadas figuras del pasado.<\/p>\n<h2 data-start=\"1518\" data-end=\"1565\">Franco, eternamente presente<\/h2>\n<p data-start=\"1567\" data-end=\"1863\">Curioso o no, cada vez que el <strong>General<\/strong> aparece en la actualidad, <strong data-start=\"1631\" data-end=\"1665\">no es por un libro de historia<\/strong>, sino por una pol\u00e9mica pol\u00edtica. Su tumba, sus recuerdos, sus calles, sus menciones en el <strong>BOE<\/strong> y ahora, sus misas. <strong>Espa\u00f1a<\/strong> parece incapaz de dejar de discutir sobre alguien que ya no puede responder.<\/p>\n<p><a href=\"https:\/\/estacerca.com\/casinos-con-retirada-instantanea\/\"><img decoding=\"async\" id=\"Casinos con retiro inmediato\" alt=\"Casinos con retiro inmediato\" src=\"https:\/\/www.mediterraneodigital.com\/images\/banners\/casinos-con-retiro-inmediato.png\" width='300\"' height=\"250\"><\/a><\/p>\n<p data-start=\"1865\" data-end=\"1901\">La pregunta inevitable llega sola: \u00bfCincuenta a\u00f1os despu\u00e9s, <strong>Franco<\/strong> sigue levantando m\u00e1s debate que muchos presidentes vivos?<\/p>\n<h2 data-start=\"1995\" data-end=\"2051\">Entre fieles, detractores y turistas ideol\u00f3gicos<\/h2>\n<p data-start=\"2053\" data-end=\"2291\">Habr\u00e1 quienes acudan a las misas por devoci\u00f3n, por memoria familiar o simplemente por curiosidad hist\u00f3rica. Otros, probablemente, lo har\u00e1n<strong> solo para indignarse, para criticar, protestar o subir una foto a redes con el hashtag de moda.<\/strong><\/p>\n<p><a href=\"https:\/\/clsmining.com\/xml\/index.html#\/\"><img decoding=\"async\" id=\"cls-mining.gif\" alt=\"cls-mining.gif\" src=\"https:\/\/www.mediterraneodigital.com\/images\/banners\/cls-mining.gif\" width='300\"' height=\"250\"><\/a><\/p>\n<p data-start=\"2293\" data-end=\"2527\">Lo que est\u00e1 claro es que, aunque unos quieran rezarle y otros quieran borrarlo de la enciclopedia, <strong data-start=\"2392\" data-end=\"2424\">Franco sigue dando titulares<\/strong>. Y en un pa\u00eds donde hay que pedir permiso hasta para recordar, <strong data-start=\"2488\" data-end=\"2526\">hasta los muertos generan pol\u00e9mica<\/strong>.<\/p>\n<p><a href=\"https:\/\/www.mediterraneodigital.com\/historia\/fnff\" target=\"_blank\"><strong>\u00a1Dictadura! El Gobierno ilegaliza la Fundaci\u00f3n Francisco Franco<\/strong><\/a><\/p>\n<div id=\"author_infobox\">\n<div class=\"author_infobox_image_profile\"><img decoding=\"async\" src=\"https:\/\/www.mediterraneodigital.com\/images\/columnistas\/franco-irene.jpg\" alt=\"Irene Franco\"><\/div>\n<div class=\"author_infobox_name\"><span class=\"bold\">Autor:<\/span> Irene Franco<\/div>\n<div class=\"author_infobox_description\">Nacida en Madrid en 1990. Licenciada en Periodismo y Comunicaci\u00f3n Audiovisual. Ha trabajado en prensa escrita y radio, especializ\u00e1ndose en temas sociales, cultura urbana y actualidad pol\u00edtica. Con un estilo directo, cr\u00edtico y sin concesiones, aporta su visi\u00f3n pol\u00edticamente incorrecta en las p\u00e1ginas de MEDITERR\u00c1NEO DIGITAL.<\/div>\n<\/div>\n<p><br class=\"clear\"><\/section>\n<\/article>\n<p> Source URL: https:\/\/www.mediterraneodigital.com\/historia\/franco-misas<\/p>\n","protected":false},"excerpt":{"rendered":"<p>Historia Irene Franco 19 Noviembre 2025 Toledo y Cuenca celebrar\u00e1n misas en memoria de Franco La familia y la Fundaci\u00f3n Francisco Franco convocan exequias en una docena de ciudades espa\u00f1olas. Cuando muchos pensaban que la figura de Francisco Franco hab\u00eda quedado enterrada entre leyes de memoria, resignificaciones de calles y traslados nocturnos de tumbas, llega [&hellip;]<\/p>\n","protected":false},"author":1,"featured_media":0,"comment_status":"open","ping_status":"","sticky":false,"template":"","format":"standard","meta":{"footnotes":""},"categories":[88],"tags":[109],"class_list":["post-841501","post","type-post","status-publish","format-standard","hentry","category-spain","tag-mediterraneodigital-com"],"_links":{"self":[{"href":"https:\/\/analyse.optim.biz\/index.php?rest_route=\/wp\/v2\/posts\/841501","targetHints":{"allow":["GET"]}}],"collection":[{"href":"https:\/\/analyse.optim.biz\/index.php?rest_route=\/wp\/v2\/posts"}],"about":[{"href":"https:\/\/analyse.optim.biz\/index.php?rest_route=\/wp\/v2\/types\/post"}],"author":[{"embeddable":true,"href":"https:\/\/analyse.optim.biz\/index.php?rest_route=\/wp\/v2\/users\/1"}],"replies":[{"embeddable":true,"href":"https:\/\/analyse.optim.biz\/index.php?rest_route=%2Fwp%2Fv2%2Fcomments&post=841501"}],"version-history":[{"count":0,"href":"https:\/\/analyse.optim.biz\/index.php?rest_route=\/wp\/v2\/posts\/841501\/revisions"}],"wp:attachment":[{"href":"https:\/\/analyse.optim.biz\/index.php?rest_route=%2Fwp%2Fv2%2Fmedia&parent=841501"}],"wp:term":[{"taxonomy":"category","embeddable":true,"href":"https:\/\/analyse.optim.biz\/index.php?rest_route=%2Fwp%2Fv2%2Fcategories&post=841501"},{"taxonomy":"post_tag","embeddable":true,"href":"https:\/\/analyse.optim.biz\/index.php?rest_route=%2Fwp%2Fv2%2Ftags&post=841501"}],"curies":[{"name":"wp","href":"https:\/\/api.w.org\/{rel}","templated":true}]}}