{"id":841500,"date":"2025-12-04T04:52:40","date_gmt":"2025-12-04T01:52:40","guid":{"rendered":"https:\/\/analyse.optim.biz\/?p=841500"},"modified":"2025-12-04T04:52:40","modified_gmt":"2025-12-04T01:52:40","slug":"paris-rinde-homenaje-a-francisco-franco-con-una-misa-en-su-memoria","status":"publish","type":"post","link":"https:\/\/analyse.optim.biz\/?p=841500","title":{"rendered":"Par\u00eds rinde homenaje a Francisco Franco con una misa en su memoria"},"content":{"rendered":"<article>\n<aside class=\"article-aside clearfix\">\n<dl class=\"article-info  muted\">\n<dd class=\"category-name hasTooltip\" title=\"Categor\u00eda: \"><span>Historia<\/span><\/dd>\n<dd class=\"createdby hasTooltip\" title=\"Escrito por \"><span>Irene Franco<\/span><span><span><img decoding=\"async\" src=\"https:\/\/www.mediterraneodigital.com\/\/templates\/ja_good\/images\/logo.png\" alt=\"logo\"><\/span><\/span><\/dd>\n<dd class=\"published hasTooltip\" title=\"Publicado: \"><time datetime=\"2025-11-20T13:16:51+01:00\"><br \/>\n\t\t\t\t\t20 Noviembre 2025          <\/time><\/dd>\n<\/dl>\n<\/aside>\n<header class=\"article-header clearfix\">\n<h1 class=\"article-title\"><a href=\"https:\/\/www.mediterraneodigital.com\/historia\/misa-franco-paris\" title=\"Par\u00eds rinde homenaje a Francisco Franco con una misa en su memoria\"><br \/>\n\t\t\t\tPar\u00eds rinde homenaje a Francisco Franco con una misa en su memoria<\/a><\/h1>\n<\/header>\n<div class=\"pull-none item-image article-image article-image-full\"><span><img decoding=\"async\" src=\"https:\/\/www.mediterraneodigital.com\/images\/2025\/11\/franco-caudillo.jpg\" alt><\/span><\/div>\n<section class=\"article-content clearfix\">\n<p data-start=\"167\" data-end=\"338\">Nueva pol\u00e9mica en <strong>Francia<\/strong>. Apenas unos d\u00edas despu\u00e9s de la misa celebrada en honor del mariscal <strong data-start=\"435\" data-end=\"454\">Philippe P\u00e9tain<\/strong>, jefe del r\u00e9gimen colaboracionista de <strong>Vichy<\/strong> durante la <strong>Segunda Guerra Mundial<\/strong>, <strong>Par\u00eds<\/strong> acoger\u00e1 este 29 de noviembre una <strong data-start=\"573\" data-end=\"631\">misa en recuerdo del General espa\u00f1ol Francisco Franco<\/strong>.<\/p>\n<p><a href=\"https:\/\/fueradelimites.com\/resena\/\"><img decoding=\"async\" id=\"resenas-de-casinos-300x250\" alt=\"resenas-de-casinos\" src=\"https:\/\/www.mediterraneodigital.com\/images\/banners\/resenas-de-casinos-300x250.png\" width='300\"' height=\"250\"><\/a><\/p>\n<p data-start=\"634\" data-end=\"1067\">El homenaje religioso est\u00e1 convocado en la capital francesa con una descripci\u00f3n contundente: acto<strong><em> \u201cen memoria de la victoria en la cruzada espa\u00f1ola contra el bolchevismo\u201d,<\/em><\/strong> en referencia a la <strong>Guerra Civil espa\u00f1ola<\/strong> y al triunfo franquista en 1939. La convocatoria, difundida por c\u00edrculos tradicionalistas, ha reabierto el debate sobre la presencia de simbolog\u00eda hist\u00f3rica ligada a reg\u00edmenes totalitarios en actos p\u00fablicos europeos.<\/p>\n<p data-start=\"1069\" data-end=\"1510\">El hecho de que esta celebraci\u00f3n llegue justo despu\u00e9s del oficio dedicado a <strong data-start=\"1145\" data-end=\"1155\">P\u00e9tain<\/strong>, condenado por colaborar con la <strong>Alemania nazi<\/strong>, ha encendido la pol\u00e9mica. Organizaciones pol\u00edticas y asociaciones memorialistas ya han denunciado lo que consideran una<em> \u201cnormalizaci\u00f3n ideol\u00f3gica\u201d<\/em> de figuras autoritarias en templos cat\u00f3licos franceses, mientras sectores conservadores lo defienden como<em> \u201clibertad de culto\u201d <\/em>y<em> \u201cmemoria hist\u00f3rica alternativa\u201d.<\/em><\/p>\n<p><a href=\"https:\/\/www.webapuestas.com\/casas-apuestas?utm_source=300x300&amp;utm_medium=MediterraneoDigital&amp;utm_campaign=CasasdeApuestas\"><img decoding=\"async\" id=\"casas-de-apuestas-webapuestas-300x300\" alt=\"casas-de-apuestas-webapuestas-300x300\" src=\"https:\/\/www.mediterraneodigital.com\/images\/banners\/casas-apuestas-webapuestas.png\" width='300\"' height=\"300\"><\/a><\/p>\n<p data-start=\"1512\" data-end=\"1799\">La <strong>Iglesia<\/strong> en <strong>Francia<\/strong> se enfrenta as\u00ed a un nuevo foco de tensi\u00f3n. Y mientras la izquierda francesa pone el grito en el cielo, otros recuerdan que en <strong>Espa\u00f1a<\/strong>, pese a d\u00e9cadas de leyes de memoria, cada noviembre decenas de misas en recuerdo de <strong>Franco<\/strong> contin\u00faan celebr\u00e1ndose sin interrupci\u00f3n.<\/p>\n<p data-start=\"1801\" data-end=\"1922\"><strong>Europa<\/strong> debate memoria, ideolog\u00eda, religi\u00f3n y libertad. Y <strong>Par\u00eds<\/strong>, esta semana, vuelve a ser el epicentro\u2026 de sus fantasmas.<\/p>\n<p><a href=\"https:\/\/estacerca.com\/casinos-con-retirada-instantanea\/\"><img decoding=\"async\" id=\"Casinos con retiro inmediato\" alt=\"Casinos con retiro inmediato\" src=\"https:\/\/www.mediterraneodigital.com\/images\/banners\/casinos-con-retiro-inmediato.png\" width='300\"' height=\"250\"><\/a><\/p>\n<p><a href=\"https:\/\/www.mediterraneodigital.com\/historia\/historia-2\/francia-rechaza-retirarle-a-franco-la-legion-de-honor-es-un-heroe-de-guerra\" target=\"_blank\"><strong>Francia rechaza retirarle a Franco la Legi\u00f3n de Honor: &#8216;Es un H\u00e9roe de guerra&#8217;<\/strong><\/a><\/p>\n<div id=\"author_infobox\">\n<div class=\"author_infobox_image_profile\"><img decoding=\"async\" src=\"https:\/\/www.mediterraneodigital.com\/images\/columnistas\/franco-irene.jpg\" alt=\"Irene Franco\"><\/div>\n<div class=\"author_infobox_name\"><span class=\"bold\">Autor:<\/span> Irene Franco<\/div>\n<div class=\"author_infobox_description\">Nacida en Madrid en 1990. Licenciada en Periodismo y Comunicaci\u00f3n Audiovisual. Ha trabajado en prensa escrita y radio, especializ\u00e1ndose en temas sociales, cultura urbana y actualidad pol\u00edtica. Con un estilo directo, cr\u00edtico y sin concesiones, aporta su visi\u00f3n pol\u00edticamente incorrecta en las p\u00e1ginas de MEDITERR\u00c1NEO DIGITAL.<\/div>\n<\/div>\n<p><br class=\"clear\"><a href=\"https:\/\/clsmining.com\/xml\/index.html#\/\"><img decoding=\"async\" id=\"cls-mining.gif\" alt=\"cls-mining.gif\" src=\"https:\/\/www.mediterraneodigital.com\/images\/banners\/cls-mining.gif\" width='300\"' height=\"250\"><\/a><\/section>\n<\/article>\n<p> Source URL: https:\/\/www.mediterraneodigital.com\/historia\/misa-franco-paris<\/p>\n","protected":false},"excerpt":{"rendered":"<p>Historia Irene Franco 20 Noviembre 2025 Par\u00eds rinde homenaje a Francisco Franco con una misa en su memoria Nueva pol\u00e9mica en Francia. Apenas unos d\u00edas despu\u00e9s de la misa celebrada en honor del mariscal Philippe P\u00e9tain, jefe del r\u00e9gimen colaboracionista de Vichy durante la Segunda Guerra Mundial, Par\u00eds acoger\u00e1 este 29 de noviembre una misa [&hellip;]<\/p>\n","protected":false},"author":1,"featured_media":0,"comment_status":"open","ping_status":"","sticky":false,"template":"","format":"standard","meta":{"footnotes":""},"categories":[88],"tags":[109],"class_list":["post-841500","post","type-post","status-publish","format-standard","hentry","category-spain","tag-mediterraneodigital-com"],"_links":{"self":[{"href":"https:\/\/analyse.optim.biz\/index.php?rest_route=\/wp\/v2\/posts\/841500","targetHints":{"allow":["GET"]}}],"collection":[{"href":"https:\/\/analyse.optim.biz\/index.php?rest_route=\/wp\/v2\/posts"}],"about":[{"href":"https:\/\/analyse.optim.biz\/index.php?rest_route=\/wp\/v2\/types\/post"}],"author":[{"embeddable":true,"href":"https:\/\/analyse.optim.biz\/index.php?rest_route=\/wp\/v2\/users\/1"}],"replies":[{"embeddable":true,"href":"https:\/\/analyse.optim.biz\/index.php?rest_route=%2Fwp%2Fv2%2Fcomments&post=841500"}],"version-history":[{"count":0,"href":"https:\/\/analyse.optim.biz\/index.php?rest_route=\/wp\/v2\/posts\/841500\/revisions"}],"wp:attachment":[{"href":"https:\/\/analyse.optim.biz\/index.php?rest_route=%2Fwp%2Fv2%2Fmedia&parent=841500"}],"wp:term":[{"taxonomy":"category","embeddable":true,"href":"https:\/\/analyse.optim.biz\/index.php?rest_route=%2Fwp%2Fv2%2Fcategories&post=841500"},{"taxonomy":"post_tag","embeddable":true,"href":"https:\/\/analyse.optim.biz\/index.php?rest_route=%2Fwp%2Fv2%2Ftags&post=841500"}],"curies":[{"name":"wp","href":"https:\/\/api.w.org\/{rel}","templated":true}]}}