{"id":841499,"date":"2025-12-04T04:52:23","date_gmt":"2025-12-04T01:52:23","guid":{"rendered":"https:\/\/analyse.optim.biz\/?p=841499"},"modified":"2025-12-04T04:52:23","modified_gmt":"2025-12-04T01:52:23","slug":"el-gobierno-sancionara-a-los-participantes-en-el-20n-por-racistas-xenofobas-homofobas-y-antidemocraticas","status":"publish","type":"post","link":"https:\/\/analyse.optim.biz\/?p=841499","title":{"rendered":"El Gobierno sancionar\u00e1 a los participantes en el 20N por \u00abracistas, xen\u00f3fobas, hom\u00f3fobas y antidemocr\u00e1ticas\u00bb"},"content":{"rendered":"<article>\n<aside class=\"article-aside clearfix\">\n<dl class=\"article-info  muted\">\n<dd class=\"category-name hasTooltip\" title=\"Categor\u00eda: \"><span>Historia<\/span><\/dd>\n<dd class=\"createdby hasTooltip\" title=\"Escrito por \"><span>Irene Franco<\/span><span><span><img decoding=\"async\" src=\"https:\/\/www.mediterraneodigital.com\/\/templates\/ja_good\/images\/logo.png\" alt=\"logo\"><\/span><\/span><\/dd>\n<dd class=\"published hasTooltip\" title=\"Publicado: \"><time datetime=\"2025-11-24T11:49:56+01:00\"><br \/>\n\t\t\t\t\t24 Noviembre 2025          <\/time><\/dd>\n<\/dl>\n<\/aside>\n<header class=\"article-header clearfix\">\n<h1 class=\"article-title\"><a href=\"https:\/\/www.mediterraneodigital.com\/historia\/memoria-democratica-20n\" title=\"El Gobierno sancionar\u00e1 a los participantes en el 20N por \u00abracistas, xen\u00f3fobas, hom\u00f3fobas y antidemocr\u00e1ticas\u00bb\"><br \/>\n\t\t\t\tEl Gobierno sancionar\u00e1 a los participantes en el 20N por \u00abracistas, xen\u00f3fobas, hom\u00f3fobas y antidemocr\u00e1ticas\u00bb<\/a><\/h1>\n<\/header>\n<div class=\"pull-none item-image article-image article-image-full\"><span><img decoding=\"async\" src=\"https:\/\/www.mediterraneodigital.com\/images\/2025\/11\/20n-madrid.jpg\" alt><\/span><\/div>\n<section class=\"article-content clearfix\">\n<p data-start=\"288\" data-end=\"456\">El<strong> 20-N<\/strong> vuelve a encender la pol\u00e9mica\u2026 y esta vez no solo en la calle. La <strong data-start=\"532\" data-end=\"569\">Delegaci\u00f3n del Gobierno en Madrid<\/strong> ha anunciado que iniciar\u00e1 un procedimiento de sanciones contra los organizadores de la marcha celebrada este<strong> 20 de noviembre<\/strong>, en la que el <strong>Ejecutivo socialcomunista<\/strong> afirma haber detectado expresiones<strong><em> \u201cracistas, xen\u00f3fobas, hom\u00f3fobas y antidemocr\u00e1ticas\u201d.<\/em><\/strong><\/p>\n<p><a href=\"https:\/\/fueradelimites.com\/resena\/\"><img decoding=\"async\" id=\"resenas-de-casinos-300x250\" alt=\"resenas-de-casinos\" src=\"https:\/\/www.mediterraneodigital.com\/images\/banners\/resenas-de-casinos-300x250.png\" width='300\"' height=\"250\"><\/a><\/p>\n<p data-start=\"808\" data-end=\"935\">El delegado, <strong data-start=\"821\" data-end=\"841\">Francisco Mart\u00edn<\/strong>, asegur\u00f3 ante los medios que se activar\u00e1n los mecanismos previstos en la normativa vigente: <em>\u201cSon absolutamente intolerables y constituyen posibles delitos de odio\u201d, declar\u00f3.<\/em><\/p>\n<h2 data-start=\"1021\" data-end=\"1094\">La Ley de Memoria Democr\u00e1tica, ahora como herramienta sancionadora<\/h2>\n<p data-start=\"1096\" data-end=\"1342\">Por primera vez desde su aprobaci\u00f3n, el <strong>Gobierno<\/strong> plantea utilizar el <strong data-start=\"1165\" data-end=\"1213\">art\u00edculo 10 de la Ley de Memoria Democr\u00e1tica<\/strong> para castigar a los convocantes de un acto pol\u00edtico por supuestos mensajes <strong><em>\u201cde exaltaci\u00f3n de la dictadura o incitaci\u00f3n al odio\u201d.<\/em><\/strong><\/p>\n<p><a href=\"https:\/\/www.webapuestas.com\/casas-apuestas?utm_source=300x300&amp;utm_medium=MediterraneoDigital&amp;utm_campaign=CasasdeApuestas\"><img decoding=\"async\" id=\"casas-de-apuestas-webapuestas-300x300\" alt=\"casas-de-apuestas-webapuestas-300x300\" src=\"https:\/\/www.mediterraneodigital.com\/images\/banners\/casas-apuestas-webapuestas.png\" width='300\"' height=\"300\"><\/a><\/p>\n<p data-start=\"1344\" data-end=\"1590\">La <strong>Delegaci\u00f3n<\/strong> est\u00e1 estudiando la aplicaci\u00f3n de multas administrativas y el traslado de los hechos a <strong>Fiscal\u00eda<\/strong>, en caso de que puedan encajar en delitos tipificados en el <strong data-start=\"1513\" data-end=\"1529\">C\u00f3digo Penal<\/strong>, especialmente en materia de <strong data-start=\"1559\" data-end=\"1589\">delitos de odio o amenazas<\/strong>.<\/p>\n<h2 data-start=\"1592\" data-end=\"1645\">Declaraciones del Gobierno: \u201cextrema gravedad\u201d<\/h2>\n<p data-start=\"1647\" data-end=\"1737\">Fuentes de este departamento califican los mensajes escuchados en la manifestaci\u00f3n como:<\/p>\n<p><a href=\"https:\/\/estacerca.com\/casinos-con-retirada-instantanea\/\"><img decoding=\"async\" id=\"Casinos con retiro inmediato\" alt=\"Casinos con retiro inmediato\" src=\"https:\/\/www.mediterraneodigital.com\/images\/banners\/casinos-con-retiro-inmediato.png\" width='300\"' height=\"250\"><\/a><\/p>\n<ul data-start=\"1739\" data-end=\"1827\">\n<li data-start=\"1739\" data-end=\"1764\"><em>\u201cDe extrema gravedad\u201d<\/em><\/li>\n<li data-start=\"1765\" data-end=\"1800\"><em>\u201cAbiertamente antidemocr\u00e1ticos\u201d<\/em><\/li>\n<li data-start=\"1801\" data-end=\"1827\"><em>\u201cCon amenazas de muerte\u201d<\/em><\/li>\n<\/ul>\n<p data-start=\"1829\" data-end=\"2140\">El <strong>Gobierno<\/strong> sostiene que su actuaci\u00f3n ser\u00e1 <em>\u201cproporcional\u201d<\/em> y<em> \u201cajustada a derecho\u201d<\/em> mientras analiza v\u00eddeos, audios y testimonios. No se especifica a\u00fan el tipo de multa, pero la<strong> Ley de Memoria<\/strong> contempla <strong data-start=\"2029\" data-end=\"2079\">sanciones que pueden alcanzar los 10.000 euros<\/strong> para actos considerados contrarios a la memoria democr\u00e1tica.<\/p>\n<h2 data-start=\"2142\" data-end=\"2203\">Debate abierto: \u00bflibertad de expresi\u00f3n o l\u00edmite penal?<\/h2>\n<p data-start=\"2205\" data-end=\"2265\">El anuncio ya ha abierto la discusi\u00f3n jur\u00eddica y pol\u00edtica:<\/p>\n<p><a href=\"https:\/\/clsmining.com\/xml\/index.html#\/\"><img decoding=\"async\" id=\"cls-mining.gif\" alt=\"cls-mining.gif\" src=\"https:\/\/www.mediterraneodigital.com\/images\/banners\/cls-mining.gif\" width='300\"' height=\"250\"><\/a><\/p>\n<ul data-start=\"2266\" data-end=\"2503\">\n<li data-start=\"2266\" data-end=\"2349\">\u00bfD\u00f3nde termina la libertad de expresi\u00f3n, y d\u00f3nde empieza la incitaci\u00f3n al odio?<\/li>\n<li data-start=\"2350\" data-end=\"2445\">\u00bfDebe la <strong>Ley de Memoria Democr\u00e1tica<\/strong> utilizarse para sancionar proclamas en manifestaciones?<\/li>\n<li data-start=\"2446\" data-end=\"2503\">\u00bfSe abre un precedente de censura pol\u00edtica selectiva?<\/li>\n<\/ul>\n<p data-start=\"2505\" data-end=\"2620\">Lo que para algunos es mera provocaci\u00f3n ideol\u00f3gica, para otros puede tener consecuencias administrativas y penales.<\/p>\n<p data-start=\"2622\" data-end=\"2682\">El <strong>20-N<\/strong> ya no solo tiene marchas: tambi\u00e9n tendr\u00e1 expediente. Todo muy &#8220;democr\u00e1tico&#8221;.<\/p>\n<p><a href=\"https:\/\/www.mediterraneodigital.com\/espana\/cambiar-apellido-franco\" target=\"_blank\"><strong>El Gobierno facilitar\u00e1 a los espa\u00f1oles que se cambien el apellido &#8216;Franco&#8217; para adaptarlo \u00aba la nueva normalidad democr\u00e1tica\u00bb<\/strong><\/a><\/p>\n<div id=\"author_infobox\">\n<div class=\"author_infobox_image_profile\"><img decoding=\"async\" src=\"https:\/\/www.mediterraneodigital.com\/images\/columnistas\/franco-irene.jpg\" alt=\"Irene Franco\"><\/div>\n<div class=\"author_infobox_name\"><span class=\"bold\">Autor:<\/span> Irene Franco<\/div>\n<div class=\"author_infobox_description\">Nacida en Madrid en 1990. Licenciada en Periodismo y Comunicaci\u00f3n Audiovisual. Ha trabajado en prensa escrita y radio, especializ\u00e1ndose en temas sociales, cultura urbana y actualidad pol\u00edtica. Con un estilo directo, cr\u00edtico y sin concesiones, aporta su visi\u00f3n pol\u00edticamente incorrecta en las p\u00e1ginas de MEDITERR\u00c1NEO DIGITAL.<\/div>\n<\/div>\n<p><br class=\"clear\"><\/section>\n<\/article>\n<p> Source URL: https:\/\/www.mediterraneodigital.com\/historia\/memoria-democratica-20n<\/p>\n","protected":false},"excerpt":{"rendered":"<p>Historia Irene Franco 24 Noviembre 2025 El Gobierno sancionar\u00e1 a los participantes en el 20N por \u00abracistas, xen\u00f3fobas, hom\u00f3fobas y antidemocr\u00e1ticas\u00bb El 20-N vuelve a encender la pol\u00e9mica\u2026 y esta vez no solo en la calle. La Delegaci\u00f3n del Gobierno en Madrid ha anunciado que iniciar\u00e1 un procedimiento de sanciones contra los organizadores de la [&hellip;]<\/p>\n","protected":false},"author":1,"featured_media":0,"comment_status":"open","ping_status":"","sticky":false,"template":"","format":"standard","meta":{"footnotes":""},"categories":[88],"tags":[109],"class_list":["post-841499","post","type-post","status-publish","format-standard","hentry","category-spain","tag-mediterraneodigital-com"],"_links":{"self":[{"href":"https:\/\/analyse.optim.biz\/index.php?rest_route=\/wp\/v2\/posts\/841499","targetHints":{"allow":["GET"]}}],"collection":[{"href":"https:\/\/analyse.optim.biz\/index.php?rest_route=\/wp\/v2\/posts"}],"about":[{"href":"https:\/\/analyse.optim.biz\/index.php?rest_route=\/wp\/v2\/types\/post"}],"author":[{"embeddable":true,"href":"https:\/\/analyse.optim.biz\/index.php?rest_route=\/wp\/v2\/users\/1"}],"replies":[{"embeddable":true,"href":"https:\/\/analyse.optim.biz\/index.php?rest_route=%2Fwp%2Fv2%2Fcomments&post=841499"}],"version-history":[{"count":0,"href":"https:\/\/analyse.optim.biz\/index.php?rest_route=\/wp\/v2\/posts\/841499\/revisions"}],"wp:attachment":[{"href":"https:\/\/analyse.optim.biz\/index.php?rest_route=%2Fwp%2Fv2%2Fmedia&parent=841499"}],"wp:term":[{"taxonomy":"category","embeddable":true,"href":"https:\/\/analyse.optim.biz\/index.php?rest_route=%2Fwp%2Fv2%2Fcategories&post=841499"},{"taxonomy":"post_tag","embeddable":true,"href":"https:\/\/analyse.optim.biz\/index.php?rest_route=%2Fwp%2Fv2%2Ftags&post=841499"}],"curies":[{"name":"wp","href":"https:\/\/api.w.org\/{rel}","templated":true}]}}