{"id":840899,"date":"2025-12-02T00:00:00","date_gmt":"2025-12-01T21:00:00","guid":{"rendered":"https:\/\/analyse.optim.biz\/?p=840899"},"modified":"2025-12-02T00:00:00","modified_gmt":"2025-12-01T21:00:00","slug":"terelu-campos-deja-el-teatro-periodista-digital","status":"publish","type":"post","link":"https:\/\/analyse.optim.biz\/?p=840899","title":{"rendered":"Terelu Campos deja el teatro &#8211; Periodista Digital"},"content":{"rendered":"<div class=\"m4p-post-content\">\n<div class=\"block-vertical-align-right\">\n<div class=\"m4p-relations-group\">\n<div class=\"m4p-group-vertical-title\">\n<h2>M\u00e1s informaci\u00f3n<\/h2>\n<\/div>\n<div class=\"m4p-summary-news\">\n<figure class=\"m4p-image m4p-crop-medium-1\"><a href=\"https:\/\/www.periodistadigital.com\/cultura\/cine-y-teatro\/20251202\/ricardo-iii-experiencia-shakespeare-noticia-689405159423\/\"><img loading=\"lazy\" decoding=\"async\" src=\"https:\/\/www.periodistadigital.com\/wp-content\/uploads\/2025\/12\/RICARDOIII-320x214.jpg\" width=\"320\" height=\"214\" alt=\"Ricardo III\"><\/a><\/figure>\n<div class=\"m4p-summary-news-title\">\n<h3><a href=\"https:\/\/www.periodistadigital.com\/cultura\/cine-y-teatro\/20251202\/ricardo-iii-experiencia-shakespeare-noticia-689405159423\/\">RICARDO III: &#8220;Una experiencia Shakespeare&#8221;<\/a><\/h3>\n<\/div>\n<\/div>\n<div class=\"m4p-summary-news\">\n<figure class=\"m4p-image m4p-crop-medium-1\"><a href=\"https:\/\/www.periodistadigital.com\/cultura\/cine-y-teatro\/20251127\/mejor-decirlo-noticia-689405157959\/\"><img loading=\"lazy\" decoding=\"async\" src=\"https:\/\/www.periodistadigital.com\/wp-content\/uploads\/2025\/11\/MEJORNODECIRLO-min-320x214.jpg\" width=\"320\" height=\"214\" alt=\"Imanol Arias y Mar\u00eda Barranco\"><\/a><\/figure>\n<div class=\"m4p-summary-news-title\">\n<h3><a href=\"https:\/\/www.periodistadigital.com\/cultura\/cine-y-teatro\/20251127\/mejor-decirlo-noticia-689405157959\/\">&#8220;Mejor no decirlo&#8221;<\/a><\/h3>\n<\/div>\n<\/div>\n<\/div>\n<\/div>\n<p><span class=\"m4p-capitular\">R<\/span>ealmente, creo que has hecho bien Terelu; es desde luego un agobio, eso de tener que sacrificarse los fines de semana para ir a trabajar a un teatro y dejar a los amigos y las tertulias, ser puntual; salir al escenario para hacer algo nuevo que te reporta unos emolumentos al cabo de seis representaciones que los ganas con la \u201cgorra\u201d en una hora en una tertulia de chismes nacionales. Tener que leerse un libro y memorizarlo y lo que es peor, acordarse de todo y a la vez buscar su interpretaci\u00f3n y darle realidad, es dif\u00edcil y es una labor muy pesada, tanto que no resulta rentable si tus ganancias en el mundo del cotilleo son voluminosas.<\/p>\n<p>Veamos, en Supervivientes 2025, estuvo solo tres semanas,\u00a0cobr\u00f3 cerca de 50.000 euros semanales, sumando alrededor de\u00a0125.000 euros\u00a0por esa aparici\u00f3n expr\u00e9s. Hay quien habla de un contrato global de hasta 350.000 euros para futuras colaboraciones en Telecinco, como es el caso de \u201cDe viernes\u201d y \u201cTardeAr, el programa de Ana Rosa donde podr\u00eda obtener entre\u00a010.000 y 15.000 euros por aparici\u00f3n. En el intervalo entre Supervivientes y pas\u00f3 por TVE, como colaboradora puntual en\u00a0\u201cDCoraz\u00f3n\u201d. se calcula que cobraba entre\u00a0600 y 1.000 euros por programa.<\/p>\n<p>En total, sumando televisi\u00f3n, y las apariciones puntuales,\u00a0Terelu Campos podr\u00eda haber ingresado de momento este a\u00f1o entre 500.000 y 600.000 euros. A esta cifra tendr\u00edamos que sumar las exclusivas de prensa en las revistas de Lectura y semana, total un pastizal que le hace no conmoverse, por mucho que llore en su despedida en el teatro Calder\u00f3n.<\/p>\n<p>Creo que has hecho bien. este trabajo de actriz, no es lo tuyo. carecer de estudios de teatro y ni siquiera tienes el bachillerato, es un atrevimiento que se nos antoja desmesurado buscar un hueco en el mundo del teatro, en donde se sufre mucho y se cobra poco y es una profesi\u00f3n que merece un respeto de profesionalidad y hay que venir con la lecci\u00f3n aprendida.<\/p>\n<p><img loading=\"lazy\" decoding=\"async\" class=\"alignnone size-full wp-image-689405159441\" src=\"https:\/\/www.periodistadigital.com\/wp-content\/uploads\/2025\/12\/SANTAROSA3.jpg\" alt width=\"1248\" height=\"749\"><\/p>\n<p>La vimos en su debut en Valladolid y nos dimos cuenta que no ten\u00edas p\u00e1nico esc\u00e9nico, gracias a tu trato\u00a0 con el p\u00fablico en sus pasos televisivos, lo cual ya es mucho, pero su recorrido y deambular por el escenario era impreciso y en ocasiones rompiendo la cuarta pared sin darse cuenta; pero gracias a Cesar Lucendo que compart\u00edas papel y para m\u00e1s abundamiento era el creador y director de la obra\u00a0 de esta \u201cSanta Lola\u201d, le ayudo a sobrellevar el trago de un teatro lleno hasta la bandera en el estreno de Valladolid, para ver en vivo y en directo a la televisiva Terelu, hija de la periodista Mar\u00eda Teresa Campos, regidora de todo un \u201cclan televisivo\u201d de hijas, nietos, cu\u00f1ados, sobrinos y adl\u00e1teres que siempre tuvieron y tienen un hueco en el mundo de la televisi\u00f3n de cotilleo, casi siempre hablando de ellos mismos, sus vicisitudes, problemas y amor\u00edos.<\/p>\n<p>De otra parte, \u00a1que habilidad la de Lara Dibildos, productora de esta \u201c\u00a1Santa Lola\u201d, que contrato a una estrella de las tertulias para hacer caja con una obra que en siete meses se represent\u00f3 un total de cinco funciones en tres capitales, Valladolid, Murcia y Granada, llegando a Madrid al Teatro Calder\u00f3n para intentar llegar a ocupar las 986 localidades y tener el teatro casi vac\u00edo!<\/p>\n<p>Quiz\u00e1s Lara, deber\u00edas haber pensado que hubiera sido mejor cerrar en M\u00e1laga, \u201ctierra de Campos\u201d all\u00ed, seguro, que el morbo televisivo y el recuerdo de la matriarca de Terelu, se pondr\u00eda en marcha el personal y llenar\u00eda cualquiera de los teatros de la bella ciudad de M\u00e1laga. Salvo el Soho de Antonio Banderas que, en unas declaraciones, se manifest\u00f3 sobre el intrusismo de colaboradores televisivos que son \u201ccaras conocidas\u201d y pueden arrastrar p\u00fablico a los patios de butacas.<\/p>\n<p>Pero Madrid, por suerte y desgracia es un punto duro teatral, lleno teatros ocupados con obras a todas las horas del d\u00eda e incluso en las ma\u00f1anas y en las noches. Hay muchas obras y \u2026 muchos obreros buscando un hueco.<\/p>\n<p>El p\u00fablico de Madrid no admite bromas y sabe a qu\u00e9 obra se puede ir y a cu\u00e1l no.\u00a0 Son muchas en cartel y cientos de sesiones; pero Lara, se lo quiso jugar y hacer un cierre triunfal y fallo. Me inclino a pensar, que el pasado mi\u00e9rcoles, en el Calder\u00f3n, por desgracia, ha palmado.<\/p>\n<p>Tenemos que respetar en conciencia la situaci\u00f3n de Lara como productora que su misi\u00f3n consiste en no perder dinero y en este caso con la \u201cSanta Lola\u201d ha sido un \u00e9xito flagrante hasta llegar al Calder\u00f3n. Lara interpretativamente es otra cuesti\u00f3n, est\u00e1 considerada como una buena actriz y sus apariciones en obras como\u00a0 En su faceta de actriz, ha colaborado en obras de teatro como\u00a0La t\u00eda de Carlos\u00a0(2001),\u00a0Pato a la naranja,\u00a0Vidas privadas\u00a0(2003),\u00a0Usted tiene ojos de mujer fatal\u00a0(2008),\u00a0El m\u00e9dico a palos\u00a0(2009), de\u00a0Moli\u00e8re,\u00a0Brujas\u00a0(2010), de\u00a0Santiago Moncada, con direcci\u00f3n de\u00a0Manuel Galiana,\u00a0Testigo de cargo\u00a0(2012) y\u00a0Diez negritos\u00a0(2014), ambas de\u00a0Agatha Christie.<\/p>\n<p>Concluye la aventura teatral de\u00a0Terelu Campos, que este a\u00f1o ha cumplido sesenta\u00a0 y acumula m\u00e1s de cuatro d\u00e9cadas de trayectoria televisiva desde su debut en 1984,\u00a0afrontaba con este proyecto su primera incursi\u00f3n profesional en los escenarios. Lo defini\u00f3 como \u00abun reto a mis a\u00f1os\u00bb y lo vincul\u00f3 a un deseo que compart\u00eda con dos figuras importantes en su vida: su madre,\u00a0Mar\u00eda Teresa Campos,\u00a0y su amigo Paco Valladares.<\/p>\n<p><img decoding=\"async\" loading=\"lazy\" class=\"alignnone size-full wp-image-689405159442\" src=\"https:\/\/www.periodistadigital.com\/wp-content\/uploads\/2025\/12\/santa-lola2.jpg\" alt width=\"680\" height=\"370\"><\/p>\n<p>Compaginando sus compromisos laborales con su faceta como actriz. Ha resultado la recepci\u00f3n de cr\u00edticas en las redes y en el mundo del teatro opinando el intrusismo por su debut sobre las tablas sin una preparaci\u00f3n previa en ninguna escuela, entrando a pecho descubierto con la \u00fanica preparaci\u00f3n que le ofrec\u00eda su paso por los plat\u00f3s de televisi\u00f3n y las tertulias de cr\u00edtica y chismes sociales.<\/p>\n<p>Vivi\u00f3 con emoci\u00f3n su \u00faltima actuaci\u00f3n al finalizar la misma, rompi\u00f3 a llorar, una demostraci\u00f3n m\u00e1s de la falta de capacidad para saber solventar y sujetar sus emociones, algo imprescindible en el trabajo de actriz\/actor dedic\u00e1ndole unas palabras de agradecimiento al p\u00fablico. \u201cQuiero aprovechar para darle las gracias a todos ustedes por estar esta noche aqu\u00ed, y a todas las personas que durante las funciones que hemos ido realizando a lo largo de nuestro pa\u00eds se han molestado tambi\u00e9n en acudir al teatro. Mi \u00fanico objetivo siempre ha sido que lo pasaran bien. No hab\u00eda ninguna otra pretensi\u00f3n m\u00e1s que disfrutaran, se rieran, se olvidaran de los problemas, que por un momento\u2026 durante una hora y pico, la vida les sonriera\u201d Rota en l\u00e1grimas al recordar a su madre, y ante un teatro casi vac\u00edo: ! el adi\u00f3s agridulce de Terelu Campos !<\/p>\n<p>Feliz por su \u00faltima funci\u00f3n, reconoci\u00f3 a su salida del teatro que \u201cestoy muy contenta, es como si me hubiera quitado 25 kilos. Lo paso mal, lo importante es superarlo\u00bb.<\/p>\n<p>Con la mente puesta en otros compromisos\u00a0(de momento) no piensa volver a subirse a los escenarios como actriz, (menos mal) No voy a mentir, de momento esto se ha acabado: \u2018Santa Lola\u2019 se ha acabado\u2026 luego, Dios dir\u00e1\u00bb.<\/p>\n<\/div>\n<p> Source URL: https:\/\/www.periodistadigital.com\/cultura\/cine-y-teatro\/20251202\/terelu-campos-deja-teatro-noticia-689405159436\/<\/p>\n","protected":false},"excerpt":{"rendered":"<p>M\u00e1s informaci\u00f3n RICARDO III: &#8220;Una experiencia Shakespeare&#8221; &#8220;Mejor no decirlo&#8221; Realmente, creo que has hecho bien Terelu; es desde luego un agobio, eso de tener que sacrificarse los fines de semana para ir a trabajar a un teatro y dejar a los amigos y las tertulias, ser puntual; salir al escenario para hacer algo nuevo [&hellip;]<\/p>\n","protected":false},"author":1,"featured_media":0,"comment_status":"open","ping_status":"","sticky":false,"template":"","format":"standard","meta":{"footnotes":""},"categories":[88],"tags":[112],"class_list":["post-840899","post","type-post","status-publish","format-standard","hentry","category-spain","tag-periodistadigital-com"],"_links":{"self":[{"href":"https:\/\/analyse.optim.biz\/index.php?rest_route=\/wp\/v2\/posts\/840899","targetHints":{"allow":["GET"]}}],"collection":[{"href":"https:\/\/analyse.optim.biz\/index.php?rest_route=\/wp\/v2\/posts"}],"about":[{"href":"https:\/\/analyse.optim.biz\/index.php?rest_route=\/wp\/v2\/types\/post"}],"author":[{"embeddable":true,"href":"https:\/\/analyse.optim.biz\/index.php?rest_route=\/wp\/v2\/users\/1"}],"replies":[{"embeddable":true,"href":"https:\/\/analyse.optim.biz\/index.php?rest_route=%2Fwp%2Fv2%2Fcomments&post=840899"}],"version-history":[{"count":0,"href":"https:\/\/analyse.optim.biz\/index.php?rest_route=\/wp\/v2\/posts\/840899\/revisions"}],"wp:attachment":[{"href":"https:\/\/analyse.optim.biz\/index.php?rest_route=%2Fwp%2Fv2%2Fmedia&parent=840899"}],"wp:term":[{"taxonomy":"category","embeddable":true,"href":"https:\/\/analyse.optim.biz\/index.php?rest_route=%2Fwp%2Fv2%2Fcategories&post=840899"},{"taxonomy":"post_tag","embeddable":true,"href":"https:\/\/analyse.optim.biz\/index.php?rest_route=%2Fwp%2Fv2%2Ftags&post=840899"}],"curies":[{"name":"wp","href":"https:\/\/api.w.org\/{rel}","templated":true}]}}