{"id":840685,"date":"2016-11-11T00:00:00","date_gmt":"2016-11-10T21:00:00","guid":{"rendered":"https:\/\/analyse.optim.biz\/?p=840685"},"modified":"2016-11-11T00:00:00","modified_gmt":"2016-11-10T21:00:00","slug":"lansare-cu-mare-fast-a-candidatilor-pnl-din-judetul-buzau-la-alegerile","status":"publish","type":"post","link":"https:\/\/analyse.optim.biz\/?p=840685","title":{"rendered":"LANSARE CU MARE FAST A CANDIDA\u021aILOR PNL DIN JUDETUL BUZ\u0102U, LA ALEGERILE&#8230;"},"content":{"rendered":"<div class=\"td-post-content\">\n<div class=\"td-post-featured-image\"><a href=\"https:\/\/newss.ro\/wp-content\/uploads\/2016\/11\/lansare-candidati.jpg\" data-caption><img loading=\"lazy\" decoding=\"async\" width=\"696\" height=\"479\" class=\"entry-thumb td-modal-image\" src=\"https:\/\/newss.ro\/wp-content\/uploads\/2016\/11\/lansare-candidati-696x479.jpg\" alt title=\"lansare-candidati\"><\/a><\/div>\n<p><strong>Autor:<\/strong> Tatiana Boti\u021b\u0103<\/p>\n<p>\u00a0 \u00a0 \u00cen prezen\u021ba pre\u0219edintelui partidului, Alina Gorghiu al\u0103turi de cei 9 candida\u021bi pentru Camera Deputa\u021bilor \u0219i 5 candida\u021bi pentru Senat, la evenimentul de joi sear\u0103 au mai fost prezen\u021bi lideri de la centru ai PNL, dar \u0219i sute de membri \u0219i simpatiza\u021bii ai partidului. Gorghiu a apreciat c\u0103 Rom\u00e2nia nu mai poate fi guvernat\u0103 de \u201epartidul domnului Iliescu\u201d: <em>,,Alegerile generale se c\u00e2\u0219tig\u0103 cu capul sus, se c\u00e2\u0219tig\u0103 cu o list\u0103 bun\u0103, cu un program de guvernare bun \u0219i cu candidat de prim ministru care nu este \u021binut ascuns sub pat cum face PSD-ul cu domnul Dragnea. Avem un Ciolo\u0219, ei au un Dragnea. Avem un om onest, ei au o persoan\u0103 condamnat\u0103. Avem mai pu\u021bini primari, \u00eens\u0103 vom guverna pentru to\u021bi primarii din Rom\u00e2nia \u0219i pentru to\u021bi cet\u0103\u021benii din Rom\u00e2nia\u201d. \u00a0<\/em><\/p>\n<p>\u00a0 \u00a0 Candida\u021bii care vor s\u0103 reprezinte Buz\u0103ul \u00een Parlamentul Rom\u00e2niei s-au adresat r\u00e2nd pe r\u00e2nd celor prezen\u021bi \u00een sal\u0103. Ei au vorbit despre strategia de dezvoltare a jude\u021bului Buz\u0103u \u0219i despre planurile lor politice de viitor.\u00a0Antonel T\u0103nase, candidatul PNL Camera Deputa\u021bilor le-a declarat celor prezen\u021bi c\u0103 Buz\u0103ul este un jude\u021b al oamenilor harnici care \u00eens\u0103 nu au fost reprezenta\u021bi a\u0219a cum trebuie. <em>,,Rom\u00e2nia \u00eenainte este un slogan de lupt\u0103. Rom\u00e2nia \u00eenainte este un slogan care \u00eendeamn\u0103, care oblig\u0103 pe toat\u0103 lumea s\u0103 lupte cu vechile mentalit\u0103\u021bi \u0219i vechile metehne, s\u0103 aduc\u0103 ceva nou, ceva bun, s\u0103 aduc\u0103 ceva \u00een plus \u00een societate buzoian\u0103, \u00een societatea rom\u00e2neasc\u0103. Jude\u021bul Buz\u0103u face parte din Rom\u00e2nia. Rom\u00e2nia este o \u021bar\u0103 care trebuie s\u0103 se dezvolte. Rom\u00e2nia este o \u021bar\u0103 care este obligat\u0103 s\u0103 se schimbe. Rom\u00e2nia este o \u021bar\u0103 care trebuie s\u0103 reduc\u0103 decalajele fa\u021b\u0103 de \u021b\u0103rile membre ale Uniunii Europene\u201d <\/em>a ad\u0103ugat T\u0103nase.<\/p>\n<p>\u00a0 \u00a0 La r\u00e2ndul ei, Larisa Ene care candideaz\u0103 pentru un mandate la Camera Deputa\u021bilor a men\u021bionat c\u0103 fiind ,,fan al fondurilor europene\u201d poate transforma \u00een bine ceea ce \u021bine de domeniul rural \u0219i urban: ,,<em>(\u2026) toat\u0103 lumea \u0219tie c\u0103 sunt fan fonduri europene. Sunt fan fonduri pentru c\u0103 pot dezvolta mediul rural, pot dezvolta mediul urban \u0219i putem s\u0103 cre\u0103m o societate frumoas\u0103, onest\u0103, cinstit\u0103. Am fost educat\u0103 s\u0103 lupt, s\u0103 muncesc \u0219i s\u0103-mi realizez visurile<\/em>\u201d. Prim-vicepre\u015fedintele PNL Teodor Atanasiu, candidat pe prima pozi\u021bie la Senat, \u00een jude\u021bul Buz\u0103u, le-a vorbit membrilor PNL despre trecut \u015fi despre viitor, explic\u00e2nd c\u0103 buzoienii au nevoie de locuri de munc\u0103 bine pl\u0103tite, nu de ajutoarele sociale care i-au \u0163inut captivi timp de zeci de ani.\u00a0,, <em>\u00cen timpul guvern\u0103rii Ponta, jude\u021bul Buz\u0103u a pierdut 5.500 de locuri de munc\u0103. \u00cen ultimii 26 de ani, de guvernare PSD a Buz\u0103ului, din jude\u021b au plecat peste 100.000 de cet\u0103\u021beni care caut\u0103 un trai decent \u0219i un loc de munc\u0103 pe alte meleaguri. Trebuie oprit\u0103 hemoragia. Buzoianul era un cet\u0103\u021bean umilit<\/em> \u201d a men\u021bionat Teodor Atanasiu.<\/p>\n<p>\u00a0 \u00a0 \u00a0 Pre\u015fedintele PNL Buz\u0103u, Cristian Romanescu,\u00a0 aflat pe locul 1, pe lista candida\u0163ilor pentru Camera Deputa\u0163ilor, a explicat de ce liberalii au decis s\u0103 mearg\u0103 \u00een alegeri cu Dacian Ciolo\u015f \u0219i de ce sus\u0163in platforma Rom\u00e2nia 100. ,,<em>Noi liberalii credem \u00een nevoia de schimbare a Rom\u00e2niei. Este nevoie de un program de guvernare care s\u0103 sus\u021bin\u0103 dezvoltarea economic \u00een toate regiunile Rom\u00e2niei <\/em>\u201d a ad\u0103ugat Cristian Romanescu.\u00a0Campania electoral\u0103 pentru alegerile parlamentare din 11 decembrie a \u00eenceput vineri \u0219i se termin\u0103 pe 10 decembrie, la ora 07.00. Cei peste 6.500 de candida\u0163i \u00eenscri\u015fi la alegerile parlamentare au intrat, \u00een campania electoral\u0103 pentru cele 466 de locuri disponibile \u00een Senat \u015fi Camera Deputa\u0163ilor. Rom\u00e2nii nu \u00ee\u015fi vor mai vota uninominal parlamentarii, ci vor avea de ales \u00eentre listele partidelor. Sec\u0163iile de votare se vor deschide pe 11 decembrie la ora 07.00 \u015fi se vor \u00eenchide la ora 21.00. \u00cen premier\u0103, num\u0103rarea voturilor dup\u0103 \u00eenchiderea urnelor va fi \u00eenregistrat\u0103 video \u0219i audio.<\/p>\n<\/div>\n<p> Source URL: https:\/\/newss.ro\/2016\/11\/11\/lansare-cu-mare-fast-a-candidatilor-pnl-din-judetul-buzau-la-alegerile-parlamentare\/<\/p>\n","protected":false},"excerpt":{"rendered":"<p>Autor: Tatiana Boti\u021b\u0103 \u00a0 \u00a0 \u00cen prezen\u021ba pre\u0219edintelui partidului, Alina Gorghiu al\u0103turi de cei 9 candida\u021bi pentru Camera Deputa\u021bilor \u0219i 5 candida\u021bi pentru Senat, la evenimentul de joi sear\u0103 au mai fost prezen\u021bi lideri de la centru ai PNL, dar \u0219i sute de membri \u0219i simpatiza\u021bii ai partidului. Gorghiu a apreciat c\u0103 Rom\u00e2nia nu mai [&hellip;]<\/p>\n","protected":false},"author":1,"featured_media":0,"comment_status":"open","ping_status":"","sticky":false,"template":"","format":"standard","meta":{"footnotes":""},"categories":[2],"tags":[73],"class_list":["post-840685","post","type-post","status-publish","format-standard","hentry","category-politics","tag-newss-ro"],"_links":{"self":[{"href":"https:\/\/analyse.optim.biz\/index.php?rest_route=\/wp\/v2\/posts\/840685","targetHints":{"allow":["GET"]}}],"collection":[{"href":"https:\/\/analyse.optim.biz\/index.php?rest_route=\/wp\/v2\/posts"}],"about":[{"href":"https:\/\/analyse.optim.biz\/index.php?rest_route=\/wp\/v2\/types\/post"}],"author":[{"embeddable":true,"href":"https:\/\/analyse.optim.biz\/index.php?rest_route=\/wp\/v2\/users\/1"}],"replies":[{"embeddable":true,"href":"https:\/\/analyse.optim.biz\/index.php?rest_route=%2Fwp%2Fv2%2Fcomments&post=840685"}],"version-history":[{"count":0,"href":"https:\/\/analyse.optim.biz\/index.php?rest_route=\/wp\/v2\/posts\/840685\/revisions"}],"wp:attachment":[{"href":"https:\/\/analyse.optim.biz\/index.php?rest_route=%2Fwp%2Fv2%2Fmedia&parent=840685"}],"wp:term":[{"taxonomy":"category","embeddable":true,"href":"https:\/\/analyse.optim.biz\/index.php?rest_route=%2Fwp%2Fv2%2Fcategories&post=840685"},{"taxonomy":"post_tag","embeddable":true,"href":"https:\/\/analyse.optim.biz\/index.php?rest_route=%2Fwp%2Fv2%2Ftags&post=840685"}],"curies":[{"name":"wp","href":"https:\/\/api.w.org\/{rel}","templated":true}]}}