{"id":840562,"date":"2025-12-03T00:00:00","date_gmt":"2025-12-02T21:00:00","guid":{"rendered":"https:\/\/analyse.optim.biz\/?p=840562"},"modified":"2025-12-03T00:00:00","modified_gmt":"2025-12-02T21:00:00","slug":"ana-rosa-desarma-con-una-pregunta-a-sanchez-por-renegar-de-abalos-cerdan-y-paco-salazar-periodista-digital","status":"publish","type":"post","link":"https:\/\/analyse.optim.biz\/?p=840562","title":{"rendered":"Ana Rosa desarma con una pregunta a S\u00e1nchez por renegar de \u00c1balos, Cerd\u00e1n y Paco Salazar &#8211; Periodista Digital"},"content":{"rendered":"<div class=\"m4p-post-content\">\n<div class=\"block-vertical-align-right\">\n<div class=\"m4p-relations-group\">\n<div class=\"m4p-group-vertical-title\">\n<h2>M\u00e1s informaci\u00f3n<\/h2>\n<\/div>\n<div class=\"m4p-summary-news\">\n<figure class=\"m4p-image m4p-crop-medium-1\"><a href=\"https:\/\/www.periodistadigital.com\/television\/20251125\/ana-rosa-sentencia-exfiscal-general-sanchez-sido-servidor-sido-sirviente-video-689405157215\/\"><img loading=\"lazy\" decoding=\"async\" src=\"https:\/\/www.periodistadigital.com\/wp-content\/uploads\/2025\/11\/Anarosa-fiscalgeneral-2025-11-25T140212.008-320x214.jpg\" width=\"320\" height=\"214\" alt=\"Ana Rosa \u2018sentencia\u2019 al exfiscal general de S\u00e1nchez: \u201cNo ha sido un servidor, ha sido un sirviente\u201d\"><\/a><\/figure>\n<div class=\"m4p-summary-news-title\">\n<h3><a href=\"https:\/\/www.periodistadigital.com\/television\/20251125\/ana-rosa-sentencia-exfiscal-general-sanchez-sido-servidor-sido-sirviente-video-689405157215\/\">Ana Rosa \u2018sentencia\u2019 al exfiscal general de S\u00e1nchez: \u201cNo ha sido un servidor, ha sido un sirviente\u201d<\/a><\/h3>\n<\/div>\n<\/div>\n<div class=\"m4p-summary-news\">\n<figure class=\"m4p-image m4p-crop-medium-1\"><a href=\"https:\/\/www.periodistadigital.com\/periodismo\/tv\/20251124\/ana-rosa-replica-reunion-sanchez-otegi-lista-socialistas-asesinados-eta-video-689405156632\/\"><img loading=\"lazy\" decoding=\"async\" src=\"https:\/\/www.periodistadigital.com\/wp-content\/uploads\/2025\/11\/ANAAROSAPSOEETA-320x214.jpg\" width=\"320\" height=\"214\" alt=\"Ana Rosa Quintana y Arnaldo Otegi.\"><\/a><\/figure>\n<div class=\"m4p-summary-news-title\">\n<h3><a href=\"https:\/\/www.periodistadigital.com\/periodismo\/tv\/20251124\/ana-rosa-replica-reunion-sanchez-otegi-lista-socialistas-asesinados-eta-video-689405156632\/\">Ana Rosa replica a la reuni\u00f3n de S\u00e1nchez con Otegi con la lista de los socialistas asesinados por ETA<\/a><\/h3>\n<\/div>\n<\/div>\n<\/div>\n<\/div>\n<p>El esperpento de <strong>Pedro S\u00e1nchez<\/strong> renegando de <strong>Jos\u00e9 Luis \u00c1balos<\/strong>, <strong>Santos Cerd\u00e1n<\/strong>, <strong>Koldo Garc\u00eda<\/strong> y hasta de <strong>Paco Salazar<\/strong> es tan rid\u00edculo que nadie se lo cree.<\/p>\n<p>El presidente del Gobierno pas\u00f3 ayer por los plat\u00f3s de dos de los principales medios catalanes \u2014RAC1 y La 2 Cat de RTVE\u2014 para bajarse los pantalones ante el pr\u00f3fugo de la Justicia Carles Puigdemont y para intentar desmarcarse de los esc\u00e1ndalos de corrupci\u00f3n que salpican a su Ejecutivo, su partido y su c\u00edrculo \u00edntimo.<\/p>\n<p>El l\u00edder del PSOE tuvo el cuajo de negar su relaci\u00f3n personal con quien fuera su ministro de Transportes y a quien nombr\u00f3 como secretario de Organizaci\u00f3n del partido cuando retom\u00f3 el poder en Ferraz.<\/p>\n<blockquote>\n<p>\u00abDesde el punto de vista personal era un gran desconocido para m\u00ed\u00bb, afirm\u00f3 sin sonrojarse ante la entrevistadora Gemma Nierga.<\/p>\n<\/blockquote>\n<blockquote class=\"twitter-tweet\" data-width=\"500\" data-dnt=\"true\">\n<p lang=\"es\" dir=\"ltr\">Pedro S\u00e1nchez, sobre Jos\u00e9 Luis \u00c1balos: &quot;Desde el punto de vista personal era un gran desconocido para m\u00ed&quot; <a href=\"https:\/\/t.co\/jAHcBVrZHE\">https:\/\/t.co\/jAHcBVrZHE<\/a><a href=\"https:\/\/twitter.com\/hashtag\/S%C3%A1nchezCaf%C3%A8didees?src=hash&amp;ref_src=twsrc%5Etfw\">#S\u00e1nchezCaf\u00e8didees<\/a> <a href=\"https:\/\/t.co\/Bc7F7Ahhim\">pic.twitter.com\/Bc7F7Ahhim<\/a><\/p>\n<p>&mdash; RTVE Noticias (@rtvenoticias) <a href=\"https:\/\/twitter.com\/rtvenoticias\/status\/1995770400492397000?ref_src=twsrc%5Etfw\">December 2, 2025<\/a><\/p><\/blockquote>\n<p><script async src=\"https:\/\/platform.twitter.com\/widgets.js\" charset=\"utf-8\"><\/script><\/p>\n<p>Sin embargo, nadie se traga semejante trola.<\/p>\n<p>Y <strong>Ana Rosa Quintana<\/strong> ha reflexionado a primera hora en su matutino en Telecinco sobre las entrevistas de S\u00e1nchez.<\/p>\n<p>La presentadora de <em>El programa de Ana Rosa<\/em> ha criticado que el marido de Bego\u00f1a tomase por tontos a los espa\u00f1oles una vez m\u00e1s y ha desarmado el relato oficial sobre el nivel de conocimiento que ten\u00eda el presidente del Gobierno de los chanchullos de sus fichas.<\/p>\n<blockquote>\n<p>\u00abEstamos hablando del primer secretario de Organizaci\u00f3n del partido, \u00c1balos; del segundo secretario de Organizaci\u00f3n, Cerd\u00e1n; del tercer secretario de Organizaci\u00f3n, que iba a ser, si no salen estas denuncias, Salazar \u2014y asesor \u00edntimo de S\u00e1nchez\u2014\u2026 Oiga, se\u00f1or S\u00e1nchez, qu\u00e9 mal elige usted a sus hombres de confianza. \u00bfO es que sab\u00eda perfectamente a qui\u00e9n pon\u00eda y por qu\u00e9 lo pon\u00eda?\u00bb.<\/p>\n<\/blockquote>\n<\/div>\n<p> Source URL: https:\/\/www.periodistadigital.com\/television\/20251203\/ana-rosa-desarma-pregunta-sanchez-renegar-abalos-cerdan-paco-salazar-video-689405159944\/<\/p>\n","protected":false},"excerpt":{"rendered":"<p>M\u00e1s informaci\u00f3n Ana Rosa \u2018sentencia\u2019 al exfiscal general de S\u00e1nchez: \u201cNo ha sido un servidor, ha sido un sirviente\u201d Ana Rosa replica a la reuni\u00f3n de S\u00e1nchez con Otegi con la lista de los socialistas asesinados por ETA El esperpento de Pedro S\u00e1nchez renegando de Jos\u00e9 Luis \u00c1balos, Santos Cerd\u00e1n, Koldo Garc\u00eda y hasta de [&hellip;]<\/p>\n","protected":false},"author":1,"featured_media":0,"comment_status":"open","ping_status":"","sticky":false,"template":"","format":"standard","meta":{"footnotes":""},"categories":[88],"tags":[112],"class_list":["post-840562","post","type-post","status-publish","format-standard","hentry","category-spain","tag-periodistadigital-com"],"_links":{"self":[{"href":"https:\/\/analyse.optim.biz\/index.php?rest_route=\/wp\/v2\/posts\/840562","targetHints":{"allow":["GET"]}}],"collection":[{"href":"https:\/\/analyse.optim.biz\/index.php?rest_route=\/wp\/v2\/posts"}],"about":[{"href":"https:\/\/analyse.optim.biz\/index.php?rest_route=\/wp\/v2\/types\/post"}],"author":[{"embeddable":true,"href":"https:\/\/analyse.optim.biz\/index.php?rest_route=\/wp\/v2\/users\/1"}],"replies":[{"embeddable":true,"href":"https:\/\/analyse.optim.biz\/index.php?rest_route=%2Fwp%2Fv2%2Fcomments&post=840562"}],"version-history":[{"count":0,"href":"https:\/\/analyse.optim.biz\/index.php?rest_route=\/wp\/v2\/posts\/840562\/revisions"}],"wp:attachment":[{"href":"https:\/\/analyse.optim.biz\/index.php?rest_route=%2Fwp%2Fv2%2Fmedia&parent=840562"}],"wp:term":[{"taxonomy":"category","embeddable":true,"href":"https:\/\/analyse.optim.biz\/index.php?rest_route=%2Fwp%2Fv2%2Fcategories&post=840562"},{"taxonomy":"post_tag","embeddable":true,"href":"https:\/\/analyse.optim.biz\/index.php?rest_route=%2Fwp%2Fv2%2Ftags&post=840562"}],"curies":[{"name":"wp","href":"https:\/\/api.w.org\/{rel}","templated":true}]}}