{"id":840560,"date":"2025-12-03T00:00:00","date_gmt":"2025-12-02T21:00:00","guid":{"rendered":"https:\/\/analyse.optim.biz\/?p=840560"},"modified":"2025-12-03T00:00:00","modified_gmt":"2025-12-02T21:00:00","slug":"paco-ragageles-ceo-de-comunidad-solar-las-placas-fotovoltaicas-te-dan-autonomia-en-caso-de-apagon-y-no-pagas-los-costes-de-distribucion-de-la-luz-que-llega-a-tu-casa-periodista-digital","status":"publish","type":"post","link":"https:\/\/analyse.optim.biz\/?p=840560","title":{"rendered":"Paco Ragageles, CEO de Comunidad Solar: &#8220;Las placas fotovoltaicas te dan autonom\u00eda en caso de apag\u00f3n y no pagas los costes de distribuci\u00f3n de la luz que llega a tu casa&#8221; &#8211; Periodista Digital"},"content":{"rendered":"<div class=\"m4p-post-content\">\n<div class=\"block-vertical-align-right\">\n<div class=\"m4p-relations-group\">\n<div class=\"m4p-group-vertical-title\">\n<h2>M\u00e1s informaci\u00f3n<\/h2>\n<\/div>\n<div class=\"m4p-summary-news\">\n<figure class=\"m4p-image m4p-crop-medium-1\"><a href=\"https:\/\/www.periodistadigital.com\/economia\/20251009\/avecina-gran-apagon-red-electrica-advierte-bruscas-fluctuaciones-espana-oscuras-noticia-689405140593\/\"><img loading=\"lazy\" decoding=\"async\" src=\"https:\/\/www.periodistadigital.com\/wp-content\/uploads\/2025\/04\/EuropaPress_6684115_apagon_electrico_albacete-320x214.jpg\" width=\"320\" height=\"214\" alt=\"\u00bfSe avecina otro gran apag\u00f3n?: Red El\u00e9ctrica advierte que bruscas fluctuaciones podr\u00edan dejar a Espa\u00f1a a oscuras\"><\/a><\/figure>\n<div class=\"m4p-summary-news-title\">\n<h3><a href=\"https:\/\/www.periodistadigital.com\/economia\/20251009\/avecina-gran-apagon-red-electrica-advierte-bruscas-fluctuaciones-espana-oscuras-noticia-689405140593\/\">\u00bfSe avecina otro gran apag\u00f3n?: Red El\u00e9ctrica advierte que bruscas fluctuaciones podr\u00edan dejar a Espa\u00f1a a oscuras<\/a><\/h3>\n<\/div>\n<\/div>\n<\/div>\n<\/div>\n<p>El pasado 28 de noviembre se cumplieron 7 meses del apag\u00f3n que dej\u00f3 sin energ\u00eda el\u00e9ctrica a toda Espa\u00f1a. El 28 de abril a las 12:33 del mediod\u00eda para ser exactos, nuestro pa\u00eds junto con Portugal volvi\u00f3 durante 24 horas a una vida sin electricidad que no hemos conocido. Por ello, en Periodista Digital hemos entrevistado al<strong> CEO de <a href=\"https:\/\/comunidadsolar.es\/?utm_source=periodistadigital&amp;utm_medium=medio&amp;utm_campaign=periodistadigital_home\">Comunidad Solar<\/a>,<\/strong><strong>Francisco Ragageles<\/strong>, para analizar c\u00f3mo fue posible este suceso propio de pa\u00edses como Cuba y tambi\u00e9n para ver formas de protegerse frente a este riesgo mediante el empleo de paneles solares.<\/p>\n<p>En relaci\u00f3n a las causas del apag\u00f3n, el m\u00e1ximo responsable de esta compa\u00f1\u00eda recuerda que <em>\u201clo que se sabe es que hubo una inestabilidad extrema en la red. Se dice que fue provocado, que fue un tema europeo que desestabiliz\u00f3 la red y eso hizo que la red en Espa\u00f1a se protegiera\u201d<\/em>.<\/p>\n<p>Para evitar que vuelva a producirse otro apag\u00f3n, <strong>Red El\u00e9ctrica<\/strong> ha reforzado su capacidad y contar\u00e1 de enero a junio con 1.725 MW adicionales. Ragageles precisa que <em>\u201cel sistema distribuidor de energ\u00eda el\u00e9ctrica en Espa\u00f1a necesita tener preparada esa potencia como amortiguadores de emergencia, en caso de que se necesite por una subida de la cantidad de energ\u00eda que se demanda en un momento dado\u201d<\/em>.<\/p>\n<p>Y es que la producci\u00f3n convencional de electricidad se realiza con grandes instalaciones de diferentes tecnolog\u00edas que producen ingentes cantidades de luz. Esa gigantesca producci\u00f3n, adem\u00e1s, tiene que ser transportada desde los lugares en que se produce hasta las casas donde se necesita, lo que obliga a tener una enorme y cara infraestructura de cables de gran envergadura y transformadores que sean capaces de adaptar la luz de la alta potencia en que se transporta a una potencia m\u00e1s baja que pueda ser usada en las casas.<\/p>\n<p>Todo este modelo implica por tanto que los consumidores tienen que abonar en su recibo de la luz el coste de la distribuci\u00f3n. Frente a esto, empresas como <a href=\"https:\/\/comunidadsolar.es\/oferta-baterias-solax-x1-ies\/?utm_source=periodistadigital&amp;utm_medium=medio&amp;utm_campaign=periodistadigital_baterias\"><strong>Comunidad Solar est\u00e1n trabajando para que la luz se produzca mediante placas fotovoltaicas<\/strong><\/a> en lugares mucho m\u00e1s cercanos a las casas u oficinas de los consumidores, abaratando as\u00ed los precios.<\/p>\n<p>Adem\u00e1s, en los \u00faltimos 5 a\u00f1os, el coste de la instalaci\u00f3n de paneles solares para autoconsumo en viviendas en Espa\u00f1a ha disminuido significativamente gracias a avances tecnol\u00f3gicos como paneles m\u00e1s eficientes y baratos, econom\u00edas de escala en la producci\u00f3n y mayor competencia en el mercado.<\/p>\n<p>Seg\u00fan datos de informes sectoriales y an\u00e1lisis de precios medios, la reducci\u00f3n en el coste es de aproximadamente un 80%. As\u00ed, para una instalaci\u00f3n t\u00edpica en una vivienda hace 5 a\u00f1os, el coste medio era de entorno a 15.000 euros incluyendo paneles, inversor, estructura, instalaci\u00f3n y tr\u00e1mites y dejando fuera las subvenciones que pod\u00eda haber. Hoy en d\u00eda, una instalaci\u00f3n de las mismas caracter\u00edsticas sale por entre 2.500-3.000 euros.<\/p>\n<\/div>\n<p> Source URL: https:\/\/www.periodistadigital.com\/periodismo\/20251203\/paco-ragageles-ceo-comunidad-solar-placas-fotovoltaicas-dan-autonomia-caso-apagon-pagas-costes-distribucion-luz-llega-casa-video-689405159895\/<\/p>\n","protected":false},"excerpt":{"rendered":"<p>M\u00e1s informaci\u00f3n \u00bfSe avecina otro gran apag\u00f3n?: Red El\u00e9ctrica advierte que bruscas fluctuaciones podr\u00edan dejar a Espa\u00f1a a oscuras El pasado 28 de noviembre se cumplieron 7 meses del apag\u00f3n que dej\u00f3 sin energ\u00eda el\u00e9ctrica a toda Espa\u00f1a. El 28 de abril a las 12:33 del mediod\u00eda para ser exactos, nuestro pa\u00eds junto con Portugal [&hellip;]<\/p>\n","protected":false},"author":1,"featured_media":0,"comment_status":"open","ping_status":"","sticky":false,"template":"","format":"standard","meta":{"footnotes":""},"categories":[88],"tags":[112],"class_list":["post-840560","post","type-post","status-publish","format-standard","hentry","category-spain","tag-periodistadigital-com"],"_links":{"self":[{"href":"https:\/\/analyse.optim.biz\/index.php?rest_route=\/wp\/v2\/posts\/840560","targetHints":{"allow":["GET"]}}],"collection":[{"href":"https:\/\/analyse.optim.biz\/index.php?rest_route=\/wp\/v2\/posts"}],"about":[{"href":"https:\/\/analyse.optim.biz\/index.php?rest_route=\/wp\/v2\/types\/post"}],"author":[{"embeddable":true,"href":"https:\/\/analyse.optim.biz\/index.php?rest_route=\/wp\/v2\/users\/1"}],"replies":[{"embeddable":true,"href":"https:\/\/analyse.optim.biz\/index.php?rest_route=%2Fwp%2Fv2%2Fcomments&post=840560"}],"version-history":[{"count":0,"href":"https:\/\/analyse.optim.biz\/index.php?rest_route=\/wp\/v2\/posts\/840560\/revisions"}],"wp:attachment":[{"href":"https:\/\/analyse.optim.biz\/index.php?rest_route=%2Fwp%2Fv2%2Fmedia&parent=840560"}],"wp:term":[{"taxonomy":"category","embeddable":true,"href":"https:\/\/analyse.optim.biz\/index.php?rest_route=%2Fwp%2Fv2%2Fcategories&post=840560"},{"taxonomy":"post_tag","embeddable":true,"href":"https:\/\/analyse.optim.biz\/index.php?rest_route=%2Fwp%2Fv2%2Ftags&post=840560"}],"curies":[{"name":"wp","href":"https:\/\/api.w.org\/{rel}","templated":true}]}}