{"id":840320,"date":"2025-12-03T00:00:00","date_gmt":"2025-12-02T21:00:00","guid":{"rendered":"https:\/\/analyse.optim.biz\/?p=840320"},"modified":"2025-12-03T00:00:00","modified_gmt":"2025-12-02T21:00:00","slug":"pedro-sanchez-se-queda-solo-en-la-ue-al-rechazar-la-exencion-del-iva-para-autonomos-periodista-digital","status":"publish","type":"post","link":"https:\/\/analyse.optim.biz\/?p=840320","title":{"rendered":"Pedro S\u00e1nchez se queda solo en la UE al rechazar la exenci\u00f3n del IVA para aut\u00f3nomos &#8211; Periodista Digital"},"content":{"rendered":"<div class=\"m4p-post-content\">\n<div class=\"block-vertical-align-right\">\n<div class=\"m4p-relations-group\">\n<div class=\"m4p-group-vertical-title\">\n<h2>M\u00e1s informaci\u00f3n<\/h2>\n<\/div>\n<div class=\"m4p-summary-news\">\n<figure class=\"m4p-image m4p-crop-medium-1\"><a href=\"https:\/\/www.periodistadigital.com\/periodismo\/periodismo-online\/20251203\/directo-sanchez-pone-rodillas-veces-puigdemont-parece-golpista-vez-traga-video-689405159854\/\"><img loading=\"lazy\" decoding=\"async\" src=\"https:\/\/www.periodistadigital.com\/wp-content\/uploads\/2025\/12\/24X7-2025-12-03-at-12.23.24-320x214.jpeg\" width=\"320\" height=\"214\" alt=\"S\u00e1nchez se pone de rodillas dos veces ante Puigdemont, pero parece que el golpista esta vez no traga\"><\/a><\/figure>\n<div class=\"m4p-summary-news-title\">\n<h3><a href=\"https:\/\/www.periodistadigital.com\/periodismo\/periodismo-online\/20251203\/directo-sanchez-pone-rodillas-veces-puigdemont-parece-golpista-vez-traga-video-689405159854\/\">S\u00e1nchez se pone de rodillas dos veces ante Puigdemont, pero parece que el golpista esta vez no traga<\/a><\/h3>\n<\/div>\n<\/div>\n<div class=\"m4p-summary-news\">\n<figure class=\"m4p-image m4p-crop-medium-1\"><a href=\"https:\/\/www.periodistadigital.com\/gente\/20251203\/sanchez-niega-carnet-conducir-222-000-venezolanos-espana-agradar-compadre-maduro-zapatero-noticia-689405159759\/\"><img loading=\"lazy\" decoding=\"async\" src=\"https:\/\/www.periodistadigital.com\/wp-content\/uploads\/2025\/12\/madurosanchezpsoe-320x214.jpg\" width=\"320\" height=\"214\" alt=\"Nicol\u00e1s Maduro y Pedro S\u00e1nchez.\"><\/a><\/figure>\n<div class=\"m4p-summary-news-title\">\n<h3><a href=\"https:\/\/www.periodistadigital.com\/gente\/20251203\/sanchez-niega-carnet-conducir-222-000-venezolanos-espana-agradar-compadre-maduro-zapatero-noticia-689405159759\/\">S\u00e1nchez niega el carnet de conducir a 222.000 venezolanos en Espa\u00f1a para agradar a su compadre Maduro y a Zapatero<\/a><\/h3>\n<\/div>\n<\/div>\n<\/div>\n<\/div>\n<p><span class=\"m4p-capitular\">M<\/span>ientras otras naciones de la Uni\u00f3n Europea avanzan en la simplificaci\u00f3n fiscal para los aut\u00f3nomos, el Gobierno de <strong>Pedro S\u00e1nchez <\/strong>complica la vida a los emprendores. El Ministerio de Hacienda, bajo la direcci\u00f3n de <strong>Mar\u00eda Jes\u00fas Montero<\/strong>, ha decidido no llevar a cabo el r\u00e9gimen de IVA franquiciado que deber\u00eda entrar en vigor en enero de 2025. Esta negativa deja a nuestro pa\u00eds como el \u00fanico Estado miembro que no aplica una medida pensada para aliviar la carga tributaria de millones de trabajadores aut\u00f3nomos.<\/p>\n<p>La <strong>Directiva (UE) 2020\/285<\/strong>, aprobada en 2020 por el Consejo de la Uni\u00f3n Europea, establec\u00eda un plazo claro: todos los Estados deb\u00edan incorporar a sus legislaciones un sistema especial de exenci\u00f3n del IVA para peque\u00f1as empresas y aut\u00f3nomos con ingresos anuales inferiores a 85.000 euros. La fecha l\u00edmite era el 1 de enero de 2025.<\/p>\n<p>Sin embargo, al llegar diciembre, esa fecha ya ha pasado y <strong>Espa\u00f1a sigue sin avanzar<\/strong>. La <strong>Comisi\u00f3n Europea<\/strong> incluso abri\u00f3 un expediente administrativo contra nuestro pa\u00eds en enero por incumplimiento normativo, un proceso que podr\u00eda desembocar en sanciones econ\u00f3micas si no se soluciona pronto.<\/p>\n<p>Desde el departamento que dirige Montero sostienen que la estructura recaudatoria del IVA no permite cambios significativos en este momento. Argumentan que est\u00e1n inmersos en la implementaci\u00f3n del nuevo sistema de facturaci\u00f3n electr\u00f3nica, una transici\u00f3n que, seg\u00fan su perspectiva, hace incompatible la introducci\u00f3n simult\u00e1nea de otra reforma tributaria importante. No obstante, este razonamiento contrasta con la experiencia de 26 pa\u00edses europeos que ya han logrado implementar ambas medidas sin problemas evidentes.<\/p>\n<p>Las negociaciones entre la <strong>Federaci\u00f3n Nacional de Asociaciones de Trabajadores Aut\u00f3nomos (ATA)<\/strong> y el Ministerio est\u00e1n actualmente <strong>paralizadas<\/strong>. Fuentes consultadas indican que aunque las conversaciones comenzaron con buena disposici\u00f3n por parte del Ejecutivo para encontrar soluciones, en este momento no hay avances significativos. <strong>Celia Ferrero<\/strong>, vicepresidenta de ATA, destaca que la exenci\u00f3n del IVA representar\u00eda una \u00abconsiderable reducci\u00f3n de la carga burocr\u00e1tica\u00bb para los aut\u00f3nomos, ya que eliminar\u00eda las declaraciones trimestrales del modelo 303 y las anuales del modelo 390.<\/p>\n<p>La falta de este r\u00e9gimen en <strong>Espa\u00f1a<\/strong> coloca a los aut\u00f3nomos espa\u00f1oles en una situaci\u00f3n claramente desventajosa frente a sus colegas europeos. Un trabajador por cuenta propia franc\u00e9s, italiano o irland\u00e9s que facture menos de 85.000 euros puede ofrecer precios m\u00e1s competitivos al no repercutir el IVA, mejorando as\u00ed sus m\u00e1rgenes econ\u00f3micos. En cambio, su hom\u00f3logo espa\u00f1ol debe aplicar el IVA est\u00e1ndar y carece de esa flexibilidad.<\/p>\n<p>Resulta especialmente llamativo observar que en regiones con r\u00e9gimen fiscal propio como <strong>Pa\u00eds Vasco<\/strong> y <strong>Navarra<\/strong>, ya existe un sistema equivalente. All\u00ed, los m\u00f3dulos fueron reemplazados por una estimaci\u00f3n directa simplificada que permite deducciones significativas para ciertos aut\u00f3nomos. Seg\u00fan testimonios recogidos entre profesionales del sector, este sistema \u00abha funcionado muy bien\u00bb y pone de manifiesto las ventajas potenciales que su extensi\u00f3n al resto del pa\u00eds podr\u00eda generar.<\/p>\n<h3>C\u00f3mo funciona el r\u00e9gimen en otros pa\u00edses<\/h3>\n<p>La aplicaci\u00f3n en el resto de Europa es variada pero clara en su intenci\u00f3n. <strong>Francia<\/strong>, <strong>Irlanda<\/strong> e <strong>Italia<\/strong> han optado por acercarse al m\u00e1ximo permitido de 85.000 euros; aunque <strong>Francia<\/strong> establece un umbral diferenciado de 35.000 euros para prestadores de servicios. En <strong>Rep\u00fablica Checa<\/strong>, el l\u00edmite es de 78.848 euros y en <strong>Rumania<\/strong> se fija en 64.543 euros. Por otro lado, hay Estados que han decidido ser m\u00e1s restrictivos: <strong>Alemania<\/strong> y <strong>B\u00e9lgica<\/strong> permiten la exenci\u00f3n solo hasta 25.000 euros anuales; mientras que <strong>Pa\u00edses Bajos<\/strong> lo limita a 20.000 euros y <strong>Portugal<\/strong> a tan solo 15.000 euros.<\/p>\n<p>Esta diversidad de umbrales responde a decisiones pol\u00edticas leg\u00edtimas sobre c\u00f3mo organizar el sistema fiscal en cada naci\u00f3n, pero todas comparten un mismo objetivo: reducir los costes administrativos para las peque\u00f1as empresas. La <strong>Comisi\u00f3n Europea<\/strong> reconoce expl\u00edcitamente en su documentaci\u00f3n que estos costes son significativamente m\u00e1s altos para las pymes que para las grandes corporaciones, precisamente porque tienen menos recursos para gestionar la complejidad del sistema tributario europeo.<\/p>\n<h2>Las consecuencias de la pr\u00f3rroga de m\u00f3dulos<\/h2>\n<p>El Gobierno ha decidido prorrogar el sistema actual de m\u00f3dulos para aut\u00f3nomos, una elecci\u00f3n que efectivamente paraliza cualquier posibilidad inmediata de implementar la exenci\u00f3n del IVA hasta al menos 2027. Esta decisi\u00f3n elimina cualquier opci\u00f3n inmediata para que los trabajadores espa\u00f1oles se beneficien de una simplificaci\u00f3n fiscal ya disfrutada por sus colegas europeos. La propuesta del <strong>Partido Popular<\/strong>, liderado por <strong>Alberto N\u00fa\u00f1ez Feij\u00f3o<\/strong>, propone precisamente lo mismo: exenci\u00f3n del IVA para aut\u00f3nomos con ingresos inferiores a 85.000 euros; sin embargo, sigue siendo una promesa pol\u00edtica mientras el Ejecutivo mantiene su bloqueo.<\/p>\n<p>Las asociaciones representativas consideran que las propuestas actuales desde Hacienda son solo \u00abuna aplicaci\u00f3n parcial de la Directiva\u00bb y demandan extender este r\u00e9gimen a las ventas nacionales, tal como est\u00e1n haciendo otros Estados miembros. Algunos despachos legales ya han comenzado a plantear demandas sobre este asunto; adem\u00e1s, es posible que <strong>Bruselas<\/strong> termine imponiendo sanciones si esta situaci\u00f3n se prolonga indefinidamente.<\/p>\n<p>El panorama es evidente: mientras <strong>Espa\u00f1a<\/strong> permanece inactiva ante decisiones fiscales cruciales, sus aut\u00f3nomos ven c\u00f3mo se desvanecen oportunidades comerciales y competitividad dentro un mercado europeo cada vez m\u00e1s integrado. La exenci\u00f3n del IVA no es simplemente un capricho fiscal; representa una herramienta esencial para equilibrar condiciones entre peque\u00f1os y grandes negocios dentro del territorio comunitario. El tiempo apremia y cada d\u00eda se ampl\u00eda m\u00e1s la brecha con respecto al resto de Europa.<\/p>\n<\/div>\n<p> Source URL: https:\/\/www.periodistadigital.com\/economia\/20251203\/pedro-sanchez-queda-ue-rechazar-exencion-iva-autonomos-noticia-689405159924\/<\/p>\n","protected":false},"excerpt":{"rendered":"<p>M\u00e1s informaci\u00f3n S\u00e1nchez se pone de rodillas dos veces ante Puigdemont, pero parece que el golpista esta vez no traga S\u00e1nchez niega el carnet de conducir a 222.000 venezolanos en Espa\u00f1a para agradar a su compadre Maduro y a Zapatero Mientras otras naciones de la Uni\u00f3n Europea avanzan en la simplificaci\u00f3n fiscal para los aut\u00f3nomos, [&hellip;]<\/p>\n","protected":false},"author":1,"featured_media":0,"comment_status":"open","ping_status":"","sticky":false,"template":"","format":"standard","meta":{"footnotes":""},"categories":[88],"tags":[112],"class_list":["post-840320","post","type-post","status-publish","format-standard","hentry","category-spain","tag-periodistadigital-com"],"_links":{"self":[{"href":"https:\/\/analyse.optim.biz\/index.php?rest_route=\/wp\/v2\/posts\/840320","targetHints":{"allow":["GET"]}}],"collection":[{"href":"https:\/\/analyse.optim.biz\/index.php?rest_route=\/wp\/v2\/posts"}],"about":[{"href":"https:\/\/analyse.optim.biz\/index.php?rest_route=\/wp\/v2\/types\/post"}],"author":[{"embeddable":true,"href":"https:\/\/analyse.optim.biz\/index.php?rest_route=\/wp\/v2\/users\/1"}],"replies":[{"embeddable":true,"href":"https:\/\/analyse.optim.biz\/index.php?rest_route=%2Fwp%2Fv2%2Fcomments&post=840320"}],"version-history":[{"count":0,"href":"https:\/\/analyse.optim.biz\/index.php?rest_route=\/wp\/v2\/posts\/840320\/revisions"}],"wp:attachment":[{"href":"https:\/\/analyse.optim.biz\/index.php?rest_route=%2Fwp%2Fv2%2Fmedia&parent=840320"}],"wp:term":[{"taxonomy":"category","embeddable":true,"href":"https:\/\/analyse.optim.biz\/index.php?rest_route=%2Fwp%2Fv2%2Fcategories&post=840320"},{"taxonomy":"post_tag","embeddable":true,"href":"https:\/\/analyse.optim.biz\/index.php?rest_route=%2Fwp%2Fv2%2Ftags&post=840320"}],"curies":[{"name":"wp","href":"https:\/\/api.w.org\/{rel}","templated":true}]}}