{"id":840066,"date":"2025-05-14T12:09:20","date_gmt":"2025-05-14T09:09:20","guid":{"rendered":"https:\/\/analyse.optim.biz\/?p=840066"},"modified":"2025-05-14T12:09:20","modified_gmt":"2025-05-14T09:09:20","slug":"profesorul-corvin-lupu-si-calistrat-atudorei-intr-o-emisiune-despre-alegerile-din-18-mai-incorect-politic","status":"publish","type":"post","link":"https:\/\/analyse.optim.biz\/?p=840066","title":{"rendered":"Profesorul Corvin Lupu \u0219i Calistrat Atudorei \u00eentr-o emisiune despre alegerile din 18 mai &#8211; Incorect Politic"},"content":{"rendered":"<article class=\"post-listing post-79331 post type-post status-publish format-standard has-post-thumbnail  category-stirea-zilei category-video tag-corvin-lupu-si-calistrat-atudorei-intr-o-emisiune-despre-alegerile-din-18-mai\" id=\"the-post\">\n<div class=\"post-inner\">\n<h1 class=\"name post-title entry-title\"><span>Profesorul Corvin Lupu \u0219i Calistrat Atudorei \u00eentr-o emisiune despre alegerile din 18 mai<\/span><\/h1>\n<div class=\"entry\">\n<p><strong>Incorect Politic<\/strong><br \/>\nMai 14, 2025<\/p>\n\n<h2><strong>Profesorul Corvin Lupu \u0219i Calistrat Atudorei \u00eentr-o emisiune despre alegerile din 18 mai<\/strong><\/h2>\n<p><span class=\"yt-core-attributed-string--link-inherit-color\" dir=\"auto\">Ca membru marcant al Grupului pentru Rom\u00e2nia, profesorul universitar doctor Corvin Lupu eviden\u021biaz\u0103 miza uria\u0219\u0103 a celui de-al doilea tur de scrutin, din 18 mai 2025, din cadrul alegerilor preziden\u021biale. Prin aceste alegeri poporul rom\u00e2n \u00ee\u0219i va stabili parcursul pentru anii care urmeaz\u0103: <\/span><\/p>\n<ul class=\"yt-core-attributed-string__list-group\" dir=\"ltr\">\n<li><span class=\"yt-core-attributed-string--link-inherit-color\" dir=\"auto\">fie va opta pentru o direc\u021bie na\u021bionalist\u0103, pacifist\u0103 \u0219i de rena\u0219tere din toate punctele de vedere a \u021b\u0103rii; <\/span><\/li>\n<li><span class=\"yt-core-attributed-string--link-inherit-color\" dir=\"auto\">fie va opta pentru r\u0103m\u00e2nerea Rom\u00e2niei \u00een statutul de colonie a grup\u0103rilor globaliste, care de 35 de ani ne jefuiesc \u021bara, ne submineaz\u0103 con\u0219tiin\u021ba na\u021bional\u0103 \u0219i \u00een prezent se gr\u0103besc s\u0103 ne \u00eemping\u0103 \u00een r\u0103zboi. <\/span><\/li>\n<\/ul>\n<p><span class=\"yt-core-attributed-string--link-inherit-color\" dir=\"auto\">\u00cen mod evident, direc\u021bia na\u021bionalist\u0103 este reprezentat\u0103 de candidatul George Simion, aliat al lui C\u0103lin Georgescu, acesta din urm\u0103 fiind de fapt pre\u0219edintele ales de rom\u00e2ni \u00een alegerile anulate ilegal de Sistemul mafiot \u00een decembrie 2024. De cealalt\u0103 parte, candidatul Nicu\u0219or Dan, reprezint\u0103 interesele globaliste, iudeo-masonice, care caut\u0103 cu \u00eencr\u00e2ncenare (\u0219i cu disperare!) s\u0103 \u00ee\u0219i men\u021bin\u0103 controlul asupra Rom\u00e2niei. Grupul pentru Rom\u00e2nia \u00eencurajeaz\u0103 rom\u00e2nii s\u0103 mearg\u0103 masiv la vot! Este o ocazie istoric\u0103 de a ne redob\u00e2ndi suveranitatea \u0219i demnitatea na\u021bional\u0103! Emisiunea a fost difuzat\u0103 \u00een direct de televiziunea Ge\u021bia TV \u00een data de 12 mai 2025. <\/span><\/p>\n<p><span class=\"yt-core-attributed-string--link-inherit-color\" dir=\"auto\">Realizator: dr. Calistrat Marvin Atudorei <\/span><\/p>\n<p><span class=\"yt-core-attributed-string--link-inherit-color\" dir=\"auto\">Pentru a urm\u0103ri mai multe emisiuni realizate de Calistrat Atudorei accesa\u021bi canalul s\u0103u de Telegram: <\/span><span class=\"yt-core-attributed-string--link-inherit-color\" dir=\"auto\"><a class=\"yt-core-attributed-string__link yt-core-attributed-string__link--call-to-action-color\" href=\"https:\/\/www.youtube.com\/redirect?event=video_description&amp;redir_token=QUFFLUhqbHJNQmM2Q0gwZ1BIZTZOMWpPS3hya3FOczZDQXxBQ3Jtc0tsWXp6SGRZTjVSN1FPVTgxUVFvZ3h3ZHZkVlVySDJQNDdjWEIxeWNQUmFBbGZCM3g5eWtCZUtUY0M4cmRSVGpOSll6bFJkY2ZOd1VFdzU5Nkl2dm5Ib3BzOW14ZVN3Zmx4Nldhb2V0dUFrdU94LXRoVQ&amp;q=https%3A%2F%2Ft.me%2FCalistratMarvinAtudorei&amp;v=gyxI-Zjj4s4\" target=\"_blank\" rel=\"nofollow noopener\">https:\/\/t.me\/CalistratMarvinAtudorei<\/a><\/span><\/p>\n<p>\u00a0<\/p>\n<\/div>\n<div class=\"share-post\"><span class=\"share-text\">Share<\/span><\/p>\n<ul class=\"flat-social\">\n<li><a href=\"http:\/\/www.facebook.com\/sharer.php?u=https:\/\/www.incorectpolitic.com\/?p=79331\" class=\"social-facebook\" rel=\"external\" target=\"_blank\"><span>Facebook<\/span><\/a><\/li>\n<li><a href=\"https:\/\/twitter.com\/intent\/tweet?text=Profesorul+Corvin+Lupu+%C8%99i+Calistrat+Atudorei+%C3%AEntr-o+emisiune+despre+alegerile+din+18+mai&amp;url=https:\/\/www.incorectpolitic.com\/?p=79331\" class=\"social-twitter\" rel=\"external\" target=\"_blank\"><span>Twitter<\/span><\/a><\/li>\n<li><a href=\"http:\/\/pinterest.com\/pin\/create\/button\/?url=https:\/\/www.incorectpolitic.com\/?p=79331&amp;description=Profesorul+Corvin+Lupu+%C8%99i+Calistrat+Atudorei+%C3%AEntr-o+emisiune+despre+alegerile+din+18+mai&amp;media=https:\/\/www.incorectpolitic.com\/wp-content\/uploads\/2025\/01\/corvinlupu3.jpg\" class=\"social-pinterest\" rel=\"external\" target=\"_blank\"><span>Pinterest<\/span><\/a><\/li>\n<\/ul>\n<\/div>\n<\/div>\n<\/article>\n<p> Source URL: https:\/\/www.incorectpolitic.com\/profesorul-corvin-lupu-si-calistrat-atudorei-intr-o-emisiune-despre-alegerile-din-18-mai\/<\/p>\n","protected":false},"excerpt":{"rendered":"<p>Profesorul Corvin Lupu \u0219i Calistrat Atudorei \u00eentr-o emisiune despre alegerile din 18 mai Incorect Politic Mai 14, 2025 Profesorul Corvin Lupu \u0219i Calistrat Atudorei \u00eentr-o emisiune despre alegerile din 18 mai Ca membru marcant al Grupului pentru Rom\u00e2nia, profesorul universitar doctor Corvin Lupu eviden\u021biaz\u0103 miza uria\u0219\u0103 a celui de-al doilea tur de scrutin, din 18 [&hellip;]<\/p>\n","protected":false},"author":1,"featured_media":0,"comment_status":"open","ping_status":"","sticky":false,"template":"","format":"standard","meta":{"footnotes":""},"categories":[89],"tags":[95],"class_list":["post-840066","post","type-post","status-publish","format-standard","hentry","category-romania","tag-incorectpolitic-com"],"_links":{"self":[{"href":"https:\/\/analyse.optim.biz\/index.php?rest_route=\/wp\/v2\/posts\/840066","targetHints":{"allow":["GET"]}}],"collection":[{"href":"https:\/\/analyse.optim.biz\/index.php?rest_route=\/wp\/v2\/posts"}],"about":[{"href":"https:\/\/analyse.optim.biz\/index.php?rest_route=\/wp\/v2\/types\/post"}],"author":[{"embeddable":true,"href":"https:\/\/analyse.optim.biz\/index.php?rest_route=\/wp\/v2\/users\/1"}],"replies":[{"embeddable":true,"href":"https:\/\/analyse.optim.biz\/index.php?rest_route=%2Fwp%2Fv2%2Fcomments&post=840066"}],"version-history":[{"count":0,"href":"https:\/\/analyse.optim.biz\/index.php?rest_route=\/wp\/v2\/posts\/840066\/revisions"}],"wp:attachment":[{"href":"https:\/\/analyse.optim.biz\/index.php?rest_route=%2Fwp%2Fv2%2Fmedia&parent=840066"}],"wp:term":[{"taxonomy":"category","embeddable":true,"href":"https:\/\/analyse.optim.biz\/index.php?rest_route=%2Fwp%2Fv2%2Fcategories&post=840066"},{"taxonomy":"post_tag","embeddable":true,"href":"https:\/\/analyse.optim.biz\/index.php?rest_route=%2Fwp%2Fv2%2Ftags&post=840066"}],"curies":[{"name":"wp","href":"https:\/\/api.w.org\/{rel}","templated":true}]}}