{"id":840064,"date":"2025-05-30T11:55:07","date_gmt":"2025-05-30T08:55:07","guid":{"rendered":"https:\/\/analyse.optim.biz\/?p=840064"},"modified":"2025-05-30T11:55:07","modified_gmt":"2025-05-30T08:55:07","slug":"miron-manega-s-o-s-interpelare-extraordinara-despre-legile-antiromanesti-pe-care-le-avem-incorect-politic","status":"publish","type":"post","link":"https:\/\/analyse.optim.biz\/?p=840064","title":{"rendered":"Miron Manega (S.O.S.) &#8211; interpelare extraordinar\u0103 despre legile antirom\u00e2ne\u0219ti pe care le avem &#8211; Incorect Politic"},"content":{"rendered":"<article class=\"post-listing post-79529 post type-post status-publish format-standard has-post-thumbnail  category-stirea-zilei category-video tag-miron-manega-s-o-s-interpelare-extraordinara-despre-legile-antiromanesti-pe-care-le-avem\" id=\"the-post\">\n<div class=\"post-inner\">\n<h1 class=\"name post-title entry-title\"><span>Miron Manega (S.O.S.) \u2013 interpelare extraordinar\u0103 despre legile antirom\u00e2ne\u0219ti pe care le avem<\/span><\/h1>\n<div class=\"entry\">\n<p>Margareta Prodan<strong><br \/>\nIncorect Politic<\/strong><br \/>\nMai 30, 2025<\/p>\n<p>, interpelare extraordinar\u0103 despre delictul de opinie&#8221; width=&#8221;618&#8243; height=&#8221;348&#8243; frameborder=&#8221;0&#8243; allow=&#8221;accelerometer; autoplay; clipboard-write; encrypted-media; gyroscope; picture-in-picture; web-share&#8221; referrerpolicy=&#8221;strict-origin-when-cross-origin&#8221; allowfullscreen=&#8221;&#8221; data-src=&#8221;https:\/\/www.youtube.com\/embed\/Dxg7cZhSa6I?feature=oembed&#8221; class=&#8221;lazyload&#8221;]<\/p>\n<h1><strong>Miron Manega (S.O.S.) \u2013 interpelare extraordinar\u0103 despre legile antirom\u00e2ne\u0219ti pe care le avem<\/strong><\/h1>\n<p>\u201eNu ai voie sa spui ca evreii l-au ucis pe Iisus, dar cine L-a ucis? [..] Dac\u0103 spun c\u0103 Germania lui Hitler a realizat primul \u0219i cel mai modern sistem de autostr\u0103zi, sau c\u0103 a ini\u021biat prima campanie antifumat \u0219i primele legi de conservare a mediului din lume, sau c\u0103 a deschis produc\u021bia primelor avioane cu reac\u021bie \u0219i a tehnologiei spa\u021biale \u00eenseamn\u0103 c\u0103 sunt nazist sau fascist?<\/p>\n<p>[..] \u0218i dac\u0103 mai spun c\u0103 Nicolae Ceau\u0219escu a realizat lucruri excep\u021bionale, cum ar fi Canalul Dun\u0103re-Marea Neagr\u0103 sau Palatul Parlamentului, \u00eenseamn\u0103 c\u0103 sunt comunist?<br \/>\n[..]dac\u0103 spun c\u0103 Ana Pauker, Iosif \u0219i Liuba Chi\u015finevschi, Teohari Georgescu, Alexandru Nicolschi, Silviu Brucan, Alexandra Sidorovici etc. au fost tor\u021bionari \u0219i criminali, \u00eenseamn\u0103 c\u0103 sunt antisemit?<\/p>\n<p>Trebuie men\u021bionat legea 217\/2015, nu exist\u0103 surse de drept pentru a condamna Legionarismul!\u201d<\/p>\n<\/div>\n<div class=\"share-post\"><span class=\"share-text\">Share<\/span><\/p>\n<ul class=\"flat-social\">\n<li><a href=\"http:\/\/www.facebook.com\/sharer.php?u=https:\/\/www.incorectpolitic.com\/?p=79529\" class=\"social-facebook\" rel=\"external\" target=\"_blank\"><span>Facebook<\/span><\/a><\/li>\n<li><a href=\"https:\/\/twitter.com\/intent\/tweet?text=Miron+Manega+%28S.O.S.%29+%E2%80%93+interpelare+extraordinar%C4%83+despre+legile+antirom%C3%A2ne%C8%99ti+pe+care+le+avem&amp;url=https:\/\/www.incorectpolitic.com\/?p=79529\" class=\"social-twitter\" rel=\"external\" target=\"_blank\"><span>Twitter<\/span><\/a><\/li>\n<li><a href=\"http:\/\/pinterest.com\/pin\/create\/button\/?url=https:\/\/www.incorectpolitic.com\/?p=79529&amp;description=Miron+Manega+%28S.O.S.%29+%E2%80%93+interpelare+extraordinar%C4%83+despre+legile+antirom%C3%A2ne%C8%99ti+pe+care+le+avem&amp;media=https:\/\/www.incorectpolitic.com\/wp-content\/uploads\/2025\/05\/manega-interpelare.jpg\" class=\"social-pinterest\" rel=\"external\" target=\"_blank\"><span>Pinterest<\/span><\/a><\/li>\n<\/ul>\n<\/div>\n<\/div>\n<\/article>\n<p> Source URL: https:\/\/www.incorectpolitic.com\/miron-manega-s-o-s-interpelare-extraordinara-despre-legile-antiromanesti-pe-care-le-avem\/<\/p>\n","protected":false},"excerpt":{"rendered":"<p>Miron Manega (S.O.S.) \u2013 interpelare extraordinar\u0103 despre legile antirom\u00e2ne\u0219ti pe care le avem Margareta Prodan Incorect Politic Mai 30, 2025 , interpelare extraordinar\u0103 despre delictul de opinie&#8221; width=&#8221;618&#8243; height=&#8221;348&#8243; frameborder=&#8221;0&#8243; allow=&#8221;accelerometer; autoplay; clipboard-write; encrypted-media; gyroscope; picture-in-picture; web-share&#8221; referrerpolicy=&#8221;strict-origin-when-cross-origin&#8221; allowfullscreen=&#8221;&#8221; data-src=&#8221;https:\/\/www.youtube.com\/embed\/Dxg7cZhSa6I?feature=oembed&#8221; class=&#8221;lazyload&#8221;] Miron Manega (S.O.S.) \u2013 interpelare extraordinar\u0103 despre legile antirom\u00e2ne\u0219ti pe care le avem \u201eNu [&hellip;]<\/p>\n","protected":false},"author":1,"featured_media":0,"comment_status":"open","ping_status":"","sticky":false,"template":"","format":"standard","meta":{"footnotes":""},"categories":[89],"tags":[95],"class_list":["post-840064","post","type-post","status-publish","format-standard","hentry","category-romania","tag-incorectpolitic-com"],"_links":{"self":[{"href":"https:\/\/analyse.optim.biz\/index.php?rest_route=\/wp\/v2\/posts\/840064","targetHints":{"allow":["GET"]}}],"collection":[{"href":"https:\/\/analyse.optim.biz\/index.php?rest_route=\/wp\/v2\/posts"}],"about":[{"href":"https:\/\/analyse.optim.biz\/index.php?rest_route=\/wp\/v2\/types\/post"}],"author":[{"embeddable":true,"href":"https:\/\/analyse.optim.biz\/index.php?rest_route=\/wp\/v2\/users\/1"}],"replies":[{"embeddable":true,"href":"https:\/\/analyse.optim.biz\/index.php?rest_route=%2Fwp%2Fv2%2Fcomments&post=840064"}],"version-history":[{"count":0,"href":"https:\/\/analyse.optim.biz\/index.php?rest_route=\/wp\/v2\/posts\/840064\/revisions"}],"wp:attachment":[{"href":"https:\/\/analyse.optim.biz\/index.php?rest_route=%2Fwp%2Fv2%2Fmedia&parent=840064"}],"wp:term":[{"taxonomy":"category","embeddable":true,"href":"https:\/\/analyse.optim.biz\/index.php?rest_route=%2Fwp%2Fv2%2Fcategories&post=840064"},{"taxonomy":"post_tag","embeddable":true,"href":"https:\/\/analyse.optim.biz\/index.php?rest_route=%2Fwp%2Fv2%2Ftags&post=840064"}],"curies":[{"name":"wp","href":"https:\/\/api.w.org\/{rel}","templated":true}]}}