{"id":840063,"date":"2025-07-12T07:16:25","date_gmt":"2025-07-12T04:16:25","guid":{"rendered":"https:\/\/analyse.optim.biz\/?p=840063"},"modified":"2025-07-12T07:16:25","modified_gmt":"2025-07-12T04:16:25","slug":"avocatul-mihai-rapcea-lanseaza-atacuri-furibunde-la-adresa-lui-silviu-vexler-incorect-politic","status":"publish","type":"post","link":"https:\/\/analyse.optim.biz\/?p=840063","title":{"rendered":"Avocatul Mihai Rapcea lanseaz\u0103 atacuri furibunde la adresa lui Silviu Vexler &#8211; Incorect Politic"},"content":{"rendered":"<article class=\"post-listing post-79654 post type-post status-publish format-standard has-post-thumbnail  category-stirea-zilei category-video tag-avocatul-mihai-rapcea-lanseaza-atacuri-furibunde-la-adresa-lui-silviu-vexler\" id=\"the-post\">\n<div class=\"post-inner\">\n<h1 class=\"name post-title entry-title\"><span>Avocatul Mihai Rapcea lanseaz\u0103 atacuri furibunde la adresa lui Silviu Vexler<\/span><\/h1>\n<div class=\"entry\">\n<p><strong>Incorect Politic<\/strong><br \/>\nIulie 12, 2025<\/p>\n<p>\u00a0<\/p>\n<blockquote class=\"twitter-tweet\" data-width=\"500\" data-dnt=\"true\">\n<p lang=\"ro\" dir=\"ltr\">\ud83c\udfa6Avocatul Mihai Rapcea, al\u0103turi de so\u021bia sa, ne poveste\u0219te despre Legea Vexler \u0219i despre jidani. Avocatul Rapcea reprezint\u0103 perspectiva unui avocat cu experien\u021b\u0103 \u00een cazuri de natur\u0103 similar\u0103:<\/p>\n<p>0:10 Substan\u021ba ideilor noastre este protejat\u0103 de lege. CEDO spune c\u0103 critica adus\u0103\u2026 <a href=\"https:\/\/t.co\/mEAijc5aLp\">pic.twitter.com\/mEAijc5aLp<\/a><\/p>\n<p>&mdash; Nationalist-Mania (@AURMania2) <a href=\"https:\/\/twitter.com\/AURMania2\/status\/1943777892028362839?ref_src=twsrc%5Etfw\">July 11, 2025<\/a><\/p><\/blockquote>\n<p><script async src=\"https:\/\/platform.twitter.com\/widgets.js\" charset=\"utf-8\"><\/script><\/p>\n<p><em>Via <a href=\"https:\/\/x.com\/AURMania2\/status\/1943777892028362839\">AURMania2<\/a>:<\/em><\/p>\n<p>Avocatul Mihai Rapcea, al\u0103turi de so\u021bia sa, ne poveste\u0219te despre Legea Vexler \u0219i despre jidani. Avocatul Rapcea reprezint\u0103 perspectiva unui avocat cu experien\u021b\u0103 \u00een cazuri de natur\u0103 similar\u0103:<\/p>\n<p>0:10 Substan\u021ba ideilor noastre este protejat\u0103 de lege. CEDO spune c\u0103 critica adus\u0103 unor personalit\u0103\u021bi sau politicieni este mult mai protejat\u0103 \u00een cazul persoanelor private.<\/p>\n<p>1:00 Legea Vexler a trecut prin parlament \u00eentr-un timp record. \u00cen 3 s\u0103pt\u0103m\u00e2ni a fost adoptat\u0103 \u0219i de senat, \u0219i de camera deputa\u021bilor. Iar acest proiect ne arat\u0103 c\u0103 faci mai mult\u0103 pu\u0219c\u0103rie pentru antisemitism dec\u00e2t pentru evaziune.<\/p>\n<p>3:00 Nicu\u0219or Dan, a declarat c\u0103-l aresteaz\u0103 pe Netanyahu dac\u0103 vine \u00een Rom\u00e2nia.<br \/>\nApoi, Nicu\u0219or, ca un om indecis sexual, n-a \u0219tiut ce s\u0103 fac\u0103, a\u0219a c\u0103 \u00een contesta\u021bia depus\u0103 la CCR a copiat din ceea ce au spus cei de la AUR, POT, SOS, \u0219amd, pentru a justifica solicitarea.<\/p>\n<p>07:00 Rapcea \u00eel nume\u0219te pe Nicu\u0219or Dan: \u201cMarele Nike\u201d, pentru c\u0103 s-a opus jidanilor. Din prostie sau nu, dar s-a opus. Simion nu ar fi avut curajul sau demnitatea s\u0103 fac\u0103 la fel. Dar \u201cMarele Nike\u201d da.<\/p>\n<p>12:00 Vexler a decis s\u0103-\u0219i returneze a\u0219a-zisul \u201eOrdin de Merit\u201d, un ordin primit prin ne-merit.<\/p>\n<p>13:00 Toate domiciliile \u0219i toate sediile evreie\u0219ti din Rom\u00e2nia sunt protejate de jandarmerie. Sunt mai proteja\u021bi dec\u00e2t magistra\u021bii\u2013 pe banii no\u0219tri!<\/p>\n<p>14:00 C\u00e2nd e vorba de jidani, tot aparatul politic se mobilizeaz\u0103 s\u0103-\u0219i arate slug\u0103rnicia: \u0219i pac o lege, pac o subven\u021bie, pac ni\u0219te retroced\u0103ri.<\/p>\n<p>15:00 Institutul Elie Wiesel se pl\u00e2nge de antisemitism 24\/7, dar nu au un caz de evreu maltratat sau b\u0103tut sau vitrine sparte \u00een complexele evreie\u0219ti. Iar poli\u021bia a constatat c\u0103 cel care a f\u0103cut svastici prin Cimitirul Evreiesc era tot evreu. Maia Morgenstern s-a pl\u00e2ns c\u0103 a fost amenin\u021bat\u0103 \u0219i a condamnat antisemitismul! Dar c\u00e2nd s-a dovedit c\u0103 cel care a amenin\u021bat-o era un evreu, a t\u0103cut m\u00e2lc!<\/p>\n<p>16:00 Jidanii ne-au adus comunismul, 94% din PCR era format din, ghici ce? jidani.<\/p>\n<p>16:50 Nou\u0103 \u0219i a\u0219a ne merge greu \u0219i evreul ne bag\u0103 b\u0103\u021bul prin gard ca apoi s\u0103 pl\u00e2ng\u0103 de antisemitism.<\/p>\n<p>17:10 Conform c\u0103r\u021bilor lui Corneliu Dan Nicolae, jidanii trimi\u0219i \u00een Rom\u00e2nia au efectuat jaf armat \u00een Rom\u00e2nia, totul pentru a distruge economia Rom\u00e2neasc\u0103.<\/p>\n<p>18:30 Legal nu a existat niciun proces al legionarismului! Apoi s\u0103 vin\u0103 Vexler s\u0103 ne spun\u0103 c\u0103 legionarismul este r\u0103u! Dar de comunism? nimic.<\/p>\n<p>20:00 Jidanul folose\u0219te o \u201cpoveste\u201d de acum 100 de ani s\u0103 ne bage pumnul \u00een gur\u0103. Jidanul, c\u00e2nd depune jur\u0103m\u00e2ntul \u00een parlament, nu jur\u0103 credin\u021b\u0103 Rom\u00e2niei, ci statului Israel.<\/p>\n<p>22:30 Dac\u0103 Vexler vrea s\u0103 ne sim\u021bim vinova\u021bi pentru evrei, atunci e corect s\u0103 ne povesteasc\u0103 cum au venit \u0219i ei pe tancurile sovietice. Duce\u021bi copiii la Crematoriul Cenu\u0219\u0103, s\u0103 intre, s\u0103 vad\u0103 cum comuni\u0219tii, dar aproape to\u021bi, au urnele cu steaua lui David.<\/p>\n<p>23:20 Jidanii au adus cea mai satanic\u0103 doctrin\u0103 peste Rom\u00e2nia \u0219i \u00eenc\u0103 n-au pl\u0103tit pentru asta. Zeci de mii de rom\u00e2ni au murit \u00een pu\u0219c\u0103rie din cauza lor. Pe noi cine ne recompenseaz\u0103?<\/p>\n<p>25:30 Jidanii spun c\u0103 Codreanu \u0219i Legionarii de la 30 Noiembrie 1938 au \u00eencercat s\u0103 fug\u0103, dar to\u021bi au avut funia \u00een jurul g\u00e2tului.<\/p>\n<p>27:30 O Rom\u00e2nc\u0103 de 24 de ani a intrat \u00een com\u0103 de la cezarian\u0103 pentru c\u0103 spitalul respectiv nu avea anumite medicamente, \u0219i a fost transferat\u0103 \u0219i a murit. Acestea sunt problemele sub politicieni c\u00e2nd se \u00eent\u00e2mpl\u0103 ca femeia s\u0103 nu fie jidanc\u0103.<\/p>\n<p>29:00 Nu avem nevoie de legi pentru chestii care s-au \u00eent\u00e2mplat acum 100 de ani. Femeile sunt amenin\u021bate de imigran\u021bi, care au \u00eenceput s\u0103 prind\u0103 tupeu \u0219i \u00een Rom\u00e2nia, cum ar fi la Hunedoara, unde au violat o fat\u0103 de 16 ani.<\/p>\n<p>30:55 \u00cen UK, o fat\u0103 de 12 ani a fost violat\u0103 de imigran\u021bi. Ce au declarat imigran\u021bii? C\u0103 ei \u201en-au \u0219tiut c\u0103 e infrac\u021biune\u201d \u0219i au fost l\u0103sa\u021bi \u00een pace.<\/p>\n<p>33:00 Presa noastr\u0103 se sperie teribil c\u00e2nd e vorba de jidani, \u201c\u00ee\u0219i pun p\u0103m\u00e2nt \u00een cap \u0219i \u00ee\u0219i pun \u0219i crucea\u201d c\u00e2nd e vorba de ei.<\/p>\n\n<p>\u00a0<\/p>\n<\/div>\n<div class=\"share-post\"><span class=\"share-text\">Share<\/span><\/p>\n<ul class=\"flat-social\">\n<li><a href=\"http:\/\/www.facebook.com\/sharer.php?u=https:\/\/www.incorectpolitic.com\/?p=79654\" class=\"social-facebook\" rel=\"external\" target=\"_blank\"><span>Facebook<\/span><\/a><\/li>\n<li><a href=\"https:\/\/twitter.com\/intent\/tweet?text=Avocatul+Mihai+Rapcea+lanseaz%C4%83+atacuri+furibunde+la+adresa+lui+Silviu+Vexler&amp;url=https:\/\/www.incorectpolitic.com\/?p=79654\" class=\"social-twitter\" rel=\"external\" target=\"_blank\"><span>Twitter<\/span><\/a><\/li>\n<li><a href=\"http:\/\/pinterest.com\/pin\/create\/button\/?url=https:\/\/www.incorectpolitic.com\/?p=79654&amp;description=Avocatul+Mihai+Rapcea+lanseaz%C4%83+atacuri+furibunde+la+adresa+lui+Silviu+Vexler&amp;media=https:\/\/www.incorectpolitic.com\/wp-content\/uploads\/2021\/06\/vexler-si-vainer-629x330.jpg\" class=\"social-pinterest\" rel=\"external\" target=\"_blank\"><span>Pinterest<\/span><\/a><\/li>\n<\/ul>\n<\/div>\n<\/div>\n<\/article>\n<p> Source URL: https:\/\/www.incorectpolitic.com\/avocatul-mihai-rapcea-lanseaza-atacuri-furibunde-la-adresa-lui-silviu-vexler\/<\/p>\n","protected":false},"excerpt":{"rendered":"<p>Avocatul Mihai Rapcea lanseaz\u0103 atacuri furibunde la adresa lui Silviu Vexler Incorect Politic Iulie 12, 2025 \u00a0 Via AURMania2: Avocatul Mihai Rapcea, al\u0103turi de so\u021bia sa, ne poveste\u0219te despre Legea Vexler \u0219i despre jidani. Avocatul Rapcea reprezint\u0103 perspectiva unui avocat cu experien\u021b\u0103 \u00een cazuri de natur\u0103 similar\u0103: 0:10 Substan\u021ba ideilor noastre este protejat\u0103 de lege. [&hellip;]<\/p>\n","protected":false},"author":1,"featured_media":0,"comment_status":"open","ping_status":"","sticky":false,"template":"","format":"standard","meta":{"footnotes":""},"categories":[89],"tags":[95],"class_list":["post-840063","post","type-post","status-publish","format-standard","hentry","category-romania","tag-incorectpolitic-com"],"_links":{"self":[{"href":"https:\/\/analyse.optim.biz\/index.php?rest_route=\/wp\/v2\/posts\/840063","targetHints":{"allow":["GET"]}}],"collection":[{"href":"https:\/\/analyse.optim.biz\/index.php?rest_route=\/wp\/v2\/posts"}],"about":[{"href":"https:\/\/analyse.optim.biz\/index.php?rest_route=\/wp\/v2\/types\/post"}],"author":[{"embeddable":true,"href":"https:\/\/analyse.optim.biz\/index.php?rest_route=\/wp\/v2\/users\/1"}],"replies":[{"embeddable":true,"href":"https:\/\/analyse.optim.biz\/index.php?rest_route=%2Fwp%2Fv2%2Fcomments&post=840063"}],"version-history":[{"count":0,"href":"https:\/\/analyse.optim.biz\/index.php?rest_route=\/wp\/v2\/posts\/840063\/revisions"}],"wp:attachment":[{"href":"https:\/\/analyse.optim.biz\/index.php?rest_route=%2Fwp%2Fv2%2Fmedia&parent=840063"}],"wp:term":[{"taxonomy":"category","embeddable":true,"href":"https:\/\/analyse.optim.biz\/index.php?rest_route=%2Fwp%2Fv2%2Fcategories&post=840063"},{"taxonomy":"post_tag","embeddable":true,"href":"https:\/\/analyse.optim.biz\/index.php?rest_route=%2Fwp%2Fv2%2Ftags&post=840063"}],"curies":[{"name":"wp","href":"https:\/\/api.w.org\/{rel}","templated":true}]}}