{"id":839415,"date":"2025-12-03T00:00:00","date_gmt":"2025-12-02T21:00:00","guid":{"rendered":"https:\/\/analyse.optim.biz\/?p=839415"},"modified":"2025-12-03T00:00:00","modified_gmt":"2025-12-02T21:00:00","slug":"muere-a-los-60-anos-jose-luis-cienfuegos-director-de-la-semana-internacional-de-cine-de-valladolid-seminci-periodista-digital","status":"publish","type":"post","link":"https:\/\/analyse.optim.biz\/?p=839415","title":{"rendered":"Muere a los 60 a\u00f1os Jos\u00e9 Luis Cienfuegos, director de la Semana Internacional de Cine de Valladolid (Seminci) &#8211; Periodista Digital"},"content":{"rendered":"<div class=\"m4p-post-content\">\n<div class=\"block-vertical-align-right\">\n<div class=\"m4p-relations-group\">\n<div class=\"m4p-group-vertical-title\">\n<h2>M\u00e1s informaci\u00f3n<\/h2>\n<\/div>\n<div class=\"m4p-summary-news\">\n<figure class=\"m4p-image m4p-crop-medium-1\"><a href=\"https:\/\/www.periodistadigital.com\/economia\/notas-prensa\/20221026\/emilia-participa-67-edicion-seminci-valladolid-estrenara-cines-11-noviembre-noticia-689404793252\/\"><img loading=\"lazy\" decoding=\"async\" src=\"https:\/\/analyse.optim.biz\/wp-content\/uploads\/2025\/12\/emilia_11-320x214-1.jpg\" width=\"320\" height=\"214\" alt='\"Emilia\" participa en la 67 edici\u00f3n de la SEMINCI de Valladolid y se estrenar\u00e1 en cines el 11 de noviembre' title=\"emilia_11-320x214-1\"><\/a><\/figure>\n<div class=\"m4p-summary-news-title\">\n<h3><a href=\"https:\/\/www.periodistadigital.com\/economia\/notas-prensa\/20221026\/emilia-participa-67-edicion-seminci-valladolid-estrenara-cines-11-noviembre-noticia-689404793252\/\">&#8220;Emilia&#8221; participa en la 67 edici\u00f3n de la SEMINCI de Valladolid y se estrenar\u00e1 en cines el 11 de noviembre<\/a><\/h3>\n<\/div>\n<\/div>\n<\/div>\n<\/div>\n<p><strong>Jos\u00e9 Luis Cienfuegos<\/strong> ha fallecido este martes, 2 de diciembre de 2025, en Madrid de forma inesperada a los 60 a\u00f1os, tras sufrir un infarto cerebral.<\/p>\n<p>El director de la <strong>Semana Internacional de Cine de Valladolid (Seminci)<\/strong> fue ingresado en un hospital madrile\u00f1o el lunes por la noche, pero no pudo superar el accidente cerebrovascular. Su muerte ha causado una profunda conmoci\u00f3n en el sector del cine espa\u00f1ol, que se despide de una de sus personalidades m\u00e1s influyentes en las \u00faltimas d\u00e9cadas.<\/p>\n<p>Nacido en <strong>Avil\u00e9s en 1964<\/strong>, Cienfuegos dedic\u00f3 m\u00e1s de treinta a\u00f1os a la direcci\u00f3n de algunos de los festivales m\u00e1s relevantes del pa\u00eds. Su partida llega apenas semanas despu\u00e9s de concluir la <strong>edici\u00f3n n\u00famero 70 de la Seminci<\/strong>, considerada como una de las m\u00e1s exitosas en la historia del certamen.<\/p>\n<p>El funeral se llevar\u00e1 a cabo en <strong>Oviedo<\/strong>, donde reside su familia. Por otro lado, la organizaci\u00f3n del festival vallisoletano ha anunciado que le rendir\u00e1 un homenaje especial para recordar su figura y su legado.<\/p>\n<h2>El arquitecto del cine de autor en Espa\u00f1a<\/h2>\n<p>La carrera de Cienfuegos comenz\u00f3 en el departamento de prensa del <strong>Festival de Gij\u00f3n<\/strong>, donde trabaj\u00f3 antes de asumir la direcci\u00f3n del certamen en 1995. Durante diecis\u00e9is a\u00f1os al frente del festival asturiano, transform\u00f3 por completo la manera de entender estos eventos en el pa\u00eds. Gij\u00f3n se convirti\u00f3 as\u00ed en <strong>la puerta de entrada para los cineastas m\u00e1s atrevidos y provocadores<\/strong>, promoviendo nuevas tendencias que emerg\u00edan a nivel global y prestando atenci\u00f3n al rico pasado cinematogr\u00e1fico. Su gesti\u00f3n fue tan reconocida que al dejar el festival, m\u00e1s de cuatrocientos cineastas internacionales firmaron un comunicado apoy\u00e1ndolo, lo que evidencia la profunda admiraci\u00f3n que hab\u00eda cultivado dentro de la comunidad.<\/p>\n<p>En 2012 asumi\u00f3 la direcci\u00f3n del <strong>Festival de Cine Europeo de Sevilla<\/strong>, donde nuevamente dej\u00f3 su impronta inconfundible. Hizo del certamen sevillano una plataforma clave para los autores que estaban marcando el rumbo del cine contempor\u00e1neo, fortaleciendo los v\u00ednculos entre la industria cinematogr\u00e1fica espa\u00f1ola y europea. Su visi\u00f3n polifac\u00e9tica permiti\u00f3 que distribuidores, productores, cr\u00edticos y medios jugaran un papel vital en el desarrollo del cine autoral.<\/p>\n<h2>El mayor reto de su carrera<\/h2>\n<p>En 2023, <strong>Cienfuegos lleg\u00f3 a Valladolid<\/strong> tras ganar un concurso p\u00fablico para dirigir la Seminci, lo cual fue considerado por la organizaci\u00f3n como el mayor desaf\u00edo profesional de su trayectoria. En tan solo tres ediciones, dej\u00f3 su sello distintivo en la direcci\u00f3n, manteniendo siempre fiel a la historia y al esp\u00edritu que han caracterizado al festival mientras lo renovaba con acierto. Conceb\u00eda los festivales como espacios para el di\u00e1logo y el aprendizaje a trav\u00e9s de una programaci\u00f3n ambiciosa y diversa, estableciendo conexiones vibrantes entre creadores y p\u00fablico; adem\u00e1s, promov\u00eda espacios \u00fatiles y relevantes para la industria y los cineastas.<\/p>\n<p>La edici\u00f3n n\u00famero 70, clausurada hace unas semanas, coron\u00f3 a <strong>\u2018The Mastermind\u2019<\/strong> de Kelly Reichardt y <strong>\u2018Magallanes\u2019<\/strong> de Lav Diaz con la Espiga de Oro ex aequo; un resultado que reflejaba fielmente c\u00f3mo Cienfuegos conceb\u00eda un festival cinematogr\u00e1fico. Su habilidad para revitalizar la Seminci sin perder su identidad se evidenci\u00f3 en c\u00f3mo tanto la ciudad como el propio festival ganaron peso y relevancia bajo su mando.<\/p>\n<h2>Un legado de transformaci\u00f3n<\/h2>\n<p>El <strong>Ayuntamiento de Valladolid<\/strong> ha expresado sus condolencias por el fallecimiento, subrayando que en estos momentos dif\u00edciles toda la ciudad est\u00e1 al lado de su familia, amigos y compa\u00f1eros tanto del festival como del mundo cinematogr\u00e1fico. El alcalde, <strong>Jes\u00fas Julio Carnero<\/strong>, destac\u00f3 que Cienfuegos era un amante apasionado tanto por la vida como por las personas; alguien lleno de energ\u00eda e ilusi\u00f3n que demostr\u00f3 tener una capacidad notable para hacer crecer cada vez m\u00e1s el peso e importancia de la Seminci.<\/p>\n<p>El legado dejado por Cienfuegos va mucho m\u00e1s all\u00e1 de cifras o estad\u00edsticas sobre asistencia. <strong>Transform\u00f3 radicalmente los festivales en Espa\u00f1a<\/strong>, convirti\u00e9ndolos en espacios donde el cine se erig\u00eda como pilar fundamental para celebrar tanto cultura como vida. Fue un trabajador incansable que nunca antepuso su nombre al servicio del proyecto; result\u00f3 ser un pilar crucial dentro del sector cinematogr\u00e1fico que dedic\u00f3 su existencia a garantizar que las pel\u00edculas encontraran su lugar y a hacer sentir a quienes las creaban que hab\u00eda alguien realmente creyendo en ellas.<\/p>\n<p>Su ausencia deja un vac\u00edo dif\u00edcilmente sustituible en el panorama cinematogr\u00e1fico espa\u00f1ol; sin embargo, su influencia permanecer\u00e1 viva cada vez que se celebre alg\u00fan festival bajo su direcci\u00f3n o cuando se contemple esa visi\u00f3n renovada que aport\u00f3 al cine autoral en nuestro pa\u00eds.<\/p>\n<\/div>\n<p> Source URL: https:\/\/www.periodistadigital.com\/gente\/20251203\/muere-60-anos-jose-luis-cienfuegos-director-semana-internacional-cine-valladolid-seminci-noticia-689405159696\/<\/p>\n","protected":false},"excerpt":{"rendered":"<p>M\u00e1s informaci\u00f3n &#8220;Emilia&#8221; participa en la 67 edici\u00f3n de la SEMINCI de Valladolid y se estrenar\u00e1 en cines el 11 de noviembre Jos\u00e9 Luis Cienfuegos ha fallecido este martes, 2 de diciembre de 2025, en Madrid de forma inesperada a los 60 a\u00f1os, tras sufrir un infarto cerebral. El director de la Semana Internacional de [&hellip;]<\/p>\n","protected":false},"author":1,"featured_media":839416,"comment_status":"open","ping_status":"","sticky":false,"template":"","format":"standard","meta":{"footnotes":""},"categories":[88],"tags":[112],"class_list":["post-839415","post","type-post","status-publish","format-standard","has-post-thumbnail","hentry","category-spain","tag-periodistadigital-com"],"_links":{"self":[{"href":"https:\/\/analyse.optim.biz\/index.php?rest_route=\/wp\/v2\/posts\/839415","targetHints":{"allow":["GET"]}}],"collection":[{"href":"https:\/\/analyse.optim.biz\/index.php?rest_route=\/wp\/v2\/posts"}],"about":[{"href":"https:\/\/analyse.optim.biz\/index.php?rest_route=\/wp\/v2\/types\/post"}],"author":[{"embeddable":true,"href":"https:\/\/analyse.optim.biz\/index.php?rest_route=\/wp\/v2\/users\/1"}],"replies":[{"embeddable":true,"href":"https:\/\/analyse.optim.biz\/index.php?rest_route=%2Fwp%2Fv2%2Fcomments&post=839415"}],"version-history":[{"count":0,"href":"https:\/\/analyse.optim.biz\/index.php?rest_route=\/wp\/v2\/posts\/839415\/revisions"}],"wp:featuredmedia":[{"embeddable":true,"href":"https:\/\/analyse.optim.biz\/index.php?rest_route=\/wp\/v2\/media\/839416"}],"wp:attachment":[{"href":"https:\/\/analyse.optim.biz\/index.php?rest_route=%2Fwp%2Fv2%2Fmedia&parent=839415"}],"wp:term":[{"taxonomy":"category","embeddable":true,"href":"https:\/\/analyse.optim.biz\/index.php?rest_route=%2Fwp%2Fv2%2Fcategories&post=839415"},{"taxonomy":"post_tag","embeddable":true,"href":"https:\/\/analyse.optim.biz\/index.php?rest_route=%2Fwp%2Fv2%2Ftags&post=839415"}],"curies":[{"name":"wp","href":"https:\/\/api.w.org\/{rel}","templated":true}]}}