{"id":838642,"date":"2025-12-03T00:00:00","date_gmt":"2025-12-02T21:00:00","guid":{"rendered":"https:\/\/analyse.optim.biz\/?p=838642"},"modified":"2025-12-03T00:00:00","modified_gmt":"2025-12-02T21:00:00","slug":"pronostico-del-tiempo-espana-se-enfrenta-a-un-miercoles-3-de-diciembre-de-2025-invernal-con-nieve-en-las-montanas-y-vientos-intensos-periodista-digital","status":"publish","type":"post","link":"https:\/\/analyse.optim.biz\/?p=838642","title":{"rendered":"Pron\u00f3stico del Tiempo: Espa\u00f1a se enfrenta a un mi\u00e9rcoles 3 de diciembre de 2025 invernal con nieve en las monta\u00f1as y vientos intensos &#8211; Periodista Digital"},"content":{"rendered":"<div class=\"m4p-post-content\">\n<div class=\"block-vertical-align-right\">\n<div class=\"m4p-relations-group\">\n<div class=\"m4p-group-vertical-title\">\n<h2>M\u00e1s informaci\u00f3n<\/h2>\n<\/div>\n<div class=\"m4p-summary-news\">\n<figure class=\"m4p-image m4p-crop-medium-1\"><a href=\"https:\/\/www.periodistadigital.com\/magazine\/20251203\/horoscopo-hoy-miercoles-3-diciembre-2025-noticia-689405159679\/\"><img loading=\"lazy\" decoding=\"async\" src=\"https:\/\/analyse.optim.biz\/wp-content\/uploads\/2025\/12\/horoscopo-chino-ac3b1o-perro-5-320x214-1.jpg\" width=\"320\" height=\"214\" alt=\"Hor\u00f3scopo chino.\" title=\"horoscopo-chino-ac3b1o-perro-5-320x214-1\"><\/a><\/figure>\n<div class=\"m4p-summary-news-title\">\n<h3><a href=\"https:\/\/www.periodistadigital.com\/magazine\/20251203\/horoscopo-hoy-miercoles-3-diciembre-2025-noticia-689405159679\/\">Hor\u00f3scopo de hoy: mi\u00e9rcoles 3 de diciembre de 2025<\/a><\/h3>\n<\/div>\n<\/div>\n<\/div>\n<\/div>\n<p><span class=\"m4p-capitular\">E<\/span>ste mi\u00e9rcoles 3 de diciembre de 2025, <strong>Espa\u00f1a<\/strong> se prepara para un d\u00eda cargado de condiciones invernales.<\/p>\n<p>La <em>Agencia Estatal de Meteorolog\u00eda<\/em> (AEMET) ha anunciado que el pa\u00eds experimentar\u00e1 precipitaciones generalizadas, <em>nevadas significativas<\/em> en \u00e1reas monta\u00f1osas y <em>vientos muy fuertes<\/em> que afectar\u00e1n a distintos puntos del territorio. No ser\u00e1 un d\u00eda para quedarse encerrado sin mirar por la ventana, cr\u00e9eme.<\/p>\n<p>La situaci\u00f3n meteorol\u00f3gica est\u00e1 dominada por una poderosa corriente en chorro atl\u00e1ntica que desplaza intensas borrascas de oeste a este.<\/p>\n<p>Esto implica que los frentes fr\u00edos continuar\u00e1n llegando a <strong>Espa\u00f1a<\/strong> con frecuencia durante estos primeros d\u00edas de diciembre.<\/p>\n<p>El ambiente t\u00edpicamente invernal ya ha hecho su aparici\u00f3n en la Pen\u00ednsula e islas, y aunque pueda parecer que estamos en plena ola de fr\u00edo, realmente estamos ante una situaci\u00f3n habitual para esta \u00e9poca del a\u00f1o. Castilla y Le\u00f3n y <strong>Madrid<\/strong> han mantenido avisos activos durante esta madrugada, as\u00ed que la cosa va en serio.<\/p>\n<h2>Precipitaciones, nieve y el gran protagonista: el viento<\/h2>\n<p>Las lluvias ser\u00e1n el eje central del d\u00eda en amplias \u00e1reas de <strong>Espa\u00f1a<\/strong>. Los cielos permanecer\u00e1n nubosos o cubiertos en la Pen\u00ednsula y <strong>Baleares<\/strong>, sobre todo en el centro y sur. Se esperan precipitaciones en <strong>Galicia<\/strong>, la costa cant\u00e1brica, el Pirineo occidental, Melilla y la parte oriental de <strong>Baleares<\/strong>, donde podr\u00edan ser <em>localmente fuertes<\/em>. En el este de <strong>Baleares<\/strong>, las lluvias ser\u00e1n <em>persistentes<\/em>, as\u00ed que los baleares tendr\u00e1n que sacar el paraguas sin dudarlo.<\/p>\n<p>Pero eso no es todo. La <em>nieve<\/em> har\u00e1 su entrada triunfal en el <strong>Sistema Central<\/strong> con acumulaciones significativas. La cota de nieve se situar\u00e1 entre los 1.000 y 1.200 metros, descendiendo durante el d\u00eda hasta los 800-1.100 metros en toda <strong>Espa\u00f1a<\/strong>. Esto significa que cualquiera que se acerque a las monta\u00f1as del norte por encima de estas cotas ver\u00e1 caer nieve. En las sierras del sureste, la nieve aparecer\u00e1 a partir de los 1.500-1.700 metros. Si planeas un viaje a zonas monta\u00f1osas, conviene revisar las condiciones de las carreteras.<\/p>\n<p>Los <em>vientos muy fuertes<\/em> completar\u00e1n este panorama meteorol\u00f3gico. Se prev\u00e9n rachas intensas en \u00e1reas de <strong>Albor\u00e1n<\/strong>, bajo <strong>Ebro<\/strong>, Ampurd\u00e1n y los litorales del <strong>Cant\u00e1brico<\/strong> y <strong>Galicia<\/strong>. En <strong>Melilla<\/strong> y el norte de <strong>Baleares<\/strong>, tambi\u00e9n habr\u00e1 <em>tramontana fuerte<\/em>, con intervalos a\u00fan m\u00e1s intensos posibles. Es momento de asegurar bien lo que tengas fuera.<\/p>\n<h2>Temperaturas en descenso generalizado<\/h2>\n<p>Las temperaturas m\u00e1ximas experimentar\u00e1n un descenso notable en la costa mediterr\u00e1nea, el interior del este peninsular y los Pirineos. En <strong>Madrid<\/strong>, como hemos se\u00f1alado anteriormente, se alcanzar\u00e1n m\u00e1ximas alrededor de los 10 grados. Las m\u00ednimas tambi\u00e9n descender\u00e1n considerablemente en gran parte del pa\u00eds. Se anticipan <em>heladas d\u00e9biles<\/em> en muchas \u00e1reas del interior norte y sierras del sureste, mientras que en monta\u00f1as del norte habr\u00e1 <em>heladas moderadas<\/em>.<\/p>\n<h2>Nieblas matinales y otros detalles<\/h2>\n<p>Antes del amanecer, se formar\u00e1n <em>nieblas<\/em> matinales en la meseta Norte y en zonas deprimidas del nordeste. Asimismo, se esperan bancos de <em>niebla<\/em> en \u00e1reas monta\u00f1osas. Esto significa que si sales temprano, especialmente hacia zonas elevadas, la visibilidad ser\u00e1 reducida. A medida que avance el d\u00eda, las <em>nieblas<\/em> ir\u00e1n disip\u00e1ndose.<\/p>\n<p>En <strong>Canarias<\/strong>, la situaci\u00f3n ser\u00e1 distinta. Las islas estar\u00e1n nubladas, con lluvias principalmente en el norte de las islas monta\u00f1osas. El resto del archipi\u00e9lago disfrutar\u00e1 de condiciones m\u00e1s estables.<\/p>\n<h2>Perspectiva para los pr\u00f3ximos d\u00edas<\/h2>\n<p>La situaci\u00f3n no mostrar\u00e1 grandes cambios en los pr\u00f3ximos d\u00edas. Las temperaturas podr\u00e1n subir ligeramente hacia finales de semana; sin embargo, los frentes atl\u00e1nticos seguir\u00e1n llegando regularmente. El jueves ser\u00e1 otro d\u00eda lluvioso, sobre todo en el noroeste, mientras que el fin de semana tambi\u00e9n traer\u00e1 precipitaciones continuas, especialmente el s\u00e1bado. Aunque no se prev\u00e9n lluvias torrenciales, s\u00ed habr\u00e1 precipitaciones persistentes que son necesarias para recargar acu\u00edferos y embalses; desde esta perspectiva, es algo positivo para <strong>Espa\u00f1a<\/strong>.<\/p>\n<p>No se anticipan entradas extremas ni fr\u00edas ni c\u00e1lidas pr\u00f3ximamente. Simplemente diciembre est\u00e1 comport\u00e1ndose como debe: fr\u00edo, h\u00famedo y algo inc\u00f3modo si no tienes lo necesario para afrontarlo.<\/p>\n<h2>Tabla de pron\u00f3stico: Los pr\u00f3ximos 4 d\u00edas en <strong>Espa\u00f1a<\/strong><\/h2>\n<table>\n<thead>\n<tr>\n<th><strong>D\u00eda<\/strong><\/th>\n<th><strong>Condiciones generales<\/strong><\/th>\n<th><strong>Precipitaciones<\/strong><\/th>\n<th><strong>Nieve<\/strong><\/th>\n<th><strong>Temperatura m\u00e1xima<\/strong><\/th>\n<th><strong>Temperatura m\u00ednima<\/strong><\/th>\n<th><strong>Viento<\/strong><\/th>\n<\/tr>\n<\/thead>\n<tbody>\n<tr>\n<td><strong>Mi\u00e9rcoles 3 dic<\/strong><\/td>\n<td>Nuboso a cubierto; lluvias varias zonas<\/td>\n<td>S\u00ed; generalizadas y localmente fuertes este Baleares<\/td>\n<td>S\u00ed; acumulados significativos Sistema Central<\/td>\n<td>~10\u00b0C (<strong>Madrid<\/strong>)<\/td>\n<td>2-8\u00b0C<\/td>\n<td>Muy fuertes Albor\u00e1n, Ebro, Cant\u00e1brico Galicia<\/td>\n<\/tr>\n<tr>\n<td><strong>Jueves 4 dic<\/strong><\/td>\n<td>Nuboso a cubierto; especialmente noroeste<\/td>\n<td>S\u00ed; especialmente noroeste<\/td>\n<td>Posible cotas superiores<\/td>\n<td>Ligero ascenso<\/td>\n<td>Ligero descenso<\/td>\n<td>Moderado fuerte<\/td>\n<\/tr>\n<tr>\n<td><strong>Viernes 5 dic<\/strong><\/td>\n<td>Nuboso; tendencia a mejorar<\/td>\n<td>S\u00ed; lluvia moderada intervalos<\/td>\n<td>Posible monta\u00f1as<\/td>\n<td>Ligero ascenso<\/td>\n<td>Cambios m\u00ednimos<\/td>\n<td>Moderado<\/td>\n<\/tr>\n<tr>\n<td><strong>S\u00e1bado 6 dic<\/strong><\/td>\n<td>Muy nuboso; especialmente mitad norte<\/td>\n<td>S\u00ed; fuertes oeste<\/td>\n<td>Posible cotas medias<\/td>\n<td>Ligero ascenso litoral mediterr\u00e1neo<\/td>\n<td>Ascenso notable meseta sur<\/td>\n<td>Moderado fuerte<\/td>\n<\/tr>\n<\/tbody>\n<\/table>\n<h2>Recomendaciones pr\u00e1cticas para hoy<\/h2>\n<p>Si tienes planes para salir a la calle este mi\u00e9rcoles, no olvides tu paraguas bajo ning\u00fan concepto. Si viajas hacia zonas monta\u00f1osas, aseg\u00farate del estado actual de las carreteras teniendo presente que la nieve podr\u00eda complicar el tr\u00e1fico. Los conductores al volante de veh\u00edculos altos como autocaravanas o camiones deben tener especial cuidado ante los vientos intensos. Y si resides cerca del Mediterr\u00e1neo o en <strong>Melilla<\/strong>, aseg\u00farate bien lo que pueda volar.<\/p>\n<p>Diciembre ha llegado decidido a recordarnos lo serio que puede ser el invierno. Pero no te preocupes; esto es solo temporal. La situaci\u00f3n es completamente normal para esta \u00e9poca del a\u00f1o y <strong>Espa\u00f1a<\/strong> est\u00e1 acostumbrada a estos bruscos cambios propios de diciembre. Solo hace falta estar preparado: llevar ropa adecuada y no olvidar ese paraguas tan necesario estos primeros d\u00edas.<\/p>\n<\/div>\n<p> Source URL: https:\/\/www.periodistadigital.com\/ciencia\/medio-ambiente\/20251203\/pronostico-espana-enfrenta-miercoles-3-diciembre-2025-invernal-nieve-montanas-vientos-intensos-noticia-689405159677\/<\/p>\n","protected":false},"excerpt":{"rendered":"<p>M\u00e1s informaci\u00f3n Hor\u00f3scopo de hoy: mi\u00e9rcoles 3 de diciembre de 2025 Este mi\u00e9rcoles 3 de diciembre de 2025, Espa\u00f1a se prepara para un d\u00eda cargado de condiciones invernales. La Agencia Estatal de Meteorolog\u00eda (AEMET) ha anunciado que el pa\u00eds experimentar\u00e1 precipitaciones generalizadas, nevadas significativas en \u00e1reas monta\u00f1osas y vientos muy fuertes que afectar\u00e1n a distintos [&hellip;]<\/p>\n","protected":false},"author":1,"featured_media":838643,"comment_status":"open","ping_status":"","sticky":false,"template":"","format":"standard","meta":{"footnotes":""},"categories":[88],"tags":[112],"class_list":["post-838642","post","type-post","status-publish","format-standard","has-post-thumbnail","hentry","category-spain","tag-periodistadigital-com"],"_links":{"self":[{"href":"https:\/\/analyse.optim.biz\/index.php?rest_route=\/wp\/v2\/posts\/838642","targetHints":{"allow":["GET"]}}],"collection":[{"href":"https:\/\/analyse.optim.biz\/index.php?rest_route=\/wp\/v2\/posts"}],"about":[{"href":"https:\/\/analyse.optim.biz\/index.php?rest_route=\/wp\/v2\/types\/post"}],"author":[{"embeddable":true,"href":"https:\/\/analyse.optim.biz\/index.php?rest_route=\/wp\/v2\/users\/1"}],"replies":[{"embeddable":true,"href":"https:\/\/analyse.optim.biz\/index.php?rest_route=%2Fwp%2Fv2%2Fcomments&post=838642"}],"version-history":[{"count":0,"href":"https:\/\/analyse.optim.biz\/index.php?rest_route=\/wp\/v2\/posts\/838642\/revisions"}],"wp:featuredmedia":[{"embeddable":true,"href":"https:\/\/analyse.optim.biz\/index.php?rest_route=\/wp\/v2\/media\/838643"}],"wp:attachment":[{"href":"https:\/\/analyse.optim.biz\/index.php?rest_route=%2Fwp%2Fv2%2Fmedia&parent=838642"}],"wp:term":[{"taxonomy":"category","embeddable":true,"href":"https:\/\/analyse.optim.biz\/index.php?rest_route=%2Fwp%2Fv2%2Fcategories&post=838642"},{"taxonomy":"post_tag","embeddable":true,"href":"https:\/\/analyse.optim.biz\/index.php?rest_route=%2Fwp%2Fv2%2Ftags&post=838642"}],"curies":[{"name":"wp","href":"https:\/\/api.w.org\/{rel}","templated":true}]}}