{"id":826534,"date":"2025-12-02T00:00:00","date_gmt":"2025-12-01T21:00:00","guid":{"rendered":"https:\/\/analyse.optim.biz\/?p=826534"},"modified":"2025-12-02T00:00:00","modified_gmt":"2025-12-01T21:00:00","slug":"el-hijo-de-abalos-senala-a-zapatero-como-el-gran-responsable-y-gestor-de-la-cloaca-del-psoe-periodista-digital","status":"publish","type":"post","link":"https:\/\/analyse.optim.biz\/?p=826534","title":{"rendered":"El hijo de \u00c1balos se\u00f1ala a Zapatero como el gran responsable y gestor de la cloaca del PSOE &#8211; Periodista Digital"},"content":{"rendered":"<div class=\"m4p-post-content\">\n<div class=\"block-vertical-align-right\">\n<div class=\"m4p-relations-group\">\n<div class=\"m4p-group-vertical-title\">\n<h2>M\u00e1s informaci\u00f3n<\/h2>\n<\/div>\n<div class=\"m4p-summary-news\">\n<figure class=\"m4p-image m4p-crop-medium-1\"><a href=\"https:\/\/www.periodistadigital.com\/politica\/20251202\/ahora-deleznable-e-indecente-abalos-coordinaba-voto-whatsapp-grupo-socialista-semana-carcel-noticia-689405159270\/\"><img loading=\"lazy\" decoding=\"async\" src=\"https:\/\/analyse.optim.biz\/wp-content\/uploads\/2025\/12\/meme-de-abalos-y-koldo-en-prision-320x214-1.jpg\" width=\"320\" height=\"214\" alt=\"Meme de A\u0301balos y Koldo en prisio\u0301n\" title=\"meme-de-abalos-y-koldo-en-prision-320x214-1\"><\/a><\/figure>\n<div class=\"m4p-summary-news-title\">\n<h3><a href=\"https:\/\/www.periodistadigital.com\/politica\/20251202\/ahora-deleznable-e-indecente-abalos-coordinaba-voto-whatsapp-grupo-socialista-semana-carcel-noticia-689405159270\/\">El ahora &#8216;deleznable&#8217; e &#8216;indecente&#8217; \u00c1balos coordinaba su voto por WhatsApp con el Grupo Socialista, hasta una semana antes de ir a la c\u00e1rcel<\/a><\/h3>\n<\/div>\n<\/div>\n<div class=\"m4p-summary-news\">\n<figure class=\"m4p-image m4p-crop-medium-1\"><a href=\"https:\/\/www.periodistadigital.com\/periodismo\/periodismo-online\/20251201\/directo-koldo-tira-manta-begona-beneficiada-air-europa-video-689405159120\/\"><img loading=\"lazy\" decoding=\"async\" src=\"https:\/\/analyse.optim.biz\/wp-content\/uploads\/2025\/12\/koldo1200-320x214-1.jpg\" width=\"320\" height=\"214\" alt=\"Koldo tira de la manta: Bego\u00f1a fue beneficiada por Air Europa\" title=\"koldo1200-320x214-1\"><\/a><\/figure>\n<div class=\"m4p-summary-news-title\">\n<h3><a href=\"https:\/\/www.periodistadigital.com\/periodismo\/periodismo-online\/20251201\/directo-koldo-tira-manta-begona-beneficiada-air-europa-video-689405159120\/\">Koldo tira de la manta: Bego\u00f1a fue beneficiada por Air Europa<\/a><\/h3>\n<\/div>\n<\/div>\n<\/div>\n<\/div>\n<p><span class=\"m4p-capitular\">E<\/span>st\u00e1n sudando fr\u00edo en Moncloa y en Ferraz.<\/p>\n<p>La trama de corrupci\u00f3n que envuelve al PSOE y al Gobierno de <strong>Pedro S\u00e1nchez<\/strong> amenaza con alcanzar un nuevo nivel de gravedad con las revelaciones hechas por <strong>V\u00edctor \u00c1balos<\/strong>, hijo del exministro de Transportes <strong>Jos\u00e9 Luis \u00c1balos<\/strong>, implicando al \u20181\u2019 y a su gur\u00fa pol\u00edtico.<\/p>\n<p>En una entrevista en Vozp\u00f3puli, se\u00f1ala directamente al expresidente <strong>Jos\u00e9 Luis Rodr\u00edguez Zapatero<\/strong> como el principal art\u00edfice de la ca\u00edda pol\u00edtica y judicial de su padre.<\/p>\n<p>De acuerdo con V\u00edctor, no solo fue Zapatero quien urdi\u00f3 la desgracia del que fuera mano derecha de S\u00e1nchez, sino que adem\u00e1s est\u00e1 profundamente involucrado en toda la red de operaciones corruptas que han caracterizado al sanchismo.<\/p>\n<p>Las declaraciones de V\u00edctor \u00c1balos no se limitan a se\u00f1alar con el dedo a Zapatero; tambi\u00e9n desvelan un entramado complejo de venganzas internas, traiciones pol\u00edticas y lo que \u00e9l denomina una \u00abcloaca\u00bb del PSOE donde las lealtades personales valen menos que la preservaci\u00f3n del poder.<\/p>\n<blockquote>\n<p>\u00abZapatero es responsable de la cloaca del PSOE. Esa cloaca es la que tiene mi padre encima. Mi padre tiene todo un Estado paralelo encima. Y Zapatero est\u00e1 relacionado con esos contrapoderes incrustados en ese Estado\u00bb.<\/p>\n<\/blockquote>\n<p>El hijo del exministro sostiene que su padre fue sacrificado en el altar de los intereses de Zapatero y sus allegados, convirti\u00e9ndose en el chivo expiatorio de operaciones que involucraban a figuras de mayor rango dentro del establishment socialista. Esta narraci\u00f3n, parte de una <a href=\"https:\/\/www.vozpopuli.com\/espana\/politica\/victor-abalos-todo-confluye-en-zapatero-es-responsable-de-la-cloaca-del-psoe.html\">exclusiva del periodista <strong>Isaac Blasco<\/strong><\/a>, abre nuevas l\u00edneas de investigaci\u00f3n que van mucho m\u00e1s all\u00e1 de lo conocido hasta ahora sobre el caso Koldo y sus ramificaciones.<\/p>\n<p>Explica que la ca\u00edda de su padre no fue un hecho casual ni respondi\u00f3 \u00fanicamente a los esc\u00e1ndalos de corrupci\u00f3n que salieron a la luz.<\/p>\n<p>Seg\u00fan \u00e9l, esto obedeci\u00f3 a una acumulaci\u00f3n de poder que convirti\u00f3 a su padre en un obst\u00e1culo para las actividades de Zapatero. El hijo del exministro detalla que su padre hab\u00eda logrado tal influencia dentro del PSOE y del Gobierno que se convirti\u00f3 en una amenaza para los intereses del expresidente y su c\u00edrculo m\u00e1s cercano. Esta concentraci\u00f3n de poder gener\u00f3 recelos y envidias internas que, con el tiempo, se transformaron en una operaci\u00f3n coordinada para apartarlo del tablero pol\u00edtico. La estrategia fue meticulosa: primero aislar al exministro, luego desacreditarlo y, finalmente, entregarlo a la Justicia como parte de un acuerdo t\u00e1cito entre las distintas facciones del PSOE.<\/p>\n<p>El hijo del exministro sit\u00faa el inicio de esta venganza en esa acumulaci\u00f3n de poder experimentada por su padre durante a\u00f1os, algo que no pas\u00f3 desapercibido para el expresidente socialista y sus colaboradores. La amenaza representada por \u00c1balos para los planes de Zapatero era doble: por un lado, su influencia territorial en el PSOE era pr\u00e1cticamente incuestionable; por otro, su cercan\u00eda a S\u00e1nchez lo hac\u00eda casi insustituible. Esta combinaci\u00f3n resultaba explosiva para los intereses del expresidente, quien necesitaba debilitar a \u00c1balos para recuperar su propio espacio dentro del partido. La operaci\u00f3n para desmantelarlo se llev\u00f3 a cabo con precisi\u00f3n quir\u00fargica, utilizando a intermediarios como <strong>Santos Cerd\u00e1n<\/strong> y otros miembros del aparato socialista como ejecutores.<\/p>\n<h2>Las revelaciones de V\u00edctor \u00c1balos<\/h2>\n<p>V\u00edctor \u00c1balos lanza una serie de acusaciones extraordinarias que implican directamente a figuras clave del PSOE y del Gobierno. El hijo del exministro afirma que <strong>Santos Cerd\u00e1n<\/strong>, exsecretario de Organizaci\u00f3n del PSOE, acudi\u00f3 a negociar con su padre tras la detenci\u00f3n de <strong>Koldo Garc\u00eda<\/strong> en febrero de 2024. En esa reuni\u00f3n, le ofreci\u00f3 un \u00abcheque en blanco\u00bb en nombre del presidente S\u00e1nchez. El objetivo era claro: evitar que el exministro revelara informaci\u00f3n sensible sobre las operaciones vinculadas al sanchismo. Las propuestas inclu\u00edan cubrir gastos legales, ofrecerle un puesto en la consultora <strong>Acento<\/strong> (fundada por Jos\u00e9 Blanco), participaciones en tertulias televisivas y \u00abtodo lo que quisiera\u00bb. V\u00edctor \u00c1balos deja claro que Cerd\u00e1n actuaba como intermediario porque, en ese momento, el presidente no pod\u00eda contactar directamente con su padre, lo cual confirma que la orden para silenciarlo proven\u00eda directamente desde Moncloa.<\/p>\n<p>Las revelaciones no terminan ah\u00ed; tambi\u00e9n se habla sobre una operaci\u00f3n interna denominada \u00aboperaci\u00f3n Navalcarnero\u00bb, basada en una fiesta Halloween celebrada en 2020 donde la exmujer de \u00c1balos junto con <strong>Adriana Lastra<\/strong> (entonces vicesecretaria general) y <strong>Maritcha Ruiz Mateos<\/strong> (directora de comunicaci\u00f3n) habr\u00edan planeado la venganza contra el exministro. Seg\u00fan V\u00edctor \u00c1balos, estas mujeres aseguraban tener \u00abtodo tipo de pruebas\u00bb contra su padre, lo cual llev\u00f3 a S\u00e1nchez a ejecutar la operaci\u00f3n para eliminarlo pol\u00edticamente. Adem\u00e1s, denuncia la existencia de un informe elaborado por el CNI sobre \u00e9l y su padre con \u00abtodo tipo de barbaridades\u00bb, evidenciando as\u00ed c\u00f3mo las instituciones estatales fueron utilizadas contra disidentes pol\u00edticos dentro del sanchismo. Tambi\u00e9n menciona que su padre ya hab\u00eda implicado a <strong>Bego\u00f1a G\u00f3mez<\/strong> en el rescate de <strong>Air Europa<\/strong>, lo cual le llev\u00f3 a hablar al comprobar que jugaban \u201cen un tablero predeterminado\u201d donde la Justicia parec\u00eda estar ya decidida contra ellos.<\/p>\n<p>La esposa del presidente S\u00e1nchez, seg\u00fan desvel\u00f3, estuvo implicada en el rescate de la compa\u00f1\u00eda a\u00e9rea Air Europa. El exministro ya hab\u00eda mencionado a G\u00f3mez en relaci\u00f3n con esta operaci\u00f3n; ahora su hijo confirma la decisi\u00f3n de hablar tras comprobar que estaban jugando \u201cen un tablero predeterminado\u201d donde la justicia parec\u00eda ya decidida contra ellos. El empresario V\u00edctor Aldama sugiri\u00f3 que Bego\u00f1a pudo cobrar un mill\u00f3n de euros por facilitar el rescate de Air Europa, a\u00f1adiendo una nueva dimensi\u00f3n a las sospechas de corrupci\u00f3n alrededor del Gobierno actual y mostrando c\u00f3mo la red de corrupci\u00f3n se extiende a c\u00edrculos cercanos a S\u00e1nchez.<\/p>\n<h2>Zapatero como pieza clave en la trama de corrupci\u00f3n<\/h2>\n<p>Las acusaciones contra Zapatero van mucho m\u00e1s all\u00e1 incluso respecto a su supuesta implicaci\u00f3n en la ca\u00edda pol\u00edtica del exministro. Seg\u00fan <strong>V\u00edctor de Aldama<\/strong>, empresario investigado por el caso Koldo, el expresidente presion\u00f3 directamente para conseguir el rescate gubernamental hacia la compa\u00f1\u00eda <strong>Plus Ultra<\/strong>, algo que evidencia su participaci\u00f3n activa en operaciones ventajosas para sus allegados. Aldama ha sido contundente al afirmar: \u00absabe perfectamente c\u00f3mo funciona la financiaci\u00f3n ilegal del partido porque ha participado activamente\u00bb. Este empresario asegura contar con documentaci\u00f3n respaldatoria respecto a sus afirmaciones; parte vinculada a operaciones financieras cuyo alcance va m\u00e1s all\u00e1 incluso del \u00e1mbito nacional. Asimismo relaciona estas acusaciones con informaciones publicadas desde Estados Unidos sobre posibles sanciones hacia Zapatero debido a sus v\u00ednculos con Venezuela; aunque aclara son rumores a\u00fan sin confirmaci\u00f3n oficial.<\/p>\n<p>La implicaci\u00f3n directa del expresidente no solo es pol\u00edtica; tambi\u00e9n abarca operaciones empresariales y financieras considerables. La consultora <strong>Acento<\/strong>, creada por Jos\u00e9 Blanco (cercano colaborador), aparece repetidamente como instrumento para canalizar dinero y favores pol\u00edticos. Que se haya ofrecido un puesto all\u00ed al exministro como parte del \u201ccheque en blanco\u201d implica que esta empresa actuaba como intermediaria entre personajes influyentes como Zapatero y otros miembros destacados dentro socialista. La red tejida durante los a\u00f1os gubernamentales parece haber permanecido intacta tras dejar la presidencia; utilizando personajes como Cerd\u00e1n entre otros intermediarios para ejecutar sus \u00f3rdenes.<\/p>\n<h2>La traici\u00f3n personal y pol\u00edtica<\/h2>\n<p>M\u00e1s all\u00e1 de las maniobras pol\u00edticas y estrat\u00e9gicas, V\u00edctor subraya el aspecto personal de la traici\u00f3n sufrida por su padre. Recuerda la intensa relaci\u00f3n que se hab\u00eda establecido entre ambos, enfatizando c\u00f3mo la confianza mutua fue destruida deliberadamente. Seg\u00fan \u00e9l: \u00abLa cama de casa estaba todav\u00eda caliente a veces, con Pedro S\u00e1nchez durmiendo all\u00ed cuando hac\u00edan campa\u00f1as siendo cuatro locos\u00bb.<\/p>\n<p>Esa intimidad, que deber\u00eda haber garantizado la lealtad del presidente hacia su mano derecha, fue olvidada cuando lleg\u00f3 el momento de tomar decisiones que afectaban a los intereses del entorno zapaterista. La traici\u00f3n no solo fue pol\u00edtica, sino tambi\u00e9n personal, agravando a\u00fan m\u00e1s la situaci\u00f3n actual: el encarcelamiento en Soto del Real y la pena de 24 a\u00f1os solicitada por la Fiscal\u00eda.<\/p>\n<p>V\u00edctor ha advertido de que hay mucha m\u00e1s informaci\u00f3n disponible a\u00fan sin revelar. En sus declaraciones ha insinuado su disposici\u00f3n a revelar datos adicionales que podr\u00edan ser devastadores para muchas figuras pol\u00edticas del PSOE y del Gobierno actual. El hijo del exministro afirm\u00f3 que ahora toca \u201ctirar de la manta\u201d, sugiriendo la intenci\u00f3n de comunicar informaci\u00f3n adicional que afectar\u00eda a otros actores pol\u00edticos. Esta amenaza impl\u00edcita de nuevas revelaciones a\u00f1ade una capa de incertidumbre a la situaci\u00f3n pol\u00edtica y abre la posibilidad de que en los pr\u00f3ximos meses surjan nuevas acusaciones reclamadas p\u00fablicamente ante comisiones investigadoras, generando cambios significativos en el panorama pol\u00edtico espa\u00f1ol.<\/p>\n<\/div>\n<p> Source URL: https:\/\/www.periodistadigital.com\/politica\/20251202\/hijo-abalos-senala-zapatero-gran-responsable-gestor-cloaca-psoe-noticia-689405159290\/<\/p>\n","protected":false},"excerpt":{"rendered":"<p>M\u00e1s informaci\u00f3n El ahora &#8216;deleznable&#8217; e &#8216;indecente&#8217; \u00c1balos coordinaba su voto por WhatsApp con el Grupo Socialista, hasta una semana antes de ir a la c\u00e1rcel Koldo tira de la manta: Bego\u00f1a fue beneficiada por Air Europa Est\u00e1n sudando fr\u00edo en Moncloa y en Ferraz. La trama de corrupci\u00f3n que envuelve al PSOE y al [&hellip;]<\/p>\n","protected":false},"author":1,"featured_media":826535,"comment_status":"open","ping_status":"","sticky":false,"template":"","format":"standard","meta":{"footnotes":""},"categories":[88],"tags":[112],"class_list":["post-826534","post","type-post","status-publish","format-standard","has-post-thumbnail","hentry","category-spain","tag-periodistadigital-com"],"_links":{"self":[{"href":"https:\/\/analyse.optim.biz\/index.php?rest_route=\/wp\/v2\/posts\/826534","targetHints":{"allow":["GET"]}}],"collection":[{"href":"https:\/\/analyse.optim.biz\/index.php?rest_route=\/wp\/v2\/posts"}],"about":[{"href":"https:\/\/analyse.optim.biz\/index.php?rest_route=\/wp\/v2\/types\/post"}],"author":[{"embeddable":true,"href":"https:\/\/analyse.optim.biz\/index.php?rest_route=\/wp\/v2\/users\/1"}],"replies":[{"embeddable":true,"href":"https:\/\/analyse.optim.biz\/index.php?rest_route=%2Fwp%2Fv2%2Fcomments&post=826534"}],"version-history":[{"count":0,"href":"https:\/\/analyse.optim.biz\/index.php?rest_route=\/wp\/v2\/posts\/826534\/revisions"}],"wp:featuredmedia":[{"embeddable":true,"href":"https:\/\/analyse.optim.biz\/index.php?rest_route=\/wp\/v2\/media\/826535"}],"wp:attachment":[{"href":"https:\/\/analyse.optim.biz\/index.php?rest_route=%2Fwp%2Fv2%2Fmedia&parent=826534"}],"wp:term":[{"taxonomy":"category","embeddable":true,"href":"https:\/\/analyse.optim.biz\/index.php?rest_route=%2Fwp%2Fv2%2Fcategories&post=826534"},{"taxonomy":"post_tag","embeddable":true,"href":"https:\/\/analyse.optim.biz\/index.php?rest_route=%2Fwp%2Fv2%2Ftags&post=826534"}],"curies":[{"name":"wp","href":"https:\/\/api.w.org\/{rel}","templated":true}]}}