{"id":826527,"date":"2025-12-02T00:00:00","date_gmt":"2025-12-01T21:00:00","guid":{"rendered":"https:\/\/analyse.optim.biz\/?p=826527"},"modified":"2025-12-02T00:00:00","modified_gmt":"2025-12-01T21:00:00","slug":"inminente-imputacion-de-pedro-sanchez-periodista-digital","status":"publish","type":"post","link":"https:\/\/analyse.optim.biz\/?p=826527","title":{"rendered":"\u00a1Inminente imputaci\u00f3n de Pedro S\u00e1nchez! &#8211; Periodista Digital"},"content":{"rendered":"<div class=\"m4p-post-content\">\n<p>Huele que apesta en <strong>Moncloa<\/strong> y tienen que estar atemorizados.<\/p>\n<p>Tras el ingreso en prisi\u00f3n de <strong>Jos\u00e9 Luis \u00c1balos y Koldo Garc\u00eda<\/strong>, solo queda uno \u2018vivo\u2019 de la banda del Peugeot,<strong> \u2018el 1 S\u00e1nchez\u2019<\/strong> y cabecilla de la trama.<\/p>\n<p>Si la investigaci\u00f3n sigue su cauce y, se encuentran pruebas de su implicaci\u00f3n en el caso Koldo, el marido de <strong>Bego\u00f1a G\u00f3mez<\/strong> ser\u00eda el pr\u00f3ximo en caer. Si \u00c1balos y Koldo tirasen de la manta y enfangaran a S\u00e1nchez podr\u00eda <strong>activar la imputaci\u00f3n<\/strong>.<\/p>\n<p>Distintos juristas y expertos han apuntado que, el presidente del Gobierno, podr\u00eda caer en el primer trimestre de este 2026, despu\u00e9s del hachazo con la condena al<strong> fiscal general del Estado,<\/strong> y con el herman\u00edsimo y Bego\u00f1a en capilla.<\/p>\n<p>\u00a1S\u00e1nchez, calienta que sales!<\/p>\n<p>Para analizar este y otros asuntos, <strong>Bertrand Ndongo<\/strong> pasa revista a la actualidad pol\u00edtica del d\u00eda este martes 2 de diciembre de 2025 en una nueva edici\u00f3n de <strong>\u2018Diario Ndongo\u2019<\/strong>.<\/p>\n<\/div>\n<p> Source URL: https:\/\/www.periodistadigital.com\/periodismo\/20251202\/inminente-imputacion-pedro-sanchez-video-689405159590\/<\/p>\n","protected":false},"excerpt":{"rendered":"<p>Huele que apesta en Moncloa y tienen que estar atemorizados. Tras el ingreso en prisi\u00f3n de Jos\u00e9 Luis \u00c1balos y Koldo Garc\u00eda, solo queda uno \u2018vivo\u2019 de la banda del Peugeot, \u2018el 1 S\u00e1nchez\u2019 y cabecilla de la trama. Si la investigaci\u00f3n sigue su cauce y, se encuentran pruebas de su implicaci\u00f3n en el caso [&hellip;]<\/p>\n","protected":false},"author":1,"featured_media":826528,"comment_status":"open","ping_status":"","sticky":false,"template":"","format":"standard","meta":{"footnotes":""},"categories":[88],"tags":[112],"class_list":["post-826527","post","type-post","status-publish","format-standard","has-post-thumbnail","hentry","category-spain","tag-periodistadigital-com"],"_links":{"self":[{"href":"https:\/\/analyse.optim.biz\/index.php?rest_route=\/wp\/v2\/posts\/826527","targetHints":{"allow":["GET"]}}],"collection":[{"href":"https:\/\/analyse.optim.biz\/index.php?rest_route=\/wp\/v2\/posts"}],"about":[{"href":"https:\/\/analyse.optim.biz\/index.php?rest_route=\/wp\/v2\/types\/post"}],"author":[{"embeddable":true,"href":"https:\/\/analyse.optim.biz\/index.php?rest_route=\/wp\/v2\/users\/1"}],"replies":[{"embeddable":true,"href":"https:\/\/analyse.optim.biz\/index.php?rest_route=%2Fwp%2Fv2%2Fcomments&post=826527"}],"version-history":[{"count":0,"href":"https:\/\/analyse.optim.biz\/index.php?rest_route=\/wp\/v2\/posts\/826527\/revisions"}],"wp:featuredmedia":[{"embeddable":true,"href":"https:\/\/analyse.optim.biz\/index.php?rest_route=\/wp\/v2\/media\/826528"}],"wp:attachment":[{"href":"https:\/\/analyse.optim.biz\/index.php?rest_route=%2Fwp%2Fv2%2Fmedia&parent=826527"}],"wp:term":[{"taxonomy":"category","embeddable":true,"href":"https:\/\/analyse.optim.biz\/index.php?rest_route=%2Fwp%2Fv2%2Fcategories&post=826527"},{"taxonomy":"post_tag","embeddable":true,"href":"https:\/\/analyse.optim.biz\/index.php?rest_route=%2Fwp%2Fv2%2Ftags&post=826527"}],"curies":[{"name":"wp","href":"https:\/\/api.w.org\/{rel}","templated":true}]}}