{"id":824026,"date":"2025-12-01T00:00:00","date_gmt":"2025-11-30T21:00:00","guid":{"rendered":"https:\/\/analyse.optim.biz\/?p=824026"},"modified":"2025-12-01T00:00:00","modified_gmt":"2025-11-30T21:00:00","slug":"pronostico-del-tiempo-un-lunes-1-de-diciembre-del-2025-con-lluvia-en-galicia-y-heladas-generalizadas-periodista-digital","status":"publish","type":"post","link":"https:\/\/analyse.optim.biz\/?p=824026","title":{"rendered":"Pron\u00f3stico del Tiempo: un lunes 1 de diciembre del 2025 con lluvia en Galicia y heladas generalizadas &#8211; Periodista Digital"},"content":{"rendered":"<div class=\"m4p-post-content\">\n<div class=\"block-vertical-align-right\">\n<div class=\"m4p-relations-group\">\n<div class=\"m4p-group-vertical-title\">\n<h2>M\u00e1s informaci\u00f3n<\/h2>\n<\/div>\n<div class=\"m4p-summary-news\">\n<figure class=\"m4p-image m4p-crop-medium-1\"><a href=\"https:\/\/www.periodistadigital.com\/gente\/sucesos\/20251130\/enigma-jovenes-halladas-muertas-parque-jaen-noticia-689405158775\/\"><img loading=\"lazy\" decoding=\"async\" src=\"https:\/\/analyse.optim.biz\/wp-content\/uploads\/2025\/12\/llanto-pena-tristeza-ojos-lagrima-320x214-1.jpg\" width=\"320\" height=\"214\" alt=\"El enigma de las dos adolescentes halladas muertas en un parque de Ja\u00e9n\" title=\"llanto-pena-tristeza-ojos-lagrima-320x214-1\"><\/a><\/figure>\n<div class=\"m4p-summary-news-title\">\n<h3><a href=\"https:\/\/www.periodistadigital.com\/gente\/sucesos\/20251130\/enigma-jovenes-halladas-muertas-parque-jaen-noticia-689405158775\/\">El enigma de las dos adolescentes halladas muertas en un parque de Ja\u00e9n<\/a><\/h3>\n<\/div>\n<\/div>\n<\/div>\n<\/div>\n<p><span class=\"m4p-capitular\">E<\/span>ste lunes 1 de diciembre de 2025, <strong>Espa\u00f1a<\/strong> se enfrenta a un panorama meteorol\u00f3gico tan diverso como es habitual en la pen\u00ednsula.<\/p>\n<p>Un frente fr\u00edo ha llegado por el noroeste, dejando a <strong>Galicia<\/strong> bajo una lluvia persistente.<\/p>\n<p>En el resto del pa\u00eds, los cielos est\u00e1n mayormente nublados y las temperaturas tienden a bajar.<\/p>\n<p>La ma\u00f1ana es especialmente fr\u00eda en el interior, donde se registran heladas d\u00e9biles en monta\u00f1as y \u00e1reas elevadas de media altura. No es el d\u00eda ideal para salir sin abrigo, aunque tampoco es necesario empacar el paraguas en toda la Pen\u00ednsula: cada regi\u00f3n tiene su propio relato clim\u00e1tico.<\/p>\n<p>La situaci\u00f3n es m\u00e1s estable que d\u00edas atr\u00e1s, aunque el frente fr\u00edo que avanza hacia el Mediterr\u00e1neo central sigue generando inestabilidad. Curiosamente, mientras llueve en el noroeste, el sur y el este disfrutan de cielos m\u00e1s despejados, aunque con esa nubosidad alta t\u00edpica de estos cambios clim\u00e1ticos.<\/p>\n<p>Los vientos soplan moderadamente desde el sur y suroeste en el interior, ganando fuerza cerca de las costas gallegas y cant\u00e1bricas. En <strong>Canarias<\/strong>, el alisio moderado contin\u00faa su curso habitual sin grandes alteraciones.<\/p>\n<h2>Lluvia persistente en el noroeste, sequedad relativa en el sur<\/h2>\n<p>Las precipitaciones son las protagonistas del d\u00eda en el noroeste. <strong>Galicia<\/strong> experimenta lluvias continuas que pueden ser localmente intensas, sobre todo en la parte occidental. Esta lluvia se extiende de manera m\u00e1s tenue hacia el noroeste de <strong>Castilla y Le\u00f3n<\/strong> y al oeste de <strong>Asturias<\/strong>, donde la intensidad disminuye notablemente. Durante la madrugada, algunos chubascos ocasionales afectan los litorales mediterr\u00e1neos, especialmente entre el cabo de la Nao y el Estrecho, as\u00ed como en <strong>Melilla<\/strong> y <strong>Baleares<\/strong>, donde tambi\u00e9n pueden ser localmente fuertes.<\/p>\n<p>En contraste, <strong>Andaluc\u00eda<\/strong> occidental goza de cielos poco nubosos, con escasas posibilidades de precipitaciones d\u00e9biles en la vertiente mediterr\u00e1nea. <strong>Catalu\u00f1a<\/strong> presenta un cielo despejado con brumas matinales en las depresiones, mientras que <strong>Arag\u00f3n<\/strong> se mantiene relativamente seco con algunas nubes altas y bancos de niebla por la ma\u00f1ana, sobre todo en Teruel. En <strong>Canarias<\/strong>, se registran lluvias d\u00e9biles en las islas m\u00e1s monta\u00f1osas del norte, sin que esto altere significativamente la din\u00e1mica atl\u00e1ntica.<\/p>\n<h2>Temperaturas: descenso de m\u00ednimas, ascenso de m\u00e1ximas en zonas altas<\/h2>\n<p>El patr\u00f3n t\u00e9rmico para este lunes resulta curioso: mientras las temperaturas m\u00ednimas disminuyen a nivel generalizado, algunas m\u00e1ximas aumentan en ciertas \u00e1reas. Las heladas d\u00e9biles se instalan en monta\u00f1as del interior y sus alrededores, con m\u00ednimas rondando los -4 grados en <strong>Castilla y Le\u00f3n<\/strong>, <strong>Arag\u00f3n<\/strong> y partes del interior de <strong>Catalu\u00f1a<\/strong>. En localidades como <strong>\u00c1vila<\/strong> y <strong>Soria<\/strong>, se anticipan m\u00ednimas tambi\u00e9n de -4 grados, mientras que en <strong>Madrid<\/strong> se espera que ronde los 0 grados.<\/p>\n<p>Las m\u00e1ximas presentan un comportamiento m\u00e1s variado. En <strong>Madrid<\/strong>, se alcanzan los 10 grados; por su parte, <strong>Valencia<\/strong> puede llegar a los 15 grados. En la vertiente cant\u00e1brica y Pirineos, las m\u00e1ximas suben notablemente. Mientras tanto, <strong>Andaluc\u00eda<\/strong> oriental mantiene temperaturas m\u00e1ximas alrededor de los 20 grados, con m\u00ednimas cayendo hasta los 0 grados en zonas bajas. En <strong>Catalu\u00f1a<\/strong>, las temperaturas oscilan entre -1 grado como m\u00ednima y 16 grados como m\u00e1xima; adem\u00e1s, las heladas son m\u00e1s intensas en los Pirineos.<\/p>\n<h2>Vientos moderados con rachas ocasionales<\/h2>\n<p>El viento desempe\u00f1a un papel clave este lunes. En el interior peninsular sopla desde direcciones sur y oeste a una intensidad moderada. Los litorales gallegos y cant\u00e1bricos experimentan vientos moderados que pueden resultar inc\u00f3modos para quienes planeen actividades al aire libre. En <strong>Canarias<\/strong>, el alisio moderado mantiene su rutina habitual. Por otro lado, <strong>Madrid<\/strong> registra vientos flojos que permiten una jornada relativamente tranquila para sus habitantes.<\/p>\n<h2>Panorama regional: un pa\u00eds con mil caras<\/h2>\n<p><strong>Galicia<\/strong> comienza su jornada con cielos cubiertos y lluvia constante especialmente fuerte hacia el oeste; las temperaturas oscilar\u00e1n entre 13 y 18 grados.<\/p>\n<p><strong>Asturias<\/strong> muestra cielos nubosos que pronto se tornar\u00e1n cubiertos; se esperan precipitaciones d\u00e9biles a moderadas hacia la tarde, con temperaturas entre 2 y 15 grados.<\/p>\n<p>En <strong>Castilla y Le\u00f3n<\/strong>, habr\u00e1 intervalos de nubes altas que aumentar\u00e1n hacia un cielo nuboso; existe probabilidad de lluvias d\u00e9biles sobre todo en la parte noroeste monta\u00f1osa; m\u00ednimas alrededor de -4 grados y m\u00e1ximas alcanzando los 13 grados junto a heladas generalizadas.<\/p>\n<p>Por su parte, <strong>Madrid<\/strong> disfrutar\u00e1 de cielos velados con algunas nubes altas; se prev\u00e9n m\u00e1ximas cercanas a los 10 grados y m\u00ednimas alrededor de los 0 grados.<\/p>\n<p>En cuanto a <strong>Catalu\u00f1a<\/strong>, habr\u00e1 cielo poco nuboso acompa\u00f1ado por brumas matinales; las temperaturas oscilar\u00e1n entre -1 grado como m\u00ednima hasta alcanzar los 16 grados como m\u00e1xima.<\/p>\n<p>En <strong>Arag\u00f3n<\/strong>, igualmente habr\u00e1 cielo poco nuboso con brumas matutinas especialmente notables en Teruel; aqu\u00ed tambi\u00e9n se anticipan m\u00ednimas alrededor de -4 grados junto a m\u00e1ximas sobre los 13 grados.<\/p>\n<p>Las islas Baleares experimentar\u00e1n un cielo mayoritariamente cubierto con lluvias locales fuertes durante la madrugada; estas remitir\u00e1n durante la ma\u00f1ana con temperaturas comprendidas entre los 4 y los 16 grados.<\/p>\n<p>Por \u00faltimo, <strong>Canarias<\/strong> presentar\u00e1 intervalos nubosos con lluvias d\u00e9biles principalmente al norte; aqu\u00ed las temperaturas estar\u00e1n entre los 14 y 23 grados.<\/p>\n<p>En cuanto a Andaluc\u00eda, predominar\u00e1n cielos poco nubosos especialmente hacia el extremo occidental; all\u00ed se esperan m\u00e1ximas alrededor de los 20 grados junto a m\u00ednimas cercanas a los 0 grados.<\/p>\n<h2>El contexto clim\u00e1tico: un invierno que se anuncia c\u00e1lido<\/h2>\n<p>A pesar de que este lunes muestra caracter\u00edsticas t\u00edpicas invernales como heladas y precipitaciones, la proyecci\u00f3n estacional parece diferente. La <strong>AEMET<\/strong> ha indicado una probabilidad del 60 al 70% para que este invierno meteorol\u00f3gico (diciembre, enero y febrero) sea m\u00e1s c\u00e1lido de lo normal para toda <strong>Espa\u00f1a<\/strong>, contrastando con solo un 10% para que resulte m\u00e1s fr\u00edo. Esta tendencia es consistente ya que hemos tenido siete inviernos consecutivos por encima de lo habitual desde que comenzaron estas mediciones all\u00e1 por 1961.<\/p>\n<p>En cuanto a las precipitaciones futuras no hay claridad total; si bien no hay certeza sobre si ser\u00e1n abundantes o escasas en gran parte del pa\u00eds, existe una probabilidad del 40% para que sea un invierno m\u00e1s seco en el suroeste peninsular frente al 25% para uno m\u00e1s lluvioso.<\/p>\n<h2>Alerta sobre cambios importantes en los pr\u00f3ximos d\u00edas<\/h2>\n<p>Aunque este lunes ofrece estabilidad relativa respecto al clima actual, expertos advierten sobre cambios significativos dentro de cuatro d\u00edas. Se prev\u00e9 un giro radical del tiempo acerc\u00e1ndose r\u00e1pidamente; podr\u00eda regresar la nieve a <strong>Espa\u00f1a<\/strong>, incluso bajando hasta cotas entre los 1000-1200 metros tanto en la Cordillera Cant\u00e1brica como en Pirineo. Se aconseja a todos estar preparados ante condiciones invernales m\u00e1s severas especialmente aquellas \u00e1reas monta\u00f1osas donde estas variaciones ser\u00e1n palpables. Este cambio marcar\u00e1 probablemente una transici\u00f3n desde un periodo suave hacia otro m\u00e1s acorde con caracter\u00edsticas invernales t\u00edpicas.<\/p>\n<h2>Tabla de pron\u00f3stico para los pr\u00f3ximos cuatro d\u00edas<\/h2>\n<table>\n<thead>\n<tr>\n<th>D\u00eda<\/th>\n<th>Zona<\/th>\n<th>Estado del Cielo<\/th>\n<th>Precipitaciones<\/th>\n<th>Temp. M\u00edn.<\/th>\n<th>Temp. M\u00e1x.<\/th>\n<th>Viento<\/th>\n<\/tr>\n<\/thead>\n<tbody>\n<tr>\n<td><strong>Lunes 1 dic<\/strong><\/td>\n<td>Galicia<\/td>\n<td>Cubierto<\/td>\n<td>Lluvia persistente<\/td>\n<td>13\u00b0C<\/td>\n<td>18\u00b0C<\/td>\n<td>Moderado S-SO<\/td>\n<\/tr>\n<tr>\n<td><strong>Lunes 1 dic<\/strong><\/td>\n<td>Castilla y Le\u00f3n<\/td>\n<td>Nuboso a cubierto<\/td>\n<td>D\u00e9biles (noroeste)<\/td>\n<td>-4\u00b0C<\/td>\n<td>13\u00b0C<\/td>\n<td>Flojo variable<\/td>\n<\/tr>\n<tr>\n<td><strong>Lunes 1 dic<\/strong><\/td>\n<td>Madrid<\/td>\n<td>Cielos velados<\/td>\n<td>No<\/td>\n<td>0\u00b0C<\/td>\n<td>10\u00b0C<\/td>\n<td>Flojo<\/td>\n<\/tr>\n<tr>\n<td><strong>Lunes 1 dic<\/strong><\/td>\n<td>Andaluc\u00eda<\/td>\n<td>Poco nuboso<\/td>\n<td>D\u00e9biles (Mediterr\u00e1neo)<\/td>\n<td>0\u00b0C<\/td>\n<td>20\u00b0C<\/td>\n<td>Flojo E<\/td>\n<\/tr>\n<tr>\n<td><strong>Lunes 1 dic<\/strong><\/td>\n<td>Catalu\u00f1a<\/td>\n<td>Poco nuboso<\/td>\n<td>No<\/td>\n<td>-1\u00b0C<\/td>\n<td>16\u00b0C<\/td>\n<td>Flojo variable<\/td>\n<\/tr>\n<tr>\n<td><strong>Lunes 1 dic<\/strong><\/td>\n<td>Baleares<\/td>\n<td>Nuboso a cubierto<\/td>\n<td>Chubascos intensos<\/td>\n<td>4\u00b0C<\/td>\n<td>16\u00b0C<\/td>\n<td>Moderado N-NE<\/td>\n<\/tr>\n<tr>\n<td><strong>Lunes 1 dic<\/strong><\/td>\n<td>Canarias<\/td>\n<td>Intervalos nubosos<\/td>\n<td>D\u00e9biles (norte)<\/td>\n<td>14\u00b0C<\/td>\n<td>23\u00b0C<\/td>\n<td>Alisio moderado<\/td>\n<\/tr>\n<tr>\n<td><strong>Martes2dic<\/strong><\/td>\n<td>Pen\u00ednsula<\/td>\n<td>Nuboso acubierto<\/td>\n<td>Chubascos ocasionales<\/td>\n<td>Variable<\/td>\n<td>Variable<\/td>\n<td>Componente norte<\/td>\n<\/tr>\n<tr>\n<td><strong>Martes2dic<\/strong><\/td>\n<td>Monta\u00f1as<\/td>\n<td>Muy nuboso<\/td>\n<td>Nieve (&gt;1000-1200m)<\/td>\n<td>Descenso<\/td>\n<td>Descenso<\/td>\n<td>Moderado afuerte<\/td>\n<\/tr>\n<tr>\n<td><em>Mi\u00e9rcoles3dic<\/em><\/td>\n<td>General<\/td>\n<td>Cubierto<\/td>\n<td>Precipitaciones generales<\/td>\n<td>Ascenso<\/td>\n<td>Descenso<\/td>\n<td>-Fuerte-<\/td>\n<\/tr>\n<tr>\n<td><em>Jueves4dic<\/em><\/td>\n<td>-General<\/td>\n<td>-Variable-<\/td>\n<td>Remisi\u00f3n gradual<\/td>\n<td>-Variable-<\/td>\n<td>Ascenso<\/td>\n<td>-Moderado-<\/td>\n<\/tr>\n<\/tbody>\n<\/table>\n<p>Este lunes marca no solo el inicio del mes sino tambi\u00e9n una jornada caracterizada por rasgos claramente invernales; sin embargo, todo parece indicar que cerrar\u00e1 formando parte de un invierno menos fr\u00edo respecto a lo habitual. La lluvia constante sobre todo en <em>Galicia<\/em>, junto a heladas dispersas por interiores e incluso cielos velados sobre <em>Madrid<\/em>, son apenas indicios preliminares ante cambios clim\u00e1ticos mucho m\u00e1s significativos que asomar\u00e1n pronto por nuestra geograf\u00eda nacional. As\u00ed pues prep\u00e1rate: abrigo si te diriges al interior; paraguas si vas hacia tierras del noroeste; gafas oscuras si tu rumbo es hacia el sur\u2026 Este lunes <em>Espa\u00f1a<\/em> vuelve a demostrar su capacidad \u00fanica para ofrecer climas diversos simult\u00e1neamente.<\/p>\n<\/div>\n<p> Source URL: https:\/\/www.periodistadigital.com\/ciencia\/medio-ambiente\/20251201\/pronostico-lunes-1-diciembre-2025-lluvia-galicia-heladas-generalizadas-noticia-689405158913\/<\/p>\n","protected":false},"excerpt":{"rendered":"<p>M\u00e1s informaci\u00f3n El enigma de las dos adolescentes halladas muertas en un parque de Ja\u00e9n Este lunes 1 de diciembre de 2025, Espa\u00f1a se enfrenta a un panorama meteorol\u00f3gico tan diverso como es habitual en la pen\u00ednsula. Un frente fr\u00edo ha llegado por el noroeste, dejando a Galicia bajo una lluvia persistente. En el resto [&hellip;]<\/p>\n","protected":false},"author":1,"featured_media":824027,"comment_status":"open","ping_status":"","sticky":false,"template":"","format":"standard","meta":{"footnotes":""},"categories":[88],"tags":[112],"class_list":["post-824026","post","type-post","status-publish","format-standard","has-post-thumbnail","hentry","category-spain","tag-periodistadigital-com"],"_links":{"self":[{"href":"https:\/\/analyse.optim.biz\/index.php?rest_route=\/wp\/v2\/posts\/824026","targetHints":{"allow":["GET"]}}],"collection":[{"href":"https:\/\/analyse.optim.biz\/index.php?rest_route=\/wp\/v2\/posts"}],"about":[{"href":"https:\/\/analyse.optim.biz\/index.php?rest_route=\/wp\/v2\/types\/post"}],"author":[{"embeddable":true,"href":"https:\/\/analyse.optim.biz\/index.php?rest_route=\/wp\/v2\/users\/1"}],"replies":[{"embeddable":true,"href":"https:\/\/analyse.optim.biz\/index.php?rest_route=%2Fwp%2Fv2%2Fcomments&post=824026"}],"version-history":[{"count":0,"href":"https:\/\/analyse.optim.biz\/index.php?rest_route=\/wp\/v2\/posts\/824026\/revisions"}],"wp:featuredmedia":[{"embeddable":true,"href":"https:\/\/analyse.optim.biz\/index.php?rest_route=\/wp\/v2\/media\/824027"}],"wp:attachment":[{"href":"https:\/\/analyse.optim.biz\/index.php?rest_route=%2Fwp%2Fv2%2Fmedia&parent=824026"}],"wp:term":[{"taxonomy":"category","embeddable":true,"href":"https:\/\/analyse.optim.biz\/index.php?rest_route=%2Fwp%2Fv2%2Fcategories&post=824026"},{"taxonomy":"post_tag","embeddable":true,"href":"https:\/\/analyse.optim.biz\/index.php?rest_route=%2Fwp%2Fv2%2Ftags&post=824026"}],"curies":[{"name":"wp","href":"https:\/\/api.w.org\/{rel}","templated":true}]}}