{"id":822105,"date":"2025-12-02T00:00:00","date_gmt":"2025-12-01T21:00:00","guid":{"rendered":"https:\/\/analyse.optim.biz\/?p=822105"},"modified":"2025-12-02T00:00:00","modified_gmt":"2025-12-01T21:00:00","slug":"provacuno-se-alza-contra-la-desinformacion-en-el-campo-espanol-galardonados-con-el-premio-alejandro-echevarria-de-la-fundacion-comunicando-futuro-periodista-digital","status":"publish","type":"post","link":"https:\/\/analyse.optim.biz\/?p=822105","title":{"rendered":"Provacuno se alza contra la desinformaci\u00f3n en el campo espa\u00f1ol: galardonados con el Premio Alejandro Echevarr\u00eda de la Fundaci\u00f3n Comunicando Futuro &#8211; Periodista Digital"},"content":{"rendered":"<div class=\"m4p-post-content\">\n<div class=\"block-vertical-align-right\">\n<div class=\"m4p-relations-group\">\n<div class=\"m4p-group-vertical-title\">\n<h2>M\u00e1s informaci\u00f3n<\/h2>\n<\/div>\n<div class=\"m4p-summary-news\">\n<figure class=\"m4p-image m4p-crop-medium-1\"><a href=\"https:\/\/www.periodistadigital.com\/economia\/notas-prensa\/20251201\/fundacion-comunicando-futuro-premia-lucha-desinformacion-noticia-689405159187\/\"><img loading=\"lazy\" decoding=\"async\" src=\"https:\/\/analyse.optim.biz\/wp-content\/uploads\/2025\/12\/jurados_2026-320x214-1.jpeg\" width=\"320\" height=\"214\" alt=\"Fundaci\u00f3n Comunicando Futuro premia la lucha contra la desinformaci\u00f3n\" title=\"jurados_2026-320x214-1\"><\/a><\/figure>\n<div class=\"m4p-summary-news-title\">\n<h3><a href=\"https:\/\/www.periodistadigital.com\/economia\/notas-prensa\/20251201\/fundacion-comunicando-futuro-premia-lucha-desinformacion-noticia-689405159187\/\">Fundaci\u00f3n Comunicando Futuro premia la lucha contra la desinformaci\u00f3n<\/a><\/h3>\n<\/div>\n<\/div>\n<div class=\"m4p-summary-news\">\n<figure class=\"m4p-image m4p-crop-medium-1\"><a href=\"https:\/\/www.periodistadigital.com\/economia\/notas-prensa\/20251114\/provacuno-apaq-w-muestran-compromiso-sector-objetivo-carbono-neutral-2050-bruselas-noticia-689405152939\/\"><img loading=\"lazy\" decoding=\"async\" src=\"https:\/\/analyse.optim.biz\/wp-content\/uploads\/2025\/12\/provacunoimagensimposio-320x214-1.jpg\" width=\"320\" height=\"214\" alt=\"Provacuno y Apaq-W muestran el compromiso del sector con el objetivo Carbono Neutral 2050 en Bruselas\" title=\"provacunoimagensimposio-320x214-1\"><\/a><\/figure>\n<div class=\"m4p-summary-news-title\">\n<h3><a href=\"https:\/\/www.periodistadigital.com\/economia\/notas-prensa\/20251114\/provacuno-apaq-w-muestran-compromiso-sector-objetivo-carbono-neutral-2050-bruselas-noticia-689405152939\/\">Provacuno y Apaq-W muestran el compromiso del sector con el objetivo Carbono Neutral 2050 en Bruselas<\/a><\/h3>\n<\/div>\n<\/div>\n<\/div>\n<\/div>\n<p><span class=\"m4p-capitular\">L<\/span>a <strong>Organizaci\u00f3n Interprofesional de la Carne de Vacuno (Provacuno)<\/strong> ha recibido el <strong>Premio Alejandro Echevarr\u00eda a la Lucha contra la Desinformaci\u00f3n Sectorial<\/strong> en la cuarta edici\u00f3n de los galardones otorgados por la <strong>Fundaci\u00f3n Comunicando Futuro<\/strong>. Este premio no es un simple detalle en el actual panorama comunicativo espa\u00f1ol. Se trata de una distinci\u00f3n que llega en un momento cr\u00edtico para el sector ganadero, que enfrenta importantes desaf\u00edos narrativos, donde bulos y medias verdades se difunden sin control en redes sociales.<\/p>\n<p>Este galard\u00f3n valida el esfuerzo institucional que <a href=\"https:\/\/www.provacuno.es\/home\">Provacuno<\/a> ha llevado a cabo durante los \u00faltimos cinco a\u00f1os para defender una informaci\u00f3n veraz sobre la producci\u00f3n de carne de vacuno. En un contexto donde la desinformaci\u00f3n se ha convertido en una herramienta de presi\u00f3n tanto pol\u00edtica como comercial, esta organizaci\u00f3n ha mantenido una postura firme, fomentando un di\u00e1logo constructivo con profesionales del sector y consumidores. El premio resalta la necesidad de mantener canales de comunicaci\u00f3n claros y transparentes, especialmente en tiempos de polarizaci\u00f3n.<\/p>\n<p><strong>Javier L\u00f3pez<\/strong>, director de Provacuno, celebr\u00f3 este premio y record\u00f3 que la organizaci\u00f3n trabaja desde su creaci\u00f3n para desmontar falsos mitos y aclarar informaci\u00f3n sobre la carne de vacuno. Subray\u00f3 que el sector es clave para garantizar la soberan\u00eda alimentaria del pa\u00eds y para mantener vivas las zonas rurales. Tambi\u00e9n insisti\u00f3 en la necesidad de reforzar la confianza del consumidor con datos claros y contrastados.<\/p>\n<p>Entre las acciones que han contribuido a este reconocimiento hay varios proyectos que han tenido impacto p\u00fablico. Uno de ellos es <em>Fans del Vacuno<\/em>, un documental dividido en cinco cap\u00edtulos que explica la importancia del consumo de carne de vacuno para el ser humano. Tambi\u00e9n destaca <em>Goodbye Cows<\/em>, una producci\u00f3n que mezcla realidad y ficci\u00f3n para mostrar c\u00f3mo ser\u00eda un mundo sin vacas y qu\u00e9 consecuencias tendr\u00eda en la alimentaci\u00f3n, el medioambiente y la vida diaria.<\/p>\n<p>La interprofesional tambi\u00e9n ha impulsado estudios cient\u00edficos en colaboraci\u00f3n con instituciones especializadas. Uno de los m\u00e1s relevantes se realiz\u00f3 junto a la red REMEDIA. Seg\u00fan este trabajo, la huella de carbono del vacuno de carne producido en Espa\u00f1a por kilo de carne es un 66% menor que la media mundial. Este dato ha servido para contrarrestar informaciones err\u00f3neas sobre el impacto ambiental del sector.<\/p>\n<p>Adem\u00e1s, Provacuno participa en el plan europeo \u2018<a href=\"https:\/\/www.periodistadigital.com\/economia\/notas-prensa\/20250327\/provacuno-apaq-w-anuncian-lanzamiento-programa-europeo-sustainable-european-beef-noticia-689405072567\/\">Sustainable European Beef<\/a>\u2018, un programa que busca explicar a la sociedad el nivel de sostenibilidad econ\u00f3mica, social y ambiental del vacuno de carne europeo. Al mismo tiempo, ayuda a los profesionales del sector a incorporar nuevas t\u00e9cnicas y tecnolog\u00edas que mejoren esa sostenibilidad.<\/p>\n<p>El premio comparti\u00f3 protagonismo con otros cuatro galardonados seleccionados en esta cuarta edici\u00f3n. El jurado reconoci\u00f3 a Maldita en la categor\u00eda de Transparencia y Rigor Informativo; a Javier Santaolalla en Alfabetizaci\u00f3n Medi\u00e1tica e Informativa; a Think-Fluencer en Innovaci\u00f3n contra la Desinformaci\u00f3n; y a Prodigioso Volc\u00e1n en Compromiso frente a la Desinformaci\u00f3n. Adem\u00e1s, se entregar\u00e1 un Premio Especial a la trayectoria profesional, que se conocer\u00e1 en enero de 2026.<\/p>\n<p><strong>Aletxu Echevarr\u00eda Estivariz<\/strong>, presidente de la Fundaci\u00f3n Comunicando Futuro, destac\u00f3 la importancia de estos premios, que buscan reforzar una sociedad mejor informada. Subray\u00f3 que los galardonados representan ejemplos reales que afrontan la desinformaci\u00f3n desde \u00e1ngulos diversos, siempre con una visi\u00f3n constructiva.<\/p>\n<p>La ceremonia de entrega se celebrar\u00e1 el 19 de febrero de 2026, coincidiendo con el aniversario del fallecimiento de <strong>Alejandro Echevarr\u00eda Busquet<\/strong>.<\/p>\n<h2>Un jurado respetable y una selecci\u00f3n exhaustiva<\/h2>\n<p>El proceso para seleccionar los Premios Alejandro Echevarr\u00eda en esta cuarta edici\u00f3n ha sido especialmente riguroso. De las ciento nueve candidaturas presentadas, el jurado liderado por el periodista <strong>Carles Francino<\/strong> evalu\u00f3 sesenta y ocho propuestas, eligiendo finalmente cinco ganadores entre diecis\u00e9is finalistas. Provacuno compiti\u00f3 con otras iniciativas relevantes tanto a nivel nacional como internacional dentro de su categor\u00eda, lo que subraya a\u00fan m\u00e1s la relevancia del reconocimiento.<\/p>\n<p>Este a\u00f1o ha marcado un hito importante respecto a la percepci\u00f3n sobre la necesidad de combatir la desinformaci\u00f3n. La Fundaci\u00f3n Comunicando Futuro ha notado un aumento del cuarenta por ciento en las candidaturas respecto a ediciones anteriores. <strong>Echevarr\u00eda Estivariz <\/strong>coment\u00f3 que este crecimiento refleja claramente el inter\u00e9s creciente entre diferentes actores sociales por frenar la expansi\u00f3n del fen\u00f3meno informativo err\u00f3neo, que afecta \u00e1reas tan diversas como salud, ciencia, econom\u00eda y democracia.<\/p>\n<h2>La gala programada para febrero y el legado de Alejandro Echevarr\u00eda<\/h2>\n<p>La ceremonia para entregar estos premios est\u00e1 fijada para el diecinueve de febrero de dos mil veintis\u00e9is, coincidiendo simb\u00f3licamente con el aniversario del fallecimiento de <strong>Alejandro Echevarr\u00eda Busquet<\/strong>, figura inspiradora detr\u00e1s de esta iniciativa. Este detalle no es casualidad; La Fundaci\u00f3n Comunicando Futuro desea vincular los reconocimientos a quienes luchan contra la desinformaci\u00f3n con la memoria de alguien que dedic\u00f3 su vida a promover informaci\u00f3n veraz.<\/p>\n<p>El evento se presenta como un acontecimiento relevante dentro del calendario comunicativo espa\u00f1ol, donde se reafirmar\u00e1 el compromiso colectivo hacia una sociedad mejor informada. La participaci\u00f3n de representantes del mundo medi\u00e1tico, expertos educativos, profesionales tecnol\u00f3gicos y l\u00edderes empresariales demuestra que enfrentar los bulos es una tarea transversal que necesita alianzas genuinas entre diversos sectores.<\/p>\n<\/div>\n<p> Source URL: https:\/\/www.periodistadigital.com\/periodismo\/periodismo-online\/20251202\/provacuno-alza-desinformacion-campo-espanol-galardonados-premio-alejandro-echevarria-fundacion-comunicando-futuro-noticia-689405159497\/<\/p>\n","protected":false},"excerpt":{"rendered":"<p>M\u00e1s informaci\u00f3n Fundaci\u00f3n Comunicando Futuro premia la lucha contra la desinformaci\u00f3n Provacuno y Apaq-W muestran el compromiso del sector con el objetivo Carbono Neutral 2050 en Bruselas La Organizaci\u00f3n Interprofesional de la Carne de Vacuno (Provacuno) ha recibido el Premio Alejandro Echevarr\u00eda a la Lucha contra la Desinformaci\u00f3n Sectorial en la cuarta edici\u00f3n de los [&hellip;]<\/p>\n","protected":false},"author":1,"featured_media":822106,"comment_status":"open","ping_status":"","sticky":false,"template":"","format":"standard","meta":{"footnotes":""},"categories":[88],"tags":[112],"class_list":["post-822105","post","type-post","status-publish","format-standard","has-post-thumbnail","hentry","category-spain","tag-periodistadigital-com"],"_links":{"self":[{"href":"https:\/\/analyse.optim.biz\/index.php?rest_route=\/wp\/v2\/posts\/822105","targetHints":{"allow":["GET"]}}],"collection":[{"href":"https:\/\/analyse.optim.biz\/index.php?rest_route=\/wp\/v2\/posts"}],"about":[{"href":"https:\/\/analyse.optim.biz\/index.php?rest_route=\/wp\/v2\/types\/post"}],"author":[{"embeddable":true,"href":"https:\/\/analyse.optim.biz\/index.php?rest_route=\/wp\/v2\/users\/1"}],"replies":[{"embeddable":true,"href":"https:\/\/analyse.optim.biz\/index.php?rest_route=%2Fwp%2Fv2%2Fcomments&post=822105"}],"version-history":[{"count":0,"href":"https:\/\/analyse.optim.biz\/index.php?rest_route=\/wp\/v2\/posts\/822105\/revisions"}],"wp:featuredmedia":[{"embeddable":true,"href":"https:\/\/analyse.optim.biz\/index.php?rest_route=\/wp\/v2\/media\/822106"}],"wp:attachment":[{"href":"https:\/\/analyse.optim.biz\/index.php?rest_route=%2Fwp%2Fv2%2Fmedia&parent=822105"}],"wp:term":[{"taxonomy":"category","embeddable":true,"href":"https:\/\/analyse.optim.biz\/index.php?rest_route=%2Fwp%2Fv2%2Fcategories&post=822105"},{"taxonomy":"post_tag","embeddable":true,"href":"https:\/\/analyse.optim.biz\/index.php?rest_route=%2Fwp%2Fv2%2Ftags&post=822105"}],"curies":[{"name":"wp","href":"https:\/\/api.w.org\/{rel}","templated":true}]}}