{"id":822095,"date":"2025-12-02T00:00:00","date_gmt":"2025-12-01T21:00:00","guid":{"rendered":"https:\/\/analyse.optim.biz\/?p=822095"},"modified":"2025-12-02T00:00:00","modified_gmt":"2025-12-01T21:00:00","slug":"nunez-feijoo-arremete-con-todo-contra-el-exasesor-de-pedro-sanchez-y-retrata-la-hipocresia-del-psoe-paco-salazar-es-un-guarro-periodista-digital","status":"publish","type":"post","link":"https:\/\/analyse.optim.biz\/?p=822095","title":{"rendered":"N\u00fa\u00f1ez Feij\u00f3o arremete con todo contra el exasesor de Pedro S\u00e1nchez y retrata la hipocres\u00eda del PSOE: \u201cPaco Salazar es un guarro\u201d &#8211; Periodista Digital"},"content":{"rendered":"<div class=\"m4p-post-content\">\n<div class=\"block-vertical-align-right\">\n<div class=\"m4p-relations-group\">\n<div class=\"m4p-group-vertical-title\">\n<h2>M\u00e1s informaci\u00f3n<\/h2>\n<\/div>\n<div class=\"m4p-summary-news\">\n<figure class=\"m4p-image m4p-crop-medium-1\"><a href=\"https:\/\/www.periodistadigital.com\/politica\/partidos-politicos\/20251202\/ana-vazquez-pp-manda-lona-margarita-robles-ume-llego-14-jabalies-229-personas-muertas-noticia-689405159419\/\"><img loading=\"lazy\" decoding=\"async\" src=\"https:\/\/analyse.optim.biz\/wp-content\/uploads\/2025\/12\/margaritaroblesanavazquez-320x214-1.jpg\" width=\"320\" height=\"214\" alt=\"Margarita Robles y Ana V\u00e1zquez.\" title=\"margaritaroblesanavazquez-320x214-1\"><\/a><\/figure>\n<div class=\"m4p-summary-news-title\">\n<h3><a href=\"https:\/\/www.periodistadigital.com\/politica\/partidos-politicos\/20251202\/ana-vazquez-pp-manda-lona-margarita-robles-ume-llego-14-jabalies-229-personas-muertas-noticia-689405159419\/\">Ana V\u00e1zquez (PP) manda a la lona a Margarita Robles: &#8220;La UME lleg\u00f3 antes por 14 jabal\u00edes que por 229 personas muertas&#8221;<\/a><\/h3>\n<\/div>\n<\/div>\n<\/div>\n<\/div>\n<p><span class=\"m4p-capitular\">C<\/span>ontundente.<\/p>\n<p><strong>Alberto N\u00fa\u00f1ez Feij\u00f3o<\/strong> ha llevado a cabo este martes una de sus intervenciones m\u00e1s duras contra el Gobierno y el PSOE, en un desayuno informativo organizado por La Raz\u00f3n. Junto al presidente de Castilla y Le\u00f3n, <strong>Alfonso Fern\u00e1ndez Ma\u00f1ueco<\/strong>, el l\u00edder del Partido Popular no dud\u00f3 en calificar a <strong>Paco Salazar<\/strong>, exasesor de <strong>Pedro S\u00e1nchez<\/strong> en Moncloa, con rotundidad:<\/p>\n<p>\u00abSi lo que dicen los medios es cierto, es evidente que el se\u00f1or Salazar es un guarro, y un guarro no puede ser asesor de cabecera del presidente del Gobierno\u00bb.<\/p>\n<p>La declaraci\u00f3n de Feij\u00f3o se produce justo despu\u00e9s de que <em>elDiario.es<\/em> revelara detalles sobre dos denuncias formales presentadas en el canal interno del PSOE contra Salazar, quien desempe\u00f1aba el cargo de <strong>secretario general de Coordinaci\u00f3n Institucional<\/strong>. Las acusaciones, que datan de julio y agosto pasados, describen un patr\u00f3n sistem\u00e1tico de acoso sexual, comentarios inapropiados y actitudes denigrantes hacia mujeres j\u00f3venes bajo su supervisi\u00f3n. El l\u00edder popular ha encontrado en estas revelaciones la oportunidad ideal para criticar la gesti\u00f3n del Ejecutivo socialista y cuestionar la coherencia del discurso progresista del PSOE.<\/p>\n<h2>Los pormenores que incomodan<\/h2>\n<p>La gravedad del caso radica en la naturaleza de los comportamientos se\u00f1alados en las denuncias. Una de las empleadas que trabaj\u00f3 directamente con Salazar relata que el ambiente laboral era \u00abirrespirable\u00bb y que su actitud \u00abdestilaba misoginia y baboseo en cada comentario disfrazado de broma\u00bb. Los testimonios documentan un patr\u00f3n que va m\u00e1s all\u00e1 de simples comentarios inadecuados: Salazar sal\u00eda del ba\u00f1o sin abrocharse completamente la cremallera, hac\u00eda alusiones sobre la vida sexual de sus subordinadas, solicitaba que le mostraran el escote y realizaba observaciones sobre sus cuerpos y vestimenta. Cuando alguna empleada mostraba descontento, preguntaba p\u00fablicamente si hab\u00eda dormido mal por tener relaciones sexuales.<\/p>\n<p>Lo m\u00e1s perturbador es que estas conductas parec\u00edan dirigidas exclusivamente a las mujeres. Los hombres bajo su mando recib\u00edan advertencias claras sobre no acercarse a \u00ablas ni\u00f1as de Paco\u00bb, una expresi\u00f3n que evidenciaba la percepci\u00f3n posesiva que Salazar ten\u00eda sobre sus subordinadas femeninas. Una denunciantes relata c\u00f3mo Salazar exhib\u00eda a las mujeres de su equipo ante altos cargos visitantes como si se tratara de una demostraci\u00f3n de poder. Todo esto lo presentaba como \u00abbromas\u00bb, una justificaci\u00f3n que muchas v\u00edctimas utilizan para normalizar conductas que son profundamente traum\u00e1ticas.<\/p>\n<p>El esc\u00e1ndalo adquiere dimensiones a\u00fan m\u00e1s preocupantes al examinar lo ocurrido tras la presentaci\u00f3n formal de estas denuncias. Ambas mujeres acudieron al canal habilitado por el PSOE entre julio y agosto, confiando en que su partido actuar\u00eda con seriedad. Sin embargo, durante cinco meses no obtuvieron respuesta alguna desde Ferraz, sede del partido. A\u00fan m\u00e1s alarmante fue descubrir que sus denuncias hab\u00edan desaparecido del sistema inform\u00e1tico dise\u00f1ado para protegerlas. Tras ser confrontado por <em>elDiario.es<\/em>, el PSOE admiti\u00f3 haber experimentado \u00abuna interrupci\u00f3n moment\u00e1nea\u00bb del acceso; una expresi\u00f3n eufem\u00edstica que oculta una realidad mucho m\u00e1s inc\u00f3moda: las denuncias se borraron.<\/p>\n<p>Esta desaparici\u00f3n ha encendido la ira de Feij\u00f3o. El l\u00edder popular ha destacado la contradicci\u00f3n entre lo que proclama p\u00fablicamente el PSOE sobre igualdad y lo que sucede tras bambalinas. El 25 de noviembre pasado, el partido lanz\u00f3 la campa\u00f1a \u00abCalladita no est\u00e1s m\u00e1s guapa\u00bb por motivo del D\u00eda Internacional para la Eliminaci\u00f3n de la Violencia contra la Mujer. Apenas una semana despu\u00e9s, mientras Feij\u00f3o emit\u00eda sus declaraciones, se revelaba que ese mismo partido hab\u00eda silenciado denuncias por acoso sexual dentro de sus filas. \u00abEscriben en las pancartas \u2018Calladita no est\u00e1s m\u00e1s guapa\u2019 y luego silencian supuestos acosos sexuales dentro del partido\u00bb, critic\u00f3 Feij\u00f3o con una iron\u00eda evidente.<\/p>\n<h2>Dardo a S\u00e1nchez<\/h2>\n<p>Pero Feij\u00f3o no se limit\u00f3 a criticar a Salazar; utiliz\u00f3 este caso para cuestionar lo que considera un patr\u00f3n en la gesti\u00f3n del presidente S\u00e1nchez. Recordando el caso de <strong>Jos\u00e9 Luis \u00c1balos<\/strong>, exministro bajo investigaci\u00f3n por presuntos delitos relacionados con corrupci\u00f3n, argumenta que S\u00e1nchez siempre necesita tener cerca a alguien con antecedentes problem\u00e1ticos: \u00abEl se\u00f1or S\u00e1nchez siempre necesita un delincuente cercano para gobernar\u00bb. Esta acusaci\u00f3n es seria; implica que S\u00e1nchez rodea su gesti\u00f3n con personas cuyo comportamiento cuestionable o il\u00edcito le permite mantener control.<\/p>\n<p>Este argumento tiene un objetivo pol\u00edtico claro: erosionar la credibilidad presidencial no solo respecto a este caso concreto sino tambi\u00e9n en t\u00e9rminos generales. Al vincular a Salazar con \u00c1balos, intenta construir una narrativa donde el presidente aparece como alguien tolerante con personas problem\u00e1ticas o incluso dependiente de ellas para ejercer su autoridad. \u00abEn definitiva, ya no hay ninguna credibilidad en el se\u00f1or S\u00e1nchez\u00bb, sentenci\u00f3 Feij\u00f3o.<\/p>\n<blockquote class=\"twitter-tweet\" data-width=\"500\" data-dnt=\"true\">\n<p lang=\"es\" dir=\"ltr\">Escriben en las pancartas &quot;calladita no est\u00e1s m\u00e1s guapa&quot; y luego silencian supuestos acosos sexuales en sus filas, o cierran sin investigar los fallos de las pulseras anti-maltrato defectuosas. <a href=\"https:\/\/t.co\/hmdcpiDXVS\">pic.twitter.com\/hmdcpiDXVS<\/a><\/p>\n<p>&mdash; Alberto N\u00fa\u00f1ez Feij\u00f3o (@NunezFeijoo) <a href=\"https:\/\/twitter.com\/NunezFeijoo\/status\/1995492021239464238?ref_src=twsrc%5Etfw\">December 1, 2025<\/a><\/p><\/blockquote>\n<p><script async src=\"https:\/\/platform.twitter.com\/widgets.js\" charset=\"utf-8\"><\/script><\/div>\n<p> Source URL: https:\/\/www.periodistadigital.com\/politica\/partidos-politicos\/20251202\/feijoo-arremete-exasesor-pedro-sanchez-retrata-hipocresia-psoe-paco-salazar-guarro-noticia-689405159524\/<\/p>\n","protected":false},"excerpt":{"rendered":"<p>M\u00e1s informaci\u00f3n Ana V\u00e1zquez (PP) manda a la lona a Margarita Robles: &#8220;La UME lleg\u00f3 antes por 14 jabal\u00edes que por 229 personas muertas&#8221; Contundente. Alberto N\u00fa\u00f1ez Feij\u00f3o ha llevado a cabo este martes una de sus intervenciones m\u00e1s duras contra el Gobierno y el PSOE, en un desayuno informativo organizado por La Raz\u00f3n. Junto [&hellip;]<\/p>\n","protected":false},"author":1,"featured_media":822096,"comment_status":"open","ping_status":"","sticky":false,"template":"","format":"standard","meta":{"footnotes":""},"categories":[88],"tags":[112],"class_list":["post-822095","post","type-post","status-publish","format-standard","has-post-thumbnail","hentry","category-spain","tag-periodistadigital-com"],"_links":{"self":[{"href":"https:\/\/analyse.optim.biz\/index.php?rest_route=\/wp\/v2\/posts\/822095","targetHints":{"allow":["GET"]}}],"collection":[{"href":"https:\/\/analyse.optim.biz\/index.php?rest_route=\/wp\/v2\/posts"}],"about":[{"href":"https:\/\/analyse.optim.biz\/index.php?rest_route=\/wp\/v2\/types\/post"}],"author":[{"embeddable":true,"href":"https:\/\/analyse.optim.biz\/index.php?rest_route=\/wp\/v2\/users\/1"}],"replies":[{"embeddable":true,"href":"https:\/\/analyse.optim.biz\/index.php?rest_route=%2Fwp%2Fv2%2Fcomments&post=822095"}],"version-history":[{"count":0,"href":"https:\/\/analyse.optim.biz\/index.php?rest_route=\/wp\/v2\/posts\/822095\/revisions"}],"wp:featuredmedia":[{"embeddable":true,"href":"https:\/\/analyse.optim.biz\/index.php?rest_route=\/wp\/v2\/media\/822096"}],"wp:attachment":[{"href":"https:\/\/analyse.optim.biz\/index.php?rest_route=%2Fwp%2Fv2%2Fmedia&parent=822095"}],"wp:term":[{"taxonomy":"category","embeddable":true,"href":"https:\/\/analyse.optim.biz\/index.php?rest_route=%2Fwp%2Fv2%2Fcategories&post=822095"},{"taxonomy":"post_tag","embeddable":true,"href":"https:\/\/analyse.optim.biz\/index.php?rest_route=%2Fwp%2Fv2%2Ftags&post=822095"}],"curies":[{"name":"wp","href":"https:\/\/api.w.org\/{rel}","templated":true}]}}